{"id":1060,"date":"2020-11-07T18:50:54","date_gmt":"2020-11-07T17:50:54","guid":{"rendered":"http:\/\/www.lefieu.fr\/?p=1060"},"modified":"2020-11-12T14:37:00","modified_gmt":"2020-11-12T13:37:00","slug":"ceremonie-du-11-novembre","status":"publish","type":"post","link":"https:\/\/www.lefieu.fr\/index.php\/2020\/11\/07\/ceremonie-du-11-novembre\/","title":{"rendered":"C\u00e9r\u00e9monie du 11 novembre"},"content":{"rendered":"\n<div class=\"wp-block-image\"><figure class=\"aligncenter size-large is-resized\"><img loading=\"lazy\" decoding=\"async\" src=\"http:\/\/www.lefieu.fr\/wp-content\/uploads\/2020\/11\/11-novembre.jpg\" alt=\"\" class=\"wp-image-1065\" width=\"239\" height=\"173\"\/><\/figure><\/div>\n\n\n\n<p>Pour la journ\u00e9e nationale du 11 novembre 2020 relative \u00e0 la comm\u00e9moration de la Victoire et de la Paix et d\u2019Hommage \u00e0 tous les morts pour la France, et compte tenu de la situation exceptionnelle li\u00e9e \u00e0 l&#8217;\u00e9tat d&#8217;urgence sanitaire et aux mesures de confinement, la c\u00e9r\u00e9monie aura lieu <span style=\"text-decoration: underline;\">sans public<\/span> mercredi prochain \u00e0 11 h devant le monument aux morts.<\/p>\n\n\n\n<p>Toutefois, le Pr\u00e9sident de la R\u00e9publique propose aux Fran\u00e7aises et aux Fran\u00e7ais qui le souhaitent de marquer leur hommage \u00e0 l\u2019\u00e9gard de tous ceux qui ont donn\u00e9 leur vie pour notre pays en portant le bleuet de France \u00e0 la boutonni\u00e8re et d\u2019aider cette \u0153uvre par un don en ligne en se connectant \u00e0 l\u2019adresse suivante&nbsp;:&nbsp;<a rel=\"noreferrer noopener\" href=\"https:\/\/www.onac-vg.fr\/nos-projets\/donnez-pour-les-blesses-de-guerre-et-les-victimes-acte-de-terrorisme\" target=\"_blank\">www.onac-vg.fr\/nos-projets\/donnez-pour-les-blesses-de-guerre-et-les-victimes-acte-de-terrorisme<\/a><\/p>\n","protected":false},"excerpt":{"rendered":"<p>Pour la journ\u00e9e nationale du 11 novembre 2020 relative \u00e0 la comm\u00e9moration de la Victoire et de la Paix et d\u2019Hommage \u00e0 tous les morts pour la France, et compte tenu de la situation exceptionnelle li\u00e9e \u00e0 l&#8217;\u00e9tat d&#8217;urgence sanitaire et aux mesures de confinement, la c\u00e9r\u00e9monie aura lieu sans [&hellip;]<\/p>\n","protected":false},"author":1,"featured_media":1065,"comment_status":"closed","ping_status":"closed","sticky":false,"template":"","format":"standard","meta":{"_s2mail":"","_themeisle_gutenberg_block_has_review":false,"footnotes":""},"categories":[3,6,12],"tags":[],"class_list":["post-1060","post","type-post","status-publish","format-standard","has-post-thumbnail","hentry","category-ceremonie","category-informations","category-municipalite"],"_links":{"self":[{"href":"https:\/\/www.lefieu.fr\/index.php\/wp-json\/wp\/v2\/posts\/1060","targetHints":{"allow":["GET"]}}],"collection":[{"href":"https:\/\/www.lefieu.fr\/index.php\/wp-json\/wp\/v2\/posts"}],"about":[{"href":"https:\/\/www.lefieu.fr\/index.php\/wp-json\/wp\/v2\/types\/post"}],"author":[{"embeddable":true,"href":"https:\/\/www.lefieu.fr\/index.php\/wp-json\/wp\/v2\/users\/1"}],"replies":[{"embeddable":true,"href":"https:\/\/www.lefieu.fr\/index.php\/wp-json\/wp\/v2\/comments?post=1060"}],"version-history":[{"count":3,"href":"https:\/\/www.lefieu.fr\/index.php\/wp-json\/wp\/v2\/posts\/1060\/revisions"}],"predecessor-version":[{"id":1075,"href":"https:\/\/www.lefieu.fr\/index.php\/wp-json\/wp\/v2\/posts\/1060\/revisions\/1075"}],"wp:featuredmedia":[{"embeddable":true,"href":"https:\/\/www.lefieu.fr\/index.php\/wp-json\/wp\/v2\/media\/1065"}],"wp:attachment":[{"href":"https:\/\/www.lefieu.fr\/index.php\/wp-json\/wp\/v2\/media?parent=1060"}],"wp:term":[{"taxonomy":"category","embeddable":true,"href":"https:\/\/www.lefieu.fr\/index.php\/wp-json\/wp\/v2\/categories?post=1060"},{"taxonomy":"post_tag","embeddable":true,"href":"https:\/\/www.lefieu.fr\/index.php\/wp-json\/wp\/v2\/tags?post=1060"}],"curies":[{"name":"wp","href":"https:\/\/api.w.org\/{rel}","templated":true}]}}