{"id":1174,"date":"2020-12-15T08:03:44","date_gmt":"2020-12-15T07:03:44","guid":{"rendered":"https:\/\/www.lefieu.fr\/?p=1174"},"modified":"2020-12-15T08:54:02","modified_gmt":"2020-12-15T07:54:02","slug":"le-pere-noel-etait-a-le-fieu","status":"publish","type":"post","link":"https:\/\/www.lefieu.fr\/index.php\/2020\/12\/15\/le-pere-noel-etait-a-le-fieu\/","title":{"rendered":"Le P\u00e8re No\u00ebl \u00e9tait \u00e0 Le Fieu"},"content":{"rendered":"\n<p><strong>Dimanche 13 d\u00e9cembre<\/strong>, le P\u00e8re No\u00ebl \u00e9tait l\u2019invit\u00e9 de la municipalit\u00e9 de Le Fieu pour un \u00ab\u00a0<strong>No\u00ebl des enfants\u00a0<\/strong>\u00bb tr\u00e8s innovant. Dans un contexte tr\u00e8s particulier insuffl\u00e9 par la lutte contre la pand\u00e9mie du moment, et avec peu d\u2019avance sur le jour de No\u00ebl, le vieil homme a accueilli les familles f\u00e9odiennes et leurs jeunes enfants.<\/p>\n\n\n\n<p>L\u2019application des gestes barri\u00e8res effectu\u00e9e, il \u00e9tait propos\u00e9 aux enfants d\u2019\u00e9couter un conte de No\u00ebl choisi en fonction de l\u2019\u00e2ge des petits auditeurs. Ensuite, le grand moment \u00e9tait la rencontre avec le P\u00e8re No\u00ebl que les enfants d\u00e9couvraient avec des yeux \u00e9merveill\u00e9s. Dans une salle de la mairie enti\u00e8rement d\u00e9cor\u00e9e par des guirlandes multicolores et un magnifique sapin en bois recycl\u00e9, le P\u00e8re No\u00ebl discutait avec les enfants stup\u00e9faits d\u2019approcher celui qui fait r\u00eaver depuis la nuit des temps et qui leur remettait un cadeau et du chocolat.<\/p>\n\n\n\n<p>Chacune leur tour, les familles ont pu appr\u00e9cier ce moment privil\u00e9gi\u00e9 avec le P\u00e8re No\u00ebl, moment au cours duquel des photos* ont pu \u00eatre prises dans des d\u00e9cors somptueux cr\u00e9\u00e9s et pr\u00e9sent\u00e9s par une \u00e9quipe de b\u00e9n\u00e9voles venue apporter son aide aux \u00e9lus de la commission sociale de la commune de Le Fieu.<\/p>\n\n\n\n<p>Au cours de la journ\u00e9e, c\u2019est plus d\u2019une quarantaine de famille qui est venue rencontrer l\u2019illustre personnage et faire r\u00eaver leurs enfants.<\/p>\n\n\n\n<p>Avec ce contexte si particulier de lutte contre la Covid-19, organiser une telle journ\u00e9e pour accueillir le P\u00e8re No\u00ebl et les familles dans des conditions s\u00e9curitaires \u00e9tait une prouesse que la commission d\u2019\u00e9lus et de b\u00e9n\u00e9voles de Le Fieu ont su mener \u00e0 bien pour entretenir le r\u00eave de nos petits F\u00e9odiens.<\/p>\n\n\n\n<p>Le Maire et la Municipalit\u00e9 remercient les b\u00e9n\u00e9voles Aurore, C\u00e9line, Virginie, Laurent et Micka\u00ebl ainsi que les \u00e9lus Laurie, Mariette, Sandra et Alain pour l\u2019ensemble du travail accompli.<\/p>\n\n\n\n<p>Il est \u00e9galement rappel\u00e9 aux F\u00e9odiens, et aux habitants des communes avoisinantes que la commune de Le Fieu a mis \u00e0 la disposition des enfants un <strong>bo\u00eete aux lettres sp\u00e9ciale pour le P\u00e8re No\u00ebl<\/strong> situ\u00e9e \u00e0 cot\u00e9 de l&#8217;\u00e9picerie.<\/p>\n\n\n\n<p><em>(*) Les photos prises avec les enfants \u00e0 l&#8217;occasion de cette journ\u00e9e peuvent \u00eatre r\u00e9cup\u00e9r\u00e9es aupr\u00e8s de Laurie Merlin via \u00ab\u00a0Messenger\u00a0\u00bb<\/em>.<\/p>\n\n\n\n<div class=\"wp-block-image\"><figure class=\"aligncenter size-large is-resized\"><img loading=\"lazy\" decoding=\"async\" src=\"https:\/\/www.lefieu.fr\/wp-content\/uploads\/2020\/12\/noel-5-768x1024.jpeg\" alt=\"\" class=\"wp-image-1181\" width=\"395\" height=\"526\" srcset=\"https:\/\/www.lefieu.fr\/wp-content\/uploads\/2020\/12\/noel-5-768x1024.jpeg 768w, https:\/\/www.lefieu.fr\/wp-content\/uploads\/2020\/12\/noel-5-225x300.jpeg 225w, https:\/\/www.lefieu.fr\/wp-content\/uploads\/2020\/12\/noel-5-1152x1536.jpeg 1152w, https:\/\/www.lefieu.fr\/wp-content\/uploads\/2020\/12\/noel-5-1536x2048.jpeg 1536w, https:\/\/www.lefieu.fr\/wp-content\/uploads\/2020\/12\/noel-5-scaled.jpeg 1920w\" sizes=\"auto, (max-width: 395px) 100vw, 395px\" \/><\/figure><\/div>\n\n\n\n<div class=\"wp-block-image\"><figure class=\"aligncenter size-large is-resized\"><img loading=\"lazy\" decoding=\"async\" src=\"https:\/\/www.lefieu.fr\/wp-content\/uploads\/2020\/12\/noel-1-1024x768.jpeg\" alt=\"\" class=\"wp-image-1175\" width=\"400\" height=\"300\" srcset=\"https:\/\/www.lefieu.fr\/wp-content\/uploads\/2020\/12\/noel-1-1024x768.jpeg 1024w, https:\/\/www.lefieu.fr\/wp-content\/uploads\/2020\/12\/noel-1-300x225.jpeg 300w, https:\/\/www.lefieu.fr\/wp-content\/uploads\/2020\/12\/noel-1-768x576.jpeg 768w, https:\/\/www.lefieu.fr\/wp-content\/uploads\/2020\/12\/noel-1-1536x1152.jpeg 1536w, https:\/\/www.lefieu.fr\/wp-content\/uploads\/2020\/12\/noel-1-2048x1536.jpeg 2048w\" sizes=\"auto, (max-width: 400px) 100vw, 400px\" \/><\/figure><\/div>\n\n\n\n<div class=\"wp-block-image\"><figure class=\"aligncenter size-large is-resized\"><img loading=\"lazy\" decoding=\"async\" src=\"https:\/\/www.lefieu.fr\/wp-content\/uploads\/2020\/12\/noel-2-1024x768.jpeg\" alt=\"\" class=\"wp-image-1176\" width=\"405\" height=\"304\" srcset=\"https:\/\/www.lefieu.fr\/wp-content\/uploads\/2020\/12\/noel-2-1024x768.jpeg 1024w, https:\/\/www.lefieu.fr\/wp-content\/uploads\/2020\/12\/noel-2-300x225.jpeg 300w, https:\/\/www.lefieu.fr\/wp-content\/uploads\/2020\/12\/noel-2-768x576.jpeg 768w, https:\/\/www.lefieu.fr\/wp-content\/uploads\/2020\/12\/noel-2-1536x1152.jpeg 1536w, https:\/\/www.lefieu.fr\/wp-content\/uploads\/2020\/12\/noel-2-2048x1536.jpeg 2048w\" sizes=\"auto, (max-width: 405px) 100vw, 405px\" \/><figcaption> <\/figcaption><\/figure><\/div>\n\n\n\n<div class=\"wp-block-image\"><figure class=\"aligncenter size-large is-resized\"><img loading=\"lazy\" decoding=\"async\" src=\"https:\/\/www.lefieu.fr\/wp-content\/uploads\/2020\/12\/noel-8-1024x768.jpeg\" alt=\"\" class=\"wp-image-1177\" width=\"408\" height=\"306\" srcset=\"https:\/\/www.lefieu.fr\/wp-content\/uploads\/2020\/12\/noel-8-1024x768.jpeg 1024w, https:\/\/www.lefieu.fr\/wp-content\/uploads\/2020\/12\/noel-8-300x225.jpeg 300w, https:\/\/www.lefieu.fr\/wp-content\/uploads\/2020\/12\/noel-8-768x576.jpeg 768w, https:\/\/www.lefieu.fr\/wp-content\/uploads\/2020\/12\/noel-8-1536x1152.jpeg 1536w, https:\/\/www.lefieu.fr\/wp-content\/uploads\/2020\/12\/noel-8-2048x1536.jpeg 2048w\" sizes=\"auto, (max-width: 408px) 100vw, 408px\" \/><figcaption>Le r\u00e9cit d&#8217;un conte de No\u00ebl<\/figcaption><\/figure><\/div>\n\n\n\n<div class=\"wp-block-image\"><figure class=\"aligncenter size-large is-resized\"><img loading=\"lazy\" decoding=\"async\" src=\"https:\/\/www.lefieu.fr\/wp-content\/uploads\/2020\/12\/noel-9-1024x768.jpeg\" alt=\"\" class=\"wp-image-1178\" width=\"410\" height=\"308\" srcset=\"https:\/\/www.lefieu.fr\/wp-content\/uploads\/2020\/12\/noel-9-1024x768.jpeg 1024w, https:\/\/www.lefieu.fr\/wp-content\/uploads\/2020\/12\/noel-9-300x225.jpeg 300w, https:\/\/www.lefieu.fr\/wp-content\/uploads\/2020\/12\/noel-9-768x576.jpeg 768w, https:\/\/www.lefieu.fr\/wp-content\/uploads\/2020\/12\/noel-9-1536x1152.jpeg 1536w, https:\/\/www.lefieu.fr\/wp-content\/uploads\/2020\/12\/noel-9-2048x1536.jpeg 2048w\" sizes=\"auto, (max-width: 410px) 100vw, 410px\" \/><figcaption>Les d\u00e9cors de petits lutins<\/figcaption><\/figure><\/div>\n\n\n\n<div class=\"wp-block-image\"><figure class=\"aligncenter size-large is-resized\"><img loading=\"lazy\" decoding=\"async\" src=\"https:\/\/www.lefieu.fr\/wp-content\/uploads\/2020\/12\/noel-4-768x1024.jpeg\" alt=\"\" class=\"wp-image-1179\" width=\"408\" height=\"544\" srcset=\"https:\/\/www.lefieu.fr\/wp-content\/uploads\/2020\/12\/noel-4-768x1024.jpeg 768w, https:\/\/www.lefieu.fr\/wp-content\/uploads\/2020\/12\/noel-4-225x300.jpeg 225w, https:\/\/www.lefieu.fr\/wp-content\/uploads\/2020\/12\/noel-4-1152x1536.jpeg 1152w, https:\/\/www.lefieu.fr\/wp-content\/uploads\/2020\/12\/noel-4-1536x2048.jpeg 1536w, https:\/\/www.lefieu.fr\/wp-content\/uploads\/2020\/12\/noel-4-scaled.jpeg 1920w\" sizes=\"auto, (max-width: 408px) 100vw, 408px\" \/><figcaption>Le P\u00e8re No\u00ebl vient d&#8217;arriver et d\u00e9couvre le d\u00e9cors<\/figcaption><\/figure><\/div>\n\n\n\n<div class=\"wp-block-image\"><figure class=\"aligncenter size-large is-resized\"><img loading=\"lazy\" decoding=\"async\" src=\"https:\/\/www.lefieu.fr\/wp-content\/uploads\/2020\/12\/noel-7-1024x769.jpeg\" alt=\"\" class=\"wp-image-1180\" width=\"411\" height=\"308\" srcset=\"https:\/\/www.lefieu.fr\/wp-content\/uploads\/2020\/12\/noel-7-1024x769.jpeg 1024w, https:\/\/www.lefieu.fr\/wp-content\/uploads\/2020\/12\/noel-7-300x225.jpeg 300w, https:\/\/www.lefieu.fr\/wp-content\/uploads\/2020\/12\/noel-7-768x577.jpeg 768w, https:\/\/www.lefieu.fr\/wp-content\/uploads\/2020\/12\/noel-7-1536x1154.jpeg 1536w, https:\/\/www.lefieu.fr\/wp-content\/uploads\/2020\/12\/noel-7-2048x1539.jpeg 2048w\" sizes=\"auto, (max-width: 411px) 100vw, 411px\" \/><figcaption>L&#8217;\u00e9quipe organisatrice<\/figcaption><\/figure><\/div>\n","protected":false},"excerpt":{"rendered":"<p>Dimanche 13 d\u00e9cembre, le P\u00e8re No\u00ebl \u00e9tait l\u2019invit\u00e9 de la municipalit\u00e9 de Le Fieu pour un \u00ab\u00a0No\u00ebl des enfants\u00a0\u00bb tr\u00e8s innovant. Dans un contexte tr\u00e8s particulier insuffl\u00e9 par la lutte contre la pand\u00e9mie du moment, et avec peu d\u2019avance sur le jour de No\u00ebl, le vieil homme a accueilli les [&hellip;]<\/p>\n","protected":false},"author":1,"featured_media":1161,"comment_status":"closed","ping_status":"closed","sticky":false,"template":"","format":"standard","meta":{"_s2mail":"yes","_themeisle_gutenberg_block_has_review":false,"footnotes":""},"categories":[3,12],"tags":[],"class_list":["post-1174","post","type-post","status-publish","format-standard","has-post-thumbnail","hentry","category-ceremonie","category-municipalite"],"_links":{"self":[{"href":"https:\/\/www.lefieu.fr\/index.php\/wp-json\/wp\/v2\/posts\/1174","targetHints":{"allow":["GET"]}}],"collection":[{"href":"https:\/\/www.lefieu.fr\/index.php\/wp-json\/wp\/v2\/posts"}],"about":[{"href":"https:\/\/www.lefieu.fr\/index.php\/wp-json\/wp\/v2\/types\/post"}],"author":[{"embeddable":true,"href":"https:\/\/www.lefieu.fr\/index.php\/wp-json\/wp\/v2\/users\/1"}],"replies":[{"embeddable":true,"href":"https:\/\/www.lefieu.fr\/index.php\/wp-json\/wp\/v2\/comments?post=1174"}],"version-history":[{"count":7,"href":"https:\/\/www.lefieu.fr\/index.php\/wp-json\/wp\/v2\/posts\/1174\/revisions"}],"predecessor-version":[{"id":1194,"href":"https:\/\/www.lefieu.fr\/index.php\/wp-json\/wp\/v2\/posts\/1174\/revisions\/1194"}],"wp:featuredmedia":[{"embeddable":true,"href":"https:\/\/www.lefieu.fr\/index.php\/wp-json\/wp\/v2\/media\/1161"}],"wp:attachment":[{"href":"https:\/\/www.lefieu.fr\/index.php\/wp-json\/wp\/v2\/media?parent=1174"}],"wp:term":[{"taxonomy":"category","embeddable":true,"href":"https:\/\/www.lefieu.fr\/index.php\/wp-json\/wp\/v2\/categories?post=1174"},{"taxonomy":"post_tag","embeddable":true,"href":"https:\/\/www.lefieu.fr\/index.php\/wp-json\/wp\/v2\/tags?post=1174"}],"curies":[{"name":"wp","href":"https:\/\/api.w.org\/{rel}","templated":true}]}}