{"id":1212,"date":"2020-12-22T19:14:52","date_gmt":"2020-12-22T18:14:52","guid":{"rendered":"https:\/\/www.lefieu.fr\/?p=1212"},"modified":"2020-12-23T15:08:29","modified_gmt":"2020-12-23T14:08:29","slug":"le-blog-de-la-bibliotheque","status":"publish","type":"post","link":"https:\/\/www.lefieu.fr\/index.php\/2020\/12\/22\/le-blog-de-la-bibliotheque\/","title":{"rendered":"Nouveaut\u00e9 \u00e0 la biblioth\u00e8que !"},"content":{"rendered":"\n<div class=\"wp-block-image\"><figure class=\"aligncenter size-large is-resized\"><img loading=\"lazy\" decoding=\"async\" src=\"https:\/\/www.lefieu.fr\/wp-content\/uploads\/2020\/12\/R240061855.jpg\" alt=\"\" class=\"wp-image-1214\" width=\"437\" height=\"616\" srcset=\"https:\/\/www.lefieu.fr\/wp-content\/uploads\/2020\/12\/R240061855.jpg 400w, https:\/\/www.lefieu.fr\/wp-content\/uploads\/2020\/12\/R240061855-213x300.jpg 213w\" sizes=\"auto, (max-width: 437px) 100vw, 437px\" \/><\/figure><\/div>\n\n\n\n<p class=\"has-text-align-left\">\u00ab&nbsp;<strong>Albertine au bord des chemins<\/strong>&nbsp;\u00bb est un livre publi\u00e9 en 1988 par les \u00e9ditions La Bruy\u00e8re. Il fut \u00e9crit par un auteur bien connu de notre petit village de <strong>Le Fieu<\/strong>&nbsp;: Mme Th\u00e9r\u00e8se Duret. Elle fut, pour certains d\u2019entre vous, une excellente institutrice dans la petite \u00e9cole de Le Fieu qui se situ\u00e9e au niveau des b\u00e2timents de notre mairie actuelle et du RAM. Elle y travaillait accompagn\u00e9e par son mari qui lui aussi \u00e9tait instituteur et secr\u00e9taire de mairie dans les ann\u00e9es apr\u00e8s la guerre de 39-45. Ils habitaient avec leurs enfants dans un logement de fonction situ\u00e9 dans les locaux de l\u2019\u00e9cole.<\/p>\n\n\n\n<p>Lors de sa retraite, Th\u00e9r\u00e8se Duret a \u00e9crit deux livres un r\u00e9cit (Albertine au bord des chemins) et un recueil de nouvelles (Le cypr\u00e8s de la combette) en 1994 publi\u00e9 par les presses de la double.<\/p>\n\n\n\n<p>Faisons un petit zoom sur ce r\u00e9cit. <\/p>\n\n\n\n<p>C\u2019est l\u2019histoire d\u2019Albertine, couturi\u00e8re, qui va de maison en maison pour exercer ces t\u00e2ches. On la trouve partout avec son v\u00e9lo, au bord des chemins\u2026Elle connait tous les habitants de son petit village et toutes les histoires qui s\u2019y racontent. Mais elle est muette comme une tombe, notre sage Albertine. Elle s\u2019est fait une carapace bien \u00e9paisse qui la pr\u00e9serve. Mais pourquoi&nbsp;? Comment des pr\u00e9jug\u00e9s peuvent autant bouleverser une vie&nbsp;?<\/p>\n\n\n\n<p>Ce r\u00e9cit se passe dans le petit village de Lamotte-Pignade qui ressemble \u00e9trangement \u00e0 notre village de <strong>Le Fieu<\/strong>. Petit village aux confins de la double, entre le P\u00e9rigord et les Charente, situ\u00e9 sur une colline, entre bois et vignes&nbsp;; avec son bourg qui contient quelques maisons et l\u2019\u00e9picerie-cafetier, son \u00e9glise au centre et sa place, sa mairie et \u00e0 c\u00f4t\u00e9 l\u2019unique \u00e9cole du village. &nbsp;<\/p>\n\n\n\n<p>Il raconte la vie \u00e0 la campagne pendant \u00ab&nbsp;l\u2019ancien temps&nbsp;\u00bb avec son forgeron, son sonneur de cloches, ses agriculteurs cultivant leurs terres gr\u00e2ce \u00e0 leurs b\u0153ufs,\u2026<\/p>\n\n\n\n<p>Un r\u00e9cit avec une fin poignante.<\/p>\n\n\n\n<p>Si vous \u00eates int\u00e9ress\u00e9s par ce livre, vous pouvez contacter Sandra \u00e0 la biblioth\u00e8que.<\/p>\n\n\n\n<p>                                                              <\/p>\n\n\n\n<p style=\"font-size:1px\">                                                                  Sandra<\/p>\n\n\n\n<p>                                                                                           <\/p>\n","protected":false},"excerpt":{"rendered":"<p>\u00ab&nbsp;Albertine au bord des chemins&nbsp;\u00bb est un livre publi\u00e9 en 1988 par les \u00e9ditions La Bruy\u00e8re. Il fut \u00e9crit par un auteur bien connu de notre petit village de Le Fieu&nbsp;: Mme Th\u00e9r\u00e8se Duret. Elle fut, pour certains d\u2019entre vous, une excellente institutrice dans la petite \u00e9cole de Le Fieu [&hellip;]<\/p>\n","protected":false},"author":1,"featured_media":0,"comment_status":"closed","ping_status":"closed","sticky":false,"template":"","format":"standard","meta":{"_s2mail":"yes","_themeisle_gutenberg_block_has_review":false,"footnotes":""},"categories":[23],"tags":[],"class_list":["post-1212","post","type-post","status-publish","format-standard","hentry","category-bibliotheque"],"_links":{"self":[{"href":"https:\/\/www.lefieu.fr\/index.php\/wp-json\/wp\/v2\/posts\/1212","targetHints":{"allow":["GET"]}}],"collection":[{"href":"https:\/\/www.lefieu.fr\/index.php\/wp-json\/wp\/v2\/posts"}],"about":[{"href":"https:\/\/www.lefieu.fr\/index.php\/wp-json\/wp\/v2\/types\/post"}],"author":[{"embeddable":true,"href":"https:\/\/www.lefieu.fr\/index.php\/wp-json\/wp\/v2\/users\/1"}],"replies":[{"embeddable":true,"href":"https:\/\/www.lefieu.fr\/index.php\/wp-json\/wp\/v2\/comments?post=1212"}],"version-history":[{"count":9,"href":"https:\/\/www.lefieu.fr\/index.php\/wp-json\/wp\/v2\/posts\/1212\/revisions"}],"predecessor-version":[{"id":1341,"href":"https:\/\/www.lefieu.fr\/index.php\/wp-json\/wp\/v2\/posts\/1212\/revisions\/1341"}],"wp:attachment":[{"href":"https:\/\/www.lefieu.fr\/index.php\/wp-json\/wp\/v2\/media?parent=1212"}],"wp:term":[{"taxonomy":"category","embeddable":true,"href":"https:\/\/www.lefieu.fr\/index.php\/wp-json\/wp\/v2\/categories?post=1212"},{"taxonomy":"post_tag","embeddable":true,"href":"https:\/\/www.lefieu.fr\/index.php\/wp-json\/wp\/v2\/tags?post=1212"}],"curies":[{"name":"wp","href":"https:\/\/api.w.org\/{rel}","templated":true}]}}