{"id":1271,"date":"2021-01-29T13:24:41","date_gmt":"2021-01-29T12:24:41","guid":{"rendered":"https:\/\/www.lefieu.fr\/?p=1271"},"modified":"2021-02-04T13:41:27","modified_gmt":"2021-02-04T12:41:27","slug":"vigipirate-faire-face-ensemble","status":"publish","type":"post","link":"https:\/\/www.lefieu.fr\/index.php\/2021\/01\/29\/vigipirate-faire-face-ensemble\/","title":{"rendered":"Vigipirate : Faire face ensemble !"},"content":{"rendered":"\n<p>Une nouvelle plaquette Vigipirate &#8220;faire face ensemble&#8221; r\u00e9alis\u00e9e par le Secr\u00e9tariat g\u00e9n\u00e9ral de la d\u00e9fense et de la s\u00e9curit\u00e9 nationale et en lien avec les minist\u00e8res concern\u00e9s vient d&#8217;\u00eatre diffus\u00e9e.<\/p>\n\n\n\n<p>Aujourd&#8217;hui encore, l&#8217;actualit\u00e9 d\u00e9montre que la violence peut frapper partout m\u00eame dans les endroits les plus recul\u00e9s. Il est donc indispensable que les bons gestes soient connus de tous au cas o\u00f9&#8230;<br><br>Chacun peut d\u00e9couvrir cette plaquette d&#8217;information sur le site de la pr\u00e9fecture suivant  ou en image ci-dessous :<br><a href=\"https:\/\/www.gironde.gouv.fr\/Politiques-publiques\/Securite\/Securite-interieure\/Menace-terroriste\/La-posture-Vigipirate\">https:\/\/www.gironde.gouv.fr\/Politiques-publiques\/Securite\/Securite-interieure\/Menace-terroriste\/La-posture-Vigipirate<\/a><br><\/p>\n\n\n\n<figure class=\"wp-block-image alignfull size-large\"><img loading=\"lazy\" decoding=\"async\" width=\"1024\" height=\"698\" src=\"https:\/\/www.lefieu.fr\/wp-content\/uploads\/2021\/01\/2021-01-29_13h11_07-1024x698.png\" alt=\"\" class=\"wp-image-1273\" srcset=\"https:\/\/www.lefieu.fr\/wp-content\/uploads\/2021\/01\/2021-01-29_13h11_07-1024x698.png 1024w, https:\/\/www.lefieu.fr\/wp-content\/uploads\/2021\/01\/2021-01-29_13h11_07-300x204.png 300w, https:\/\/www.lefieu.fr\/wp-content\/uploads\/2021\/01\/2021-01-29_13h11_07-768x523.png 768w, https:\/\/www.lefieu.fr\/wp-content\/uploads\/2021\/01\/2021-01-29_13h11_07.png 1140w\" sizes=\"auto, (max-width: 1024px) 100vw, 1024px\" \/><\/figure>\n\n\n\n<figure class=\"wp-block-image alignfull size-large\"><img loading=\"lazy\" decoding=\"async\" width=\"1024\" height=\"723\" src=\"https:\/\/www.lefieu.fr\/wp-content\/uploads\/2021\/01\/2021-01-29_13h11_28-1024x723.png\" alt=\"\" class=\"wp-image-1274\" srcset=\"https:\/\/www.lefieu.fr\/wp-content\/uploads\/2021\/01\/2021-01-29_13h11_28-1024x723.png 1024w, https:\/\/www.lefieu.fr\/wp-content\/uploads\/2021\/01\/2021-01-29_13h11_28-300x212.png 300w, https:\/\/www.lefieu.fr\/wp-content\/uploads\/2021\/01\/2021-01-29_13h11_28-768x542.png 768w, https:\/\/www.lefieu.fr\/wp-content\/uploads\/2021\/01\/2021-01-29_13h11_28.png 1172w\" sizes=\"auto, (max-width: 1024px) 100vw, 1024px\" \/><\/figure>\n","protected":false},"excerpt":{"rendered":"<p>Une nouvelle plaquette Vigipirate &#8220;faire face ensemble&#8221; r\u00e9alis\u00e9e par le Secr\u00e9tariat g\u00e9n\u00e9ral de la d\u00e9fense et de la s\u00e9curit\u00e9 nationale et en lien avec les minist\u00e8res concern\u00e9s vient d&#8217;\u00eatre diffus\u00e9e. Aujourd&#8217;hui encore, l&#8217;actualit\u00e9 d\u00e9montre que la violence peut frapper partout m\u00eame dans les endroits les plus recul\u00e9s. Il est donc [&hellip;]<\/p>\n","protected":false},"author":1,"featured_media":1275,"comment_status":"closed","ping_status":"closed","sticky":false,"template":"","format":"standard","meta":{"_s2mail":"yes","_themeisle_gutenberg_block_has_review":false,"footnotes":""},"categories":[6],"tags":[],"class_list":["post-1271","post","type-post","status-publish","format-standard","has-post-thumbnail","hentry","category-informations"],"_links":{"self":[{"href":"https:\/\/www.lefieu.fr\/index.php\/wp-json\/wp\/v2\/posts\/1271","targetHints":{"allow":["GET"]}}],"collection":[{"href":"https:\/\/www.lefieu.fr\/index.php\/wp-json\/wp\/v2\/posts"}],"about":[{"href":"https:\/\/www.lefieu.fr\/index.php\/wp-json\/wp\/v2\/types\/post"}],"author":[{"embeddable":true,"href":"https:\/\/www.lefieu.fr\/index.php\/wp-json\/wp\/v2\/users\/1"}],"replies":[{"embeddable":true,"href":"https:\/\/www.lefieu.fr\/index.php\/wp-json\/wp\/v2\/comments?post=1271"}],"version-history":[{"count":2,"href":"https:\/\/www.lefieu.fr\/index.php\/wp-json\/wp\/v2\/posts\/1271\/revisions"}],"predecessor-version":[{"id":1277,"href":"https:\/\/www.lefieu.fr\/index.php\/wp-json\/wp\/v2\/posts\/1271\/revisions\/1277"}],"wp:featuredmedia":[{"embeddable":true,"href":"https:\/\/www.lefieu.fr\/index.php\/wp-json\/wp\/v2\/media\/1275"}],"wp:attachment":[{"href":"https:\/\/www.lefieu.fr\/index.php\/wp-json\/wp\/v2\/media?parent=1271"}],"wp:term":[{"taxonomy":"category","embeddable":true,"href":"https:\/\/www.lefieu.fr\/index.php\/wp-json\/wp\/v2\/categories?post=1271"},{"taxonomy":"post_tag","embeddable":true,"href":"https:\/\/www.lefieu.fr\/index.php\/wp-json\/wp\/v2\/tags?post=1271"}],"curies":[{"name":"wp","href":"https:\/\/api.w.org\/{rel}","templated":true}]}}