{"id":1367,"date":"2021-03-20T08:54:32","date_gmt":"2021-03-20T07:54:32","guid":{"rendered":"https:\/\/www.lefieu.fr\/?p=1367"},"modified":"2021-03-20T08:54:33","modified_gmt":"2021-03-20T07:54:33","slug":"avis-a-la-population","status":"publish","type":"post","link":"https:\/\/www.lefieu.fr\/index.php\/2021\/03\/20\/avis-a-la-population\/","title":{"rendered":"Avis \u00e0 la population !"},"content":{"rendered":"\n<p>Un op\u00e9ration gratuite de broyage de branches aura lieu sur la place du bourg (face \u00e0 l&#8217;\u00e9glise) le <strong>jeudi 25 mars 2021 de 10h \u00e0 12 h.<\/strong><\/p>\n\n\n\n<p>Les habitants de la commune peuvent d\u00e9j\u00e0 apporter leurs d\u00e9chets verts de type branchage (<span style=\"text-decoration: underline;\">surtout pas de tonte<\/span>) dans la zone r\u00e9serv\u00e9e \u00e0 cet effet. <strong>Les d\u00e9chets ne devront pas avoir un diam\u00e8tre sup\u00e9rieur \u00e0 10 cm<\/strong>.<\/p>\n\n\n\n<p>A l&#8217;issue de l&#8217;op\u00e9ration r\u00e9alis\u00e9e par le partenariat <strong>SMICVAL<\/strong>, <strong>LE FIEU<\/strong> et l&#8217;association <strong>Isle et Dronne<\/strong>, les personnes qui le souhaitent pourront r\u00e9cup\u00e9rer les copeaux produits.<\/p>\n\n\n\n<p>Cette initiative innovante en test au niveau communal entre dans le cadre du d\u00e9veloppement durable et dans un processus immuable de r\u00e9duction des d\u00e9chets qui devient un v\u00e9ritable challenge pour chacun de nous. La municipalit\u00e9 de LE FIEU souhaite associer les F\u00e9odiens \u00e0 cette d\u00e9marche d&#8217;int\u00e9r\u00eat public et personnel \u00e0 laquelle chacun sera confront\u00e9 dans un avenir proche.<\/p>\n\n\n\n<figure class=\"wp-block-image size-large is-resized\"><img loading=\"lazy\" decoding=\"async\" src=\"https:\/\/www.lefieu.fr\/wp-content\/uploads\/2021\/03\/2021-03-20_08h40_26.png\" alt=\"\" class=\"wp-image-1369\" width=\"571\" height=\"836\" srcset=\"https:\/\/www.lefieu.fr\/wp-content\/uploads\/2021\/03\/2021-03-20_08h40_26.png 456w, https:\/\/www.lefieu.fr\/wp-content\/uploads\/2021\/03\/2021-03-20_08h40_26-205x300.png 205w\" sizes=\"auto, (max-width: 571px) 100vw, 571px\" \/><\/figure>\n","protected":false},"excerpt":{"rendered":"<p>Un op\u00e9ration gratuite de broyage de branches aura lieu sur la place du bourg (face \u00e0 l&#8217;\u00e9glise) le jeudi 25 mars 2021 de 10h \u00e0 12 h. Les habitants de la commune peuvent d\u00e9j\u00e0 apporter leurs d\u00e9chets verts de type branchage (surtout pas de tonte) dans la zone r\u00e9serv\u00e9e \u00e0 [&hellip;]<\/p>\n","protected":false},"author":1,"featured_media":1370,"comment_status":"closed","ping_status":"closed","sticky":false,"template":"","format":"standard","meta":{"_s2mail":"yes","_themeisle_gutenberg_block_has_review":false,"footnotes":""},"categories":[6],"tags":[],"class_list":["post-1367","post","type-post","status-publish","format-standard","has-post-thumbnail","hentry","category-informations"],"_links":{"self":[{"href":"https:\/\/www.lefieu.fr\/index.php\/wp-json\/wp\/v2\/posts\/1367","targetHints":{"allow":["GET"]}}],"collection":[{"href":"https:\/\/www.lefieu.fr\/index.php\/wp-json\/wp\/v2\/posts"}],"about":[{"href":"https:\/\/www.lefieu.fr\/index.php\/wp-json\/wp\/v2\/types\/post"}],"author":[{"embeddable":true,"href":"https:\/\/www.lefieu.fr\/index.php\/wp-json\/wp\/v2\/users\/1"}],"replies":[{"embeddable":true,"href":"https:\/\/www.lefieu.fr\/index.php\/wp-json\/wp\/v2\/comments?post=1367"}],"version-history":[{"count":2,"href":"https:\/\/www.lefieu.fr\/index.php\/wp-json\/wp\/v2\/posts\/1367\/revisions"}],"predecessor-version":[{"id":1372,"href":"https:\/\/www.lefieu.fr\/index.php\/wp-json\/wp\/v2\/posts\/1367\/revisions\/1372"}],"wp:featuredmedia":[{"embeddable":true,"href":"https:\/\/www.lefieu.fr\/index.php\/wp-json\/wp\/v2\/media\/1370"}],"wp:attachment":[{"href":"https:\/\/www.lefieu.fr\/index.php\/wp-json\/wp\/v2\/media?parent=1367"}],"wp:term":[{"taxonomy":"category","embeddable":true,"href":"https:\/\/www.lefieu.fr\/index.php\/wp-json\/wp\/v2\/categories?post=1367"},{"taxonomy":"post_tag","embeddable":true,"href":"https:\/\/www.lefieu.fr\/index.php\/wp-json\/wp\/v2\/tags?post=1367"}],"curies":[{"name":"wp","href":"https:\/\/api.w.org\/{rel}","templated":true}]}}