{"id":1753,"date":"2021-08-26T10:21:13","date_gmt":"2021-08-26T08:21:13","guid":{"rendered":"https:\/\/www.lefieu.fr\/?p=1753"},"modified":"2021-08-26T10:21:15","modified_gmt":"2021-08-26T08:21:15","slug":"la-fibre-est-arrivee-dans-le-bourg","status":"publish","type":"post","link":"https:\/\/www.lefieu.fr\/index.php\/2021\/08\/26\/la-fibre-est-arrivee-dans-le-bourg\/","title":{"rendered":"La fibre est arriv\u00e9e dans le bourg !"},"content":{"rendered":"\n<p>Le d\u00e9ploiement de la fibre continue son \u00e9volution sur notre commune. Sur les extraits de carte ci-dessous, les points verts situent les habitations qui peuvent \u00eatre d\u00e9sormais banch\u00e9es <em>(contacter son fournisseur d&#8217;acc\u00e8s)<\/em> \u00e0 cette fibre tant attendue.<\/p>\n\n\n\n<p>En revanche, les points de couleur orange indiquent les lieux o\u00f9 le d\u00e9ploiement est encore en cours.<\/p>\n\n\n\n<p>Pour plus de d\u00e9tails et suivre l&#8217;\u00e9volution de ce d\u00e9ploiement, <a href=\"https:\/\/www.girondehautmega.fr\/carte-deligibilite\">cliquez ci-dessus !<\/a> ou utiliser le lien ci-apr\u00e8s : <\/p>\n\n\n\n<p><span style=\"color:#d3113b\" class=\"has-inline-color\">https:\/\/www.girondehautmega.fr\/carte-deligibilite<\/span><\/p>\n\n\n\n<div class=\"wp-block-image\"><figure class=\"aligncenter size-full\"><img loading=\"lazy\" decoding=\"async\" width=\"589\" height=\"578\" src=\"https:\/\/www.lefieu.fr\/wp-content\/uploads\/2021\/08\/2021-08-26_10h06_36.png\" alt=\"\" class=\"wp-image-1754\" srcset=\"https:\/\/www.lefieu.fr\/wp-content\/uploads\/2021\/08\/2021-08-26_10h06_36.png 589w, https:\/\/www.lefieu.fr\/wp-content\/uploads\/2021\/08\/2021-08-26_10h06_36-300x294.png 300w\" sizes=\"auto, (max-width: 589px) 100vw, 589px\" \/><figcaption>Secteur du bourg<\/figcaption><\/figure><\/div>\n\n\n\n<div class=\"wp-block-image\"><figure class=\"aligncenter size-full\"><img loading=\"lazy\" decoding=\"async\" width=\"473\" height=\"531\" src=\"https:\/\/www.lefieu.fr\/wp-content\/uploads\/2021\/08\/2021-08-26_10h07_04.png\" alt=\"\" class=\"wp-image-1755\" srcset=\"https:\/\/www.lefieu.fr\/wp-content\/uploads\/2021\/08\/2021-08-26_10h07_04.png 473w, https:\/\/www.lefieu.fr\/wp-content\/uploads\/2021\/08\/2021-08-26_10h07_04-267x300.png 267w\" sizes=\"auto, (max-width: 473px) 100vw, 473px\" \/><figcaption>Secteur du bourg (sud)<\/figcaption><\/figure><\/div>\n\n\n\n<div class=\"wp-block-image\"><figure class=\"aligncenter size-full\"><img loading=\"lazy\" decoding=\"async\" width=\"531\" height=\"555\" src=\"https:\/\/www.lefieu.fr\/wp-content\/uploads\/2021\/08\/2021-08-26_10h07_37.png\" alt=\"\" class=\"wp-image-1756\" srcset=\"https:\/\/www.lefieu.fr\/wp-content\/uploads\/2021\/08\/2021-08-26_10h07_37.png 531w, https:\/\/www.lefieu.fr\/wp-content\/uploads\/2021\/08\/2021-08-26_10h07_37-287x300.png 287w\" sizes=\"auto, (max-width: 531px) 100vw, 531px\" \/><figcaption>Secteur de l&#8217;Usine v\u00e9g\u00e9tale<\/figcaption><\/figure><\/div>\n\n\n\n<p><\/p>\n","protected":false},"excerpt":{"rendered":"<p>Le d\u00e9ploiement de la fibre continue son \u00e9volution sur notre commune. Sur les extraits de carte ci-dessous, les points verts situent les habitations qui peuvent \u00eatre d\u00e9sormais banch\u00e9es (contacter son fournisseur d&#8217;acc\u00e8s) \u00e0 cette fibre tant attendue. En revanche, les points de couleur orange indiquent les lieux o\u00f9 le d\u00e9ploiement [&hellip;]<\/p>\n","protected":false},"author":1,"featured_media":881,"comment_status":"closed","ping_status":"closed","sticky":false,"template":"","format":"standard","meta":{"_s2mail":"","_themeisle_gutenberg_block_has_review":false,"footnotes":""},"categories":[6],"tags":[],"class_list":["post-1753","post","type-post","status-publish","format-standard","has-post-thumbnail","hentry","category-informations"],"_links":{"self":[{"href":"https:\/\/www.lefieu.fr\/index.php\/wp-json\/wp\/v2\/posts\/1753","targetHints":{"allow":["GET"]}}],"collection":[{"href":"https:\/\/www.lefieu.fr\/index.php\/wp-json\/wp\/v2\/posts"}],"about":[{"href":"https:\/\/www.lefieu.fr\/index.php\/wp-json\/wp\/v2\/types\/post"}],"author":[{"embeddable":true,"href":"https:\/\/www.lefieu.fr\/index.php\/wp-json\/wp\/v2\/users\/1"}],"replies":[{"embeddable":true,"href":"https:\/\/www.lefieu.fr\/index.php\/wp-json\/wp\/v2\/comments?post=1753"}],"version-history":[{"count":2,"href":"https:\/\/www.lefieu.fr\/index.php\/wp-json\/wp\/v2\/posts\/1753\/revisions"}],"predecessor-version":[{"id":1758,"href":"https:\/\/www.lefieu.fr\/index.php\/wp-json\/wp\/v2\/posts\/1753\/revisions\/1758"}],"wp:featuredmedia":[{"embeddable":true,"href":"https:\/\/www.lefieu.fr\/index.php\/wp-json\/wp\/v2\/media\/881"}],"wp:attachment":[{"href":"https:\/\/www.lefieu.fr\/index.php\/wp-json\/wp\/v2\/media?parent=1753"}],"wp:term":[{"taxonomy":"category","embeddable":true,"href":"https:\/\/www.lefieu.fr\/index.php\/wp-json\/wp\/v2\/categories?post=1753"},{"taxonomy":"post_tag","embeddable":true,"href":"https:\/\/www.lefieu.fr\/index.php\/wp-json\/wp\/v2\/tags?post=1753"}],"curies":[{"name":"wp","href":"https:\/\/api.w.org\/{rel}","templated":true}]}}