{"id":1865,"date":"2021-10-19T08:59:12","date_gmt":"2021-10-19T06:59:12","guid":{"rendered":"https:\/\/www.lefieu.fr\/?p=1865"},"modified":"2021-10-19T08:59:40","modified_gmt":"2021-10-19T06:59:40","slug":"auteur-identifie","status":"publish","type":"post","link":"https:\/\/www.lefieu.fr\/index.php\/2021\/10\/19\/auteur-identifie\/","title":{"rendered":"Auteur identifi\u00e9 !"},"content":{"rendered":"\n<p>Il y a quelques jours, un d\u00e9p\u00f4t sauvage a encore \u00e9t\u00e9 constat\u00e9 sur le bord d&#8217;un chemin de la commune. Comme trop souvent, la for\u00eat ou les endroits esseul\u00e9s de notre campagne servent malheureusement de d\u00e9potoirs&#8230;<\/p>\n\n\n\n<p>Sans rel\u00e2che, les \u00e9lus de la commune traquent, jour et nuit, les auteurs de cette d\u00e9linquance environnementale. Apr\u00e8s plusieurs mois de surveillance ininterrompue, les efforts de protection de la commune viennent d&#8217;\u00eatre r\u00e9compens\u00e9s.<\/p>\n\n\n\n<p>Un premier auteur de ces m\u00e9faits intol\u00e9rables a \u00e9t\u00e9 r\u00e9cemment identifi\u00e9 et la municipalit\u00e9 a lanc\u00e9 imm\u00e9diatement une proc\u00e9dure \u00e0 l&#8217;encontre de ce responsable d&#8217;un d\u00e9p\u00f4t d&#8217;ordures. Afin d&#8217;\u00e9viter la phase contraignante de poursuite p\u00e9nale (y compris de fortes amendes), l&#8217;auteur des faits a pr\u00e9f\u00e9r\u00e9 s&#8217;en tenir, illico presto, au nettoyage des lieux pollu\u00e9s par ses immondices.<\/p>\n\n\n\n<p><strong>La commune de LE FIEU continue d&#8217;assurer la surveillance et confirme que ces actes inqualifiables de pollution tentant \u00e0 d\u00e9grader le cadre idyllique de notre campagne seront syst\u00e9matiquement poursuivis.<\/strong><\/p>\n\n\n\n<div class=\"wp-block-image\"><figure class=\"aligncenter size-full is-resized\"><img loading=\"lazy\" decoding=\"async\" src=\"https:\/\/www.lefieu.fr\/wp-content\/uploads\/2021\/10\/ordures-a.jpg\" alt=\"\" class=\"wp-image-1866\" width=\"616\" height=\"345\" srcset=\"https:\/\/www.lefieu.fr\/wp-content\/uploads\/2021\/10\/ordures-a.jpg 366w, https:\/\/www.lefieu.fr\/wp-content\/uploads\/2021\/10\/ordures-a-300x168.jpg 300w\" sizes=\"auto, (max-width: 616px) 100vw, 616px\" \/><\/figure><\/div>\n","protected":false},"excerpt":{"rendered":"<p>Il y a quelques jours, un d\u00e9p\u00f4t sauvage a encore \u00e9t\u00e9 constat\u00e9 sur le bord d&#8217;un chemin de la commune. Comme trop souvent, la for\u00eat ou les endroits esseul\u00e9s de notre campagne servent malheureusement de d\u00e9potoirs&#8230; Sans rel\u00e2che, les \u00e9lus de la commune traquent, jour et nuit, les auteurs de [&hellip;]<\/p>\n","protected":false},"author":1,"featured_media":1866,"comment_status":"closed","ping_status":"closed","sticky":false,"template":"","format":"standard","meta":{"_s2mail":"yes","_themeisle_gutenberg_block_has_review":false,"footnotes":""},"categories":[6],"tags":[],"class_list":["post-1865","post","type-post","status-publish","format-standard","has-post-thumbnail","hentry","category-informations"],"_links":{"self":[{"href":"https:\/\/www.lefieu.fr\/index.php\/wp-json\/wp\/v2\/posts\/1865","targetHints":{"allow":["GET"]}}],"collection":[{"href":"https:\/\/www.lefieu.fr\/index.php\/wp-json\/wp\/v2\/posts"}],"about":[{"href":"https:\/\/www.lefieu.fr\/index.php\/wp-json\/wp\/v2\/types\/post"}],"author":[{"embeddable":true,"href":"https:\/\/www.lefieu.fr\/index.php\/wp-json\/wp\/v2\/users\/1"}],"replies":[{"embeddable":true,"href":"https:\/\/www.lefieu.fr\/index.php\/wp-json\/wp\/v2\/comments?post=1865"}],"version-history":[{"count":2,"href":"https:\/\/www.lefieu.fr\/index.php\/wp-json\/wp\/v2\/posts\/1865\/revisions"}],"predecessor-version":[{"id":1868,"href":"https:\/\/www.lefieu.fr\/index.php\/wp-json\/wp\/v2\/posts\/1865\/revisions\/1868"}],"wp:featuredmedia":[{"embeddable":true,"href":"https:\/\/www.lefieu.fr\/index.php\/wp-json\/wp\/v2\/media\/1866"}],"wp:attachment":[{"href":"https:\/\/www.lefieu.fr\/index.php\/wp-json\/wp\/v2\/media?parent=1865"}],"wp:term":[{"taxonomy":"category","embeddable":true,"href":"https:\/\/www.lefieu.fr\/index.php\/wp-json\/wp\/v2\/categories?post=1865"},{"taxonomy":"post_tag","embeddable":true,"href":"https:\/\/www.lefieu.fr\/index.php\/wp-json\/wp\/v2\/tags?post=1865"}],"curies":[{"name":"wp","href":"https:\/\/api.w.org\/{rel}","templated":true}]}}