{"id":1991,"date":"2021-12-10T06:02:00","date_gmt":"2021-12-10T05:02:00","guid":{"rendered":"https:\/\/www.lefieu.fr\/?p=1991"},"modified":"2021-12-13T13:20:42","modified_gmt":"2021-12-13T12:20:42","slug":"noel-des-seniors-feodiens-2","status":"publish","type":"post","link":"https:\/\/www.lefieu.fr\/index.php\/2021\/12\/10\/noel-des-seniors-feodiens-2\/","title":{"rendered":"No\u00ebl des Seniors f\u00e9odiens"},"content":{"rendered":"\n<p>Comme chaque ann\u00e9e, le maire de LE FIEU et son Conseil municipal souhaitent apporter une touche de convivialit\u00e9 \u00e0 nos F\u00e9odiens de plus de 70 printemps. C&#8217;est traditionnellement aussi l&#8217;occasion de cr\u00e9er avec eux de nouveaux instants de bonheur lorsque les \u00e9lus se rendent aupr\u00e8s d&#8217;eux pour \u00e9voquer leur quotidien, leurs soucis, leurs inqui\u00e9tudes&#8230;<\/p>\n\n\n\n<p>Pour le Maire de LE FIEU et les \u00e9lus, c&#8217;est un v\u00e9ritable moment de plaisir de rencontrer ce qui ont des difficult\u00e9s pour se d\u00e9placer. Ils leur apportent leur soutien face \u00e0 leurs probl\u00e8mes de la vie courante et leur procurent le plaisir de cette visite tant attendue pour certains.<\/p>\n\n\n\n<p>Aujourd&#8217;hui, la crise sanitaire fixe d&#8217;autres r\u00e8gles. Le Conseil municipal doit prendre des mesures de protection de la population et tout particuli\u00e8rement celle de nos seniors beaucoup plus sensibles \u00e0 ce virus. C&#8217;est la raison pour laquelle, la remise des colis ne pourra pas \u00eatre r\u00e9alis\u00e9e \u00e0 domicile cette ann\u00e9e encore.<\/p>\n\n\n\n<p>Comme le pr\u00e9cise l&#8217;affichette ci-dessous, les Seniors f\u00e9odiens (ou bien des personnes de confiance les repr\u00e9sentants) pourront <strong><span style=\"text-decoration: underline;\">prendre possession de leur colis \u00e0 la mairie avant le 17 d\u00e9cembre prochain (sur rendez-vous).<\/span><\/strong><\/p>\n\n\n\n<div class=\"wp-block-image\"><figure class=\"aligncenter size-full\"><img loading=\"lazy\" decoding=\"async\" width=\"563\" height=\"615\" src=\"https:\/\/www.lefieu.fr\/wp-content\/uploads\/2021\/12\/2021-12-09_16h44_36-1.png\" alt=\"\" class=\"wp-image-1993\" srcset=\"https:\/\/www.lefieu.fr\/wp-content\/uploads\/2021\/12\/2021-12-09_16h44_36-1.png 563w, https:\/\/www.lefieu.fr\/wp-content\/uploads\/2021\/12\/2021-12-09_16h44_36-1-275x300.png 275w\" sizes=\"auto, (max-width: 563px) 100vw, 563px\" \/><\/figure><\/div>\n","protected":false},"excerpt":{"rendered":"<p>Comme chaque ann\u00e9e, le maire de LE FIEU et son Conseil municipal souhaitent apporter une touche de convivialit\u00e9 \u00e0 nos F\u00e9odiens de plus de 70 printemps. C&#8217;est traditionnellement aussi l&#8217;occasion de cr\u00e9er avec eux de nouveaux instants de bonheur lorsque les \u00e9lus se rendent aupr\u00e8s d&#8217;eux pour \u00e9voquer leur quotidien, [&hellip;]<\/p>\n","protected":false},"author":1,"featured_media":1994,"comment_status":"closed","ping_status":"closed","sticky":false,"template":"","format":"standard","meta":{"_s2mail":"yes","_themeisle_gutenberg_block_has_review":false,"footnotes":""},"categories":[6,12],"tags":[],"class_list":["post-1991","post","type-post","status-publish","format-standard","has-post-thumbnail","hentry","category-informations","category-municipalite"],"_links":{"self":[{"href":"https:\/\/www.lefieu.fr\/index.php\/wp-json\/wp\/v2\/posts\/1991","targetHints":{"allow":["GET"]}}],"collection":[{"href":"https:\/\/www.lefieu.fr\/index.php\/wp-json\/wp\/v2\/posts"}],"about":[{"href":"https:\/\/www.lefieu.fr\/index.php\/wp-json\/wp\/v2\/types\/post"}],"author":[{"embeddable":true,"href":"https:\/\/www.lefieu.fr\/index.php\/wp-json\/wp\/v2\/users\/1"}],"replies":[{"embeddable":true,"href":"https:\/\/www.lefieu.fr\/index.php\/wp-json\/wp\/v2\/comments?post=1991"}],"version-history":[{"count":2,"href":"https:\/\/www.lefieu.fr\/index.php\/wp-json\/wp\/v2\/posts\/1991\/revisions"}],"predecessor-version":[{"id":2003,"href":"https:\/\/www.lefieu.fr\/index.php\/wp-json\/wp\/v2\/posts\/1991\/revisions\/2003"}],"wp:featuredmedia":[{"embeddable":true,"href":"https:\/\/www.lefieu.fr\/index.php\/wp-json\/wp\/v2\/media\/1994"}],"wp:attachment":[{"href":"https:\/\/www.lefieu.fr\/index.php\/wp-json\/wp\/v2\/media?parent=1991"}],"wp:term":[{"taxonomy":"category","embeddable":true,"href":"https:\/\/www.lefieu.fr\/index.php\/wp-json\/wp\/v2\/categories?post=1991"},{"taxonomy":"post_tag","embeddable":true,"href":"https:\/\/www.lefieu.fr\/index.php\/wp-json\/wp\/v2\/tags?post=1991"}],"curies":[{"name":"wp","href":"https:\/\/api.w.org\/{rel}","templated":true}]}}