{"id":2099,"date":"2022-01-16T21:02:44","date_gmt":"2022-01-16T20:02:44","guid":{"rendered":"https:\/\/www.lefieu.fr\/?p=2099"},"modified":"2022-01-16T21:02:45","modified_gmt":"2022-01-16T20:02:45","slug":"liss-va-passer-sur-le-fieu","status":"publish","type":"post","link":"https:\/\/www.lefieu.fr\/index.php\/2022\/01\/16\/liss-va-passer-sur-le-fieu\/","title":{"rendered":"L&#8217;ISS va passer sur Le Fieu !"},"content":{"rendered":"\n<div class=\"wp-block-image\"><figure class=\"aligncenter size-full is-resized\"><img loading=\"lazy\" decoding=\"async\" src=\"https:\/\/www.lefieu.fr\/wp-content\/uploads\/2022\/01\/th.jpg\" alt=\"\" class=\"wp-image-2112\" width=\"503\" height=\"283\" srcset=\"https:\/\/www.lefieu.fr\/wp-content\/uploads\/2022\/01\/th.jpg 343w, https:\/\/www.lefieu.fr\/wp-content\/uploads\/2022\/01\/th-300x169.jpg 300w\" sizes=\"auto, (max-width: 503px) 100vw, 503px\" \/><figcaption>La station spatiale internationale<\/figcaption><\/figure><\/div>\n\n\n\n<p>L&#8217;agence gouvernementale am\u00e9ricaine <strong>N.A.S.A.<\/strong> ( <strong><em>National Aeronautics and Space Administration<\/em><\/strong>) nous informe que la <strong>Station Spatiale Internationale (ISS)<\/strong> <strong>passera \u00e0 proximit\u00e9 de LE FIEU dans les prochains jours<\/strong>. <\/p>\n\n\n\n<p>Visible \u00e0 l&#8217;\u0153il nu si le ciel est d\u00e9gag\u00e9, chaque F\u00e9odien pourra admirer le spectacle qu&#8217;offrira son passage quelque peu irr\u00e9el durant cette p\u00e9riode. L&#8217;observation de ce point lumineux mobile devrait permettre aux parents d&#8217;apprendre \u00e0 leurs enfants ce qu&#8217;est cette station spatiale habit\u00e9e qui a connu r\u00e9cemment le fran\u00e7ais <strong>Thomas PESQUET<\/strong> comme locataire.  <\/p>\n\n\n\n<p>Le calendrier ci-dessous (<em>dates et horaire<\/em>s <em>quasi pr\u00e9cis<\/em>&#8211; <em>source ISS Live Now<\/em>) est l&#8217;opportunit\u00e9 de faire des soir\u00e9es de courtes observations. Les sch\u00e9mas de boussole joints permettront de situer l&#8217;exacte position de l&#8217;ISS afin de pouvoir l&#8217;observer le plus longtemps possible. Le trac\u00e9 bleu pr\u00e9cise le sens de la trajectoire de la station.<\/p>\n\n\n\n<p><strong><span style=\"text-decoration: underline;\">Mardi 18 janvier 2022<\/span><\/strong>:  visible de <em><strong>19 h 48 mn 01 s \u00e0  19 h 50 mn 36 s.<\/strong><\/em><\/p>\n\n\n\n<div class=\"wp-block-image\"><figure class=\"aligncenter size-large is-resized\"><img loading=\"lazy\" decoding=\"async\" src=\"https:\/\/www.lefieu.fr\/wp-content\/uploads\/2022\/01\/18-janvier-2022-828x1024.jpg\" alt=\"\" class=\"wp-image-2102\" width=\"300\" height=\"371\" srcset=\"https:\/\/www.lefieu.fr\/wp-content\/uploads\/2022\/01\/18-janvier-2022-828x1024.jpg 828w, https:\/\/www.lefieu.fr\/wp-content\/uploads\/2022\/01\/18-janvier-2022-242x300.jpg 242w, https:\/\/www.lefieu.fr\/wp-content\/uploads\/2022\/01\/18-janvier-2022-768x950.jpg 768w, https:\/\/www.lefieu.fr\/wp-content\/uploads\/2022\/01\/18-janvier-2022-1241x1536.jpg 1241w, https:\/\/www.lefieu.fr\/wp-content\/uploads\/2022\/01\/18-janvier-2022.jpg 1390w\" sizes=\"auto, (max-width: 300px) 100vw, 300px\" \/><\/figure><\/div>\n\n\n\n<p><\/p>\n\n\n\n<p><span style=\"text-decoration: underline;\"><strong>Mercredi 19 janvier 2022<\/strong><\/span>:  visible de <em><strong>19 h 00 mn 26 s \u00e0  19 h 04 mn 53 s<\/strong><\/em>. <\/p>\n\n\n\n<div class=\"wp-block-image\"><figure class=\"aligncenter size-large is-resized\"><img loading=\"lazy\" decoding=\"async\" src=\"https:\/\/www.lefieu.fr\/wp-content\/uploads\/2022\/01\/19-janvier-2022-a-844x1024.jpg\" alt=\"\" class=\"wp-image-2103\" width=\"303\" height=\"367\" srcset=\"https:\/\/www.lefieu.fr\/wp-content\/uploads\/2022\/01\/19-janvier-2022-a-844x1024.jpg 844w, https:\/\/www.lefieu.fr\/wp-content\/uploads\/2022\/01\/19-janvier-2022-a-247x300.jpg 247w, https:\/\/www.lefieu.fr\/wp-content\/uploads\/2022\/01\/19-janvier-2022-a-768x932.jpg 768w, https:\/\/www.lefieu.fr\/wp-content\/uploads\/2022\/01\/19-janvier-2022-a-1265x1536.jpg 1265w, https:\/\/www.lefieu.fr\/wp-content\/uploads\/2022\/01\/19-janvier-2022-a.jpg 1365w\" sizes=\"auto, (max-width: 303px) 100vw, 303px\" \/><\/figure><\/div>\n\n\n\n<p><\/p>\n\n\n\n<p> <strong><span style=\"text-decoration: underline;\">Mercre<\/span><\/strong><span style=\"text-decoration: underline;\"><strong>di 19 janvier 2022<\/strong><\/span>:   visible de <em><strong>20 h 36 mn 53 s \u00e0  20 h 37 mn 50 s<\/strong><\/em>. <\/p>\n\n\n\n<div class=\"wp-block-image\"><figure class=\"aligncenter size-large is-resized\"><img loading=\"lazy\" decoding=\"async\" src=\"https:\/\/www.lefieu.fr\/wp-content\/uploads\/2022\/01\/19-janvier-2022-b-840x1024.jpg\" alt=\"\" class=\"wp-image-2104\" width=\"299\" height=\"364\" srcset=\"https:\/\/www.lefieu.fr\/wp-content\/uploads\/2022\/01\/19-janvier-2022-b-840x1024.jpg 840w, https:\/\/www.lefieu.fr\/wp-content\/uploads\/2022\/01\/19-janvier-2022-b-246x300.jpg 246w, https:\/\/www.lefieu.fr\/wp-content\/uploads\/2022\/01\/19-janvier-2022-b-768x936.jpg 768w, https:\/\/www.lefieu.fr\/wp-content\/uploads\/2022\/01\/19-janvier-2022-b-1261x1536.jpg 1261w, https:\/\/www.lefieu.fr\/wp-content\/uploads\/2022\/01\/19-janvier-2022-b.jpg 1383w\" sizes=\"auto, (max-width: 299px) 100vw, 299px\" \/><\/figure><\/div>\n\n\n\n<p><\/p>\n\n\n\n<p><span style=\"text-decoration: underline;\"><strong>Jeudi 20 janvier 2022<\/strong><\/span>:  visible de <em><strong>19 h 48 mn 50 s \u00e0  19 h 52 mn 04 s.<\/strong><\/em> <\/p>\n\n\n\n<div class=\"wp-block-image\"><figure class=\"aligncenter size-large is-resized\"><img loading=\"lazy\" decoding=\"async\" src=\"https:\/\/www.lefieu.fr\/wp-content\/uploads\/2022\/01\/20-janvier-2022-1024x402.jpg\" alt=\"\" class=\"wp-image-2105\" width=\"516\" height=\"202\" srcset=\"https:\/\/www.lefieu.fr\/wp-content\/uploads\/2022\/01\/20-janvier-2022-1024x402.jpg 1024w, https:\/\/www.lefieu.fr\/wp-content\/uploads\/2022\/01\/20-janvier-2022-300x118.jpg 300w, https:\/\/www.lefieu.fr\/wp-content\/uploads\/2022\/01\/20-janvier-2022-768x301.jpg 768w, https:\/\/www.lefieu.fr\/wp-content\/uploads\/2022\/01\/20-janvier-2022-1536x603.jpg 1536w, https:\/\/www.lefieu.fr\/wp-content\/uploads\/2022\/01\/20-janvier-2022-2048x804.jpg 2048w\" sizes=\"auto, (max-width: 516px) 100vw, 516px\" \/><\/figure><\/div>\n\n\n\n<p><\/p>\n\n\n\n<p><span style=\"text-decoration: underline;\"><strong>Vendredi 21 janvier 2022:<\/strong><\/span>  visible de <strong><em>19 h 00 mn 55 s \u00e0  19 h 06 mn 15 s<\/em><\/strong>. <\/p>\n\n\n\n<div class=\"wp-block-image\"><figure class=\"aligncenter size-large is-resized\"><img loading=\"lazy\" decoding=\"async\" src=\"https:\/\/www.lefieu.fr\/wp-content\/uploads\/2022\/01\/21-janvier-2022-1024x424.jpg\" alt=\"\" class=\"wp-image-2106\" width=\"518\" height=\"214\" srcset=\"https:\/\/www.lefieu.fr\/wp-content\/uploads\/2022\/01\/21-janvier-2022-1024x424.jpg 1024w, https:\/\/www.lefieu.fr\/wp-content\/uploads\/2022\/01\/21-janvier-2022-300x124.jpg 300w, https:\/\/www.lefieu.fr\/wp-content\/uploads\/2022\/01\/21-janvier-2022-768x318.jpg 768w, https:\/\/www.lefieu.fr\/wp-content\/uploads\/2022\/01\/21-janvier-2022-1536x636.jpg 1536w, https:\/\/www.lefieu.fr\/wp-content\/uploads\/2022\/01\/21-janvier-2022-2048x849.jpg 2048w\" sizes=\"auto, (max-width: 518px) 100vw, 518px\" \/><\/figure><\/div>\n\n\n\n<p><\/p>\n\n\n\n<p><span style=\"text-decoration: underline;\"><strong>Samedi 22 janvier 2022<\/strong><\/span>:  visible de <strong><em>18 h 13 mn 09 s \u00e0  18 h 19 mn 44 s. <\/em><\/strong><\/p>\n\n\n\n<div class=\"wp-block-image\"><figure class=\"aligncenter size-large is-resized\"><img loading=\"lazy\" decoding=\"async\" src=\"https:\/\/www.lefieu.fr\/wp-content\/uploads\/2022\/01\/22-janvier-2022-a-1024x417.jpg\" alt=\"\" class=\"wp-image-2107\" width=\"520\" height=\"212\" srcset=\"https:\/\/www.lefieu.fr\/wp-content\/uploads\/2022\/01\/22-janvier-2022-a-1024x417.jpg 1024w, https:\/\/www.lefieu.fr\/wp-content\/uploads\/2022\/01\/22-janvier-2022-a-300x122.jpg 300w, https:\/\/www.lefieu.fr\/wp-content\/uploads\/2022\/01\/22-janvier-2022-a-768x313.jpg 768w, https:\/\/www.lefieu.fr\/wp-content\/uploads\/2022\/01\/22-janvier-2022-a-1536x626.jpg 1536w, https:\/\/www.lefieu.fr\/wp-content\/uploads\/2022\/01\/22-janvier-2022-a-2048x834.jpg 2048w\" sizes=\"auto, (max-width: 520px) 100vw, 520px\" \/><\/figure><\/div>\n\n\n\n<p><\/p>\n\n\n\n<p><span style=\"text-decoration: underline;\"><strong>Samedi 22 janvier 2022<\/strong><\/span>:    visible de <strong><em>19 h 50 mn 08 s \u00e0  19 h 53 mn 19 s. <\/em><\/strong><\/p>\n\n\n\n<div class=\"wp-block-image\"><figure class=\"aligncenter size-large is-resized\"><img loading=\"lazy\" decoding=\"async\" src=\"https:\/\/www.lefieu.fr\/wp-content\/uploads\/2022\/01\/22-janvier-2022-b-1024x428.jpg\" alt=\"\" class=\"wp-image-2108\" width=\"516\" height=\"216\" srcset=\"https:\/\/www.lefieu.fr\/wp-content\/uploads\/2022\/01\/22-janvier-2022-b-1024x428.jpg 1024w, https:\/\/www.lefieu.fr\/wp-content\/uploads\/2022\/01\/22-janvier-2022-b-300x125.jpg 300w, https:\/\/www.lefieu.fr\/wp-content\/uploads\/2022\/01\/22-janvier-2022-b-768x321.jpg 768w, https:\/\/www.lefieu.fr\/wp-content\/uploads\/2022\/01\/22-janvier-2022-b-1536x642.jpg 1536w, https:\/\/www.lefieu.fr\/wp-content\/uploads\/2022\/01\/22-janvier-2022-b-2048x857.jpg 2048w\" sizes=\"auto, (max-width: 516px) 100vw, 516px\" \/><\/figure><\/div>\n\n\n\n<p><\/p>\n\n\n\n<p><span style=\"text-decoration: underline;\"><strong>Di<\/strong><\/span><strong><span style=\"text-decoration: underline;\">manche 23 janvier 2022:<\/span><\/strong>  visible de <strong><em>19 h 02 mn 01 s \u00e0  19 h 07 mn 25 s<\/em><\/strong>. <\/p>\n\n\n\n<div class=\"wp-block-image\"><figure class=\"aligncenter size-large is-resized\"><img loading=\"lazy\" decoding=\"async\" src=\"https:\/\/www.lefieu.fr\/wp-content\/uploads\/2022\/01\/23-janvier-2022-1024x424.jpg\" alt=\"\" class=\"wp-image-2109\" width=\"517\" height=\"213\" srcset=\"https:\/\/www.lefieu.fr\/wp-content\/uploads\/2022\/01\/23-janvier-2022-1024x424.jpg 1024w, https:\/\/www.lefieu.fr\/wp-content\/uploads\/2022\/01\/23-janvier-2022-300x124.jpg 300w, https:\/\/www.lefieu.fr\/wp-content\/uploads\/2022\/01\/23-janvier-2022-768x318.jpg 768w, https:\/\/www.lefieu.fr\/wp-content\/uploads\/2022\/01\/23-janvier-2022-1536x637.jpg 1536w, https:\/\/www.lefieu.fr\/wp-content\/uploads\/2022\/01\/23-janvier-2022-2048x849.jpg 2048w\" sizes=\"auto, (max-width: 517px) 100vw, 517px\" \/><\/figure><\/div>\n\n\n\n<p><strong>L&#8217;ISS sera visible durant une trajectoire d&#8217;environ 2700 km pendant 2 \u00e0 5 minutes. Elle se d\u00e9placera \u00e0 415 km d&#8217;altitude et \u00e0 la vitesse avoisinant les 27 606 km\/h<\/strong><\/p>\n\n\n\n<p>De nombreux sites internet pr\u00e9sentent cette ISS qui fait plus de <strong>100 m\u00e8tres de long et p\u00e8se plus de 420 tonnes<\/strong> (<em>l\u2019\u00e9quivalent du poids d\u2019environ quatre baleines bleues<\/em>). De m\u00eame, plusieurs applications pour smartphones permettent de suivre en direct la station orbitale sur carte et d&#8217;\u00eatre presque \u00e0 bord en observant les magnifiques vues depuis le hublot (ex: <em>ISS live Now<\/em>).<\/p>\n\n\n\n<p class=\"has-text-color has-medium-font-size\" style=\"color:#1509ec\"><strong>Programmer les rendez-vous avec l&#8217;ISS et vivez une bonne observation \u00e9ducative !<\/strong><\/p>\n\n\n\n<p><\/p>\n","protected":false},"excerpt":{"rendered":"<p>L&#8217;agence gouvernementale am\u00e9ricaine N.A.S.A. ( National Aeronautics and Space Administration) nous informe que la Station Spatiale Internationale (ISS) passera \u00e0 proximit\u00e9 de LE FIEU dans les prochains jours. Visible \u00e0 l&#8217;\u0153il nu si le ciel est d\u00e9gag\u00e9, chaque F\u00e9odien pourra admirer le spectacle qu&#8217;offrira son passage quelque peu irr\u00e9el durant [&hellip;]<\/p>\n","protected":false},"author":1,"featured_media":2114,"comment_status":"closed","ping_status":"closed","sticky":false,"template":"","format":"standard","meta":{"_s2mail":"yes","_themeisle_gutenberg_block_has_review":false,"footnotes":""},"categories":[6],"tags":[],"class_list":["post-2099","post","type-post","status-publish","format-standard","has-post-thumbnail","hentry","category-informations"],"_links":{"self":[{"href":"https:\/\/www.lefieu.fr\/index.php\/wp-json\/wp\/v2\/posts\/2099","targetHints":{"allow":["GET"]}}],"collection":[{"href":"https:\/\/www.lefieu.fr\/index.php\/wp-json\/wp\/v2\/posts"}],"about":[{"href":"https:\/\/www.lefieu.fr\/index.php\/wp-json\/wp\/v2\/types\/post"}],"author":[{"embeddable":true,"href":"https:\/\/www.lefieu.fr\/index.php\/wp-json\/wp\/v2\/users\/1"}],"replies":[{"embeddable":true,"href":"https:\/\/www.lefieu.fr\/index.php\/wp-json\/wp\/v2\/comments?post=2099"}],"version-history":[{"count":10,"href":"https:\/\/www.lefieu.fr\/index.php\/wp-json\/wp\/v2\/posts\/2099\/revisions"}],"predecessor-version":[{"id":2119,"href":"https:\/\/www.lefieu.fr\/index.php\/wp-json\/wp\/v2\/posts\/2099\/revisions\/2119"}],"wp:featuredmedia":[{"embeddable":true,"href":"https:\/\/www.lefieu.fr\/index.php\/wp-json\/wp\/v2\/media\/2114"}],"wp:attachment":[{"href":"https:\/\/www.lefieu.fr\/index.php\/wp-json\/wp\/v2\/media?parent=2099"}],"wp:term":[{"taxonomy":"category","embeddable":true,"href":"https:\/\/www.lefieu.fr\/index.php\/wp-json\/wp\/v2\/categories?post=2099"},{"taxonomy":"post_tag","embeddable":true,"href":"https:\/\/www.lefieu.fr\/index.php\/wp-json\/wp\/v2\/tags?post=2099"}],"curies":[{"name":"wp","href":"https:\/\/api.w.org\/{rel}","templated":true}]}}