{"id":2143,"date":"2022-01-21T07:59:39","date_gmt":"2022-01-21T06:59:39","guid":{"rendered":"https:\/\/www.lefieu.fr\/?p=2143"},"modified":"2022-01-21T07:59:41","modified_gmt":"2022-01-21T06:59:41","slug":"nouveau-centre-de-depistage","status":"publish","type":"post","link":"https:\/\/www.lefieu.fr\/index.php\/2022\/01\/21\/nouveau-centre-de-depistage\/","title":{"rendered":"Nouveau centre de d\u00e9pistage"},"content":{"rendered":"\n<p><\/p>\n\n\n\n<p>Pour faire face \u00e0 l\u2019affluence, voire la saturation que subissent les pharmacies, le Pr\u00e9sident de La Cali, a souhait\u00e9 ouvrir un centre de d\u00e9pistage \u00e9ph\u00e9m\u00e8re gr\u00e2ce \u00e0 la mobilisation des professionnels de sant\u00e9 du territoire, ainsi qu&#8217;avec le concours de l\u2019ARS, de l\u2019\u00c9tat et des agents de la ville de Libourne et de La Cali.<\/p>\n\n\n\n<p>Ce centre de d\u00e9pistage sera situ\u00e9 <strong>15 place Joffre \u00e0 Libourne sur le site des Casernes de l\u2019ESOG<\/strong> et sera <strong>ouvert du lundi au samedi, de 9h \u00e0 17h<\/strong>. Il sera accessible sans rendez-vous dans la limite de 300 tests antig\u00e9niques par jour pour les personnes dont le test est pris en charge par l\u2019assurance maladie <em><span style=\"text-decoration: underline;\">(les personnes dont le test demeure payant ne seront pas accept\u00e9s; ils devront continuer de se rendre dans les pharmacies ou laboratoires)<\/span><\/em>.<\/p>\n\n\n\n<p>Vous trouverez toutes les informations utiles sur le site de la Cali en <a href=\"https:\/\/www.lacali.fr\/actualites-de-la-cali\/libourne-ouverture-mercredi-12-janvier-2022-dun-centre-de-depistage-covid\">cliquant ici\u00a0:<\/a><\/p>\n\n\n\n<div class=\"wp-block-image\"><figure class=\"aligncenter size-full\"><img loading=\"lazy\" decoding=\"async\" width=\"560\" height=\"837\" src=\"https:\/\/www.lefieu.fr\/wp-content\/uploads\/2022\/01\/centre-depistage.png\" alt=\"\" class=\"wp-image-2146\" srcset=\"https:\/\/www.lefieu.fr\/wp-content\/uploads\/2022\/01\/centre-depistage.png 560w, https:\/\/www.lefieu.fr\/wp-content\/uploads\/2022\/01\/centre-depistage-201x300.png 201w\" sizes=\"auto, (max-width: 560px) 100vw, 560px\" \/><\/figure><\/div>\n","protected":false},"excerpt":{"rendered":"<p>Pour faire face \u00e0 l\u2019affluence, voire la saturation que subissent les pharmacies, le Pr\u00e9sident de La Cali, a souhait\u00e9 ouvrir un centre de d\u00e9pistage \u00e9ph\u00e9m\u00e8re gr\u00e2ce \u00e0 la mobilisation des professionnels de sant\u00e9 du territoire, ainsi qu&#8217;avec le concours de l\u2019ARS, de l\u2019\u00c9tat et des agents de la ville de [&hellip;]<\/p>\n","protected":false},"author":1,"featured_media":2145,"comment_status":"closed","ping_status":"closed","sticky":false,"template":"","format":"standard","meta":{"_s2mail":"yes","_themeisle_gutenberg_block_has_review":false,"footnotes":""},"categories":[6],"tags":[],"class_list":["post-2143","post","type-post","status-publish","format-standard","has-post-thumbnail","hentry","category-informations"],"_links":{"self":[{"href":"https:\/\/www.lefieu.fr\/index.php\/wp-json\/wp\/v2\/posts\/2143","targetHints":{"allow":["GET"]}}],"collection":[{"href":"https:\/\/www.lefieu.fr\/index.php\/wp-json\/wp\/v2\/posts"}],"about":[{"href":"https:\/\/www.lefieu.fr\/index.php\/wp-json\/wp\/v2\/types\/post"}],"author":[{"embeddable":true,"href":"https:\/\/www.lefieu.fr\/index.php\/wp-json\/wp\/v2\/users\/1"}],"replies":[{"embeddable":true,"href":"https:\/\/www.lefieu.fr\/index.php\/wp-json\/wp\/v2\/comments?post=2143"}],"version-history":[{"count":2,"href":"https:\/\/www.lefieu.fr\/index.php\/wp-json\/wp\/v2\/posts\/2143\/revisions"}],"predecessor-version":[{"id":2147,"href":"https:\/\/www.lefieu.fr\/index.php\/wp-json\/wp\/v2\/posts\/2143\/revisions\/2147"}],"wp:featuredmedia":[{"embeddable":true,"href":"https:\/\/www.lefieu.fr\/index.php\/wp-json\/wp\/v2\/media\/2145"}],"wp:attachment":[{"href":"https:\/\/www.lefieu.fr\/index.php\/wp-json\/wp\/v2\/media?parent=2143"}],"wp:term":[{"taxonomy":"category","embeddable":true,"href":"https:\/\/www.lefieu.fr\/index.php\/wp-json\/wp\/v2\/categories?post=2143"},{"taxonomy":"post_tag","embeddable":true,"href":"https:\/\/www.lefieu.fr\/index.php\/wp-json\/wp\/v2\/tags?post=2143"}],"curies":[{"name":"wp","href":"https:\/\/api.w.org\/{rel}","templated":true}]}}