{"id":2170,"date":"2022-02-15T14:43:19","date_gmt":"2022-02-15T13:43:19","guid":{"rendered":"https:\/\/www.lefieu.fr\/?p=2170"},"modified":"2022-02-15T14:43:20","modified_gmt":"2022-02-15T13:43:20","slug":"la-toiture-de-la-mairie-en-refection","status":"publish","type":"post","link":"https:\/\/www.lefieu.fr\/index.php\/2022\/02\/15\/la-toiture-de-la-mairie-en-refection\/","title":{"rendered":"La toiture de la mairie en r\u00e9fection"},"content":{"rendered":"\n<p>Depuis plusieurs ann\u00e9es, la toiture de la mairie laisse appara\u00eetre quelques soucis d&#8217;\u00e9tanch\u00e9it\u00e9 ponctuels. A chaque fois, une intervention partielle \u00e9tait n\u00e9cessaire pour \u00e9viter des d\u00e9gradations plus s\u00e9rieuses du b\u00e2timent.<\/p>\n\n\n\n<p>Aujourd&#8217;hui, des travaux plus importants ont \u00e9t\u00e9 engag\u00e9s pour remanier l&#8217;ensemble de la toiture. L&#8217;entreprise Mazurie-Cotrabois a \u00e9t\u00e9 charg\u00e9e de ces travaux qui vont durer plusieurs semaines. <\/p>\n\n\n\n<p>La partie centrale de la toiture avec r\u00e9fection des avant-toits a n\u00e9cessit\u00e9 le stationnement d&#8217;un engin t\u00e9lescopique de grande port\u00e9e sur la route d\u00e9partementale RD21e1 (devant la mairie). Cette g\u00eane momentan\u00e9e aux usagers de la route a permis de r\u00e9aliser cette intervention en fa\u00e7ade dans un minimum de temps.<\/p>\n\n\n\n<div class=\"wp-block-image\"><figure class=\"aligncenter size-large is-resized\"><img loading=\"lazy\" decoding=\"async\" src=\"https:\/\/www.lefieu.fr\/wp-content\/uploads\/2022\/02\/2022-02-10_17h30_09-1024x640.png\" alt=\"\" class=\"wp-image-2171\" width=\"555\" height=\"347\" srcset=\"https:\/\/www.lefieu.fr\/wp-content\/uploads\/2022\/02\/2022-02-10_17h30_09-1024x640.png 1024w, https:\/\/www.lefieu.fr\/wp-content\/uploads\/2022\/02\/2022-02-10_17h30_09-300x187.png 300w, https:\/\/www.lefieu.fr\/wp-content\/uploads\/2022\/02\/2022-02-10_17h30_09-768x480.png 768w, https:\/\/www.lefieu.fr\/wp-content\/uploads\/2022\/02\/2022-02-10_17h30_09.png 1511w\" sizes=\"auto, (max-width: 555px) 100vw, 555px\" \/><figcaption>R\u00e9fection des avant-toits de la partie centrale<\/figcaption><\/figure><\/div>\n\n\n\n<div class=\"wp-block-image\"><figure class=\"aligncenter size-large is-resized\"><img loading=\"lazy\" decoding=\"async\" src=\"https:\/\/www.lefieu.fr\/wp-content\/uploads\/2022\/02\/2022-02-10_17h29_29-1024x680.png\" alt=\"\" class=\"wp-image-2172\" width=\"552\" height=\"366\" srcset=\"https:\/\/www.lefieu.fr\/wp-content\/uploads\/2022\/02\/2022-02-10_17h29_29-1024x680.png 1024w, https:\/\/www.lefieu.fr\/wp-content\/uploads\/2022\/02\/2022-02-10_17h29_29-300x199.png 300w, https:\/\/www.lefieu.fr\/wp-content\/uploads\/2022\/02\/2022-02-10_17h29_29-768x510.png 768w, https:\/\/www.lefieu.fr\/wp-content\/uploads\/2022\/02\/2022-02-10_17h29_29-360x240.png 360w, https:\/\/www.lefieu.fr\/wp-content\/uploads\/2022\/02\/2022-02-10_17h29_29.png 1326w\" sizes=\"auto, (max-width: 552px) 100vw, 552px\" \/><figcaption>Avec la nacelle, les ouvriers travaillent avec une parfaite protection<\/figcaption><\/figure><\/div>\n","protected":false},"excerpt":{"rendered":"<p>Depuis plusieurs ann\u00e9es, la toiture de la mairie laisse appara\u00eetre quelques soucis d&#8217;\u00e9tanch\u00e9it\u00e9 ponctuels. A chaque fois, une intervention partielle \u00e9tait n\u00e9cessaire pour \u00e9viter des d\u00e9gradations plus s\u00e9rieuses du b\u00e2timent. Aujourd&#8217;hui, des travaux plus importants ont \u00e9t\u00e9 engag\u00e9s pour remanier l&#8217;ensemble de la toiture. L&#8217;entreprise Mazurie-Cotrabois a \u00e9t\u00e9 charg\u00e9e de [&hellip;]<\/p>\n","protected":false},"author":1,"featured_media":2173,"comment_status":"closed","ping_status":"closed","sticky":false,"template":"","format":"standard","meta":{"_s2mail":"","_themeisle_gutenberg_block_has_review":false,"footnotes":""},"categories":[25],"tags":[],"class_list":["post-2170","post","type-post","status-publish","format-standard","has-post-thumbnail","hentry","category-travaux"],"_links":{"self":[{"href":"https:\/\/www.lefieu.fr\/index.php\/wp-json\/wp\/v2\/posts\/2170","targetHints":{"allow":["GET"]}}],"collection":[{"href":"https:\/\/www.lefieu.fr\/index.php\/wp-json\/wp\/v2\/posts"}],"about":[{"href":"https:\/\/www.lefieu.fr\/index.php\/wp-json\/wp\/v2\/types\/post"}],"author":[{"embeddable":true,"href":"https:\/\/www.lefieu.fr\/index.php\/wp-json\/wp\/v2\/users\/1"}],"replies":[{"embeddable":true,"href":"https:\/\/www.lefieu.fr\/index.php\/wp-json\/wp\/v2\/comments?post=2170"}],"version-history":[{"count":2,"href":"https:\/\/www.lefieu.fr\/index.php\/wp-json\/wp\/v2\/posts\/2170\/revisions"}],"predecessor-version":[{"id":2175,"href":"https:\/\/www.lefieu.fr\/index.php\/wp-json\/wp\/v2\/posts\/2170\/revisions\/2175"}],"wp:featuredmedia":[{"embeddable":true,"href":"https:\/\/www.lefieu.fr\/index.php\/wp-json\/wp\/v2\/media\/2173"}],"wp:attachment":[{"href":"https:\/\/www.lefieu.fr\/index.php\/wp-json\/wp\/v2\/media?parent=2170"}],"wp:term":[{"taxonomy":"category","embeddable":true,"href":"https:\/\/www.lefieu.fr\/index.php\/wp-json\/wp\/v2\/categories?post=2170"},{"taxonomy":"post_tag","embeddable":true,"href":"https:\/\/www.lefieu.fr\/index.php\/wp-json\/wp\/v2\/tags?post=2170"}],"curies":[{"name":"wp","href":"https:\/\/api.w.org\/{rel}","templated":true}]}}