{"id":2221,"date":"2022-03-04T21:39:18","date_gmt":"2022-03-04T20:39:18","guid":{"rendered":"https:\/\/www.lefieu.fr\/?p=2221"},"modified":"2022-03-05T08:30:04","modified_gmt":"2022-03-05T07:30:04","slug":"solidarite-ukraine","status":"publish","type":"post","link":"https:\/\/www.lefieu.fr\/index.php\/2022\/03\/04\/solidarite-ukraine\/","title":{"rendered":"Solidarit\u00e9 UKRAINE"},"content":{"rendered":"\n<p>Depuis quelques jours, une guerre abominable frappe l&#8217;Europe de l&#8217;Est, notre Europe. Ce conflit aux portes de nos pays est d\u00e9j\u00e0 une catastrophe \u00e9conomique mais aussi humaine qui conduit \u00e0 l&#8217;exode de plusieurs milliers de familles ukrainiennes. Tandis que les jeunes hommes prennent les armes pour d\u00e9fendre leur pays, des femmes, des hommes \u00e2g\u00e9s et surtout des enfants vivent difficilement ce d\u00e9placement de foule pour tenter de survivre. Ces personnes d\u00e9plac\u00e9s esp\u00e8rent trouver le calme et la s\u00e9curit\u00e9 dans les pays de l&#8217;Europe qui font bloc aux c\u00f4t\u00e9s de l&#8217;Ukraine et qui n&#8217;h\u00e9sitent pas \u00e0 ouvrir leurs fronti\u00e8res.<\/p>\n\n\n\n<p>Partout, la solidarit\u00e9 se met en place. Les europ\u00e9ens que nous sommes s&#8217;organisent pour apporter une aide \u00e0 cette population d\u00e9plac\u00e9e. <\/p>\n\n\n\n<p>Les gouvernements, les administrations, les collectivit\u00e9s de tous les pays s&#8217;unissent aujourd&#8217;hui. Plus pr\u00e8s de chez nous, et sous l&#8217;\u00e9gide de la CALI,  l&#8217;ensemble de nos communes soutiennent et facilitent les actions qui sont mises en place. Mais dans un souci d&#8217;organisation, la CALI fait part des consignes pour l&#8217;aide que nous pouvons apporter afin d&#8217;\u00eatre le plus efficace possible en fonction des besoins. Avec les documents ci-apr\u00e8s, chacun pourra trouver toutes les informations et le moyen d&#8217;aider utilement le peuple ukrainien.<\/p>\n\n\n\n<div class=\"wp-block-image\"><figure class=\"aligncenter size-large\"><img loading=\"lazy\" decoding=\"async\" width=\"1024\" height=\"538\" src=\"https:\/\/www.lefieu.fr\/wp-content\/uploads\/2022\/03\/FB-Soutien-Ukraine-1-2-1024x538.png\" alt=\"\" class=\"wp-image-2222\" srcset=\"https:\/\/www.lefieu.fr\/wp-content\/uploads\/2022\/03\/FB-Soutien-Ukraine-1-2-1024x538.png 1024w, https:\/\/www.lefieu.fr\/wp-content\/uploads\/2022\/03\/FB-Soutien-Ukraine-1-2-300x158.png 300w, https:\/\/www.lefieu.fr\/wp-content\/uploads\/2022\/03\/FB-Soutien-Ukraine-1-2-768x404.png 768w, https:\/\/www.lefieu.fr\/wp-content\/uploads\/2022\/03\/FB-Soutien-Ukraine-1-2.png 1200w\" sizes=\"auto, (max-width: 1024px) 100vw, 1024px\" \/><\/figure><\/div>\n\n\n\n<p><em>Il est \u00e0 noter \u00e9galement que les relations amicales ou familiales font que certains habitants pourraient recevoir des ukrainiens d\u00e9plac\u00e9s au sein de leur logement. Cette initiative totalement priv\u00e9e doit imp\u00e9rativement \u00eatre port\u00e9e \u00e0 la connaissance de la mairie. Cette proc\u00e9dure permettra alors d&#8217;assurer un suivi administratif de ces personnes dans leur unique int\u00e9r\u00eat.<\/em><\/p>\n\n\n\n<div class=\"wp-block-image\"><figure class=\"aligncenter size-large\"><img loading=\"lazy\" decoding=\"async\" width=\"1024\" height=\"538\" src=\"https:\/\/www.lefieu.fr\/wp-content\/uploads\/2022\/03\/FB-Soutien-Ukraine-2-1024x538.png\" alt=\"\" class=\"wp-image-2223\" srcset=\"https:\/\/www.lefieu.fr\/wp-content\/uploads\/2022\/03\/FB-Soutien-Ukraine-2-1024x538.png 1024w, https:\/\/www.lefieu.fr\/wp-content\/uploads\/2022\/03\/FB-Soutien-Ukraine-2-300x158.png 300w, https:\/\/www.lefieu.fr\/wp-content\/uploads\/2022\/03\/FB-Soutien-Ukraine-2-768x404.png 768w, https:\/\/www.lefieu.fr\/wp-content\/uploads\/2022\/03\/FB-Soutien-Ukraine-2.png 1200w\" sizes=\"auto, (max-width: 1024px) 100vw, 1024px\" \/><\/figure><\/div>\n\n\n\n<p><strong><em>Pour les F\u00e9odiens qui ne peuvent pas se d\u00e9placer \u00e0 Libourne, la mairie de LE FIEU pourra accueillir les <\/em><\/strong><em><strong>dons aux heures habituelles d&#8217;ouverture <span style=\"text-decoration: underline;\">\u00e0 compter du 14 mars prochain<\/span>.<\/strong> La municipalit\u00e9 assurera ensuite le transfert de ces dons jusqu&#8217;\u00e0 Libourne.<\/em><\/p>\n\n\n\n<div class=\"wp-block-image\"><figure class=\"aligncenter size-large\"><img loading=\"lazy\" decoding=\"async\" width=\"1024\" height=\"538\" src=\"https:\/\/www.lefieu.fr\/wp-content\/uploads\/2022\/03\/FB-Soutien-Ukraine-3-1024x538.png\" alt=\"\" class=\"wp-image-2224\" srcset=\"https:\/\/www.lefieu.fr\/wp-content\/uploads\/2022\/03\/FB-Soutien-Ukraine-3-1024x538.png 1024w, https:\/\/www.lefieu.fr\/wp-content\/uploads\/2022\/03\/FB-Soutien-Ukraine-3-300x158.png 300w, https:\/\/www.lefieu.fr\/wp-content\/uploads\/2022\/03\/FB-Soutien-Ukraine-3-768x404.png 768w, https:\/\/www.lefieu.fr\/wp-content\/uploads\/2022\/03\/FB-Soutien-Ukraine-3.png 1200w\" sizes=\"auto, (max-width: 1024px) 100vw, 1024px\" \/><\/figure><\/div>\n\n\n\n<div class=\"wp-block-image\"><figure class=\"aligncenter size-large\"><img loading=\"lazy\" decoding=\"async\" width=\"1024\" height=\"538\" src=\"https:\/\/www.lefieu.fr\/wp-content\/uploads\/2022\/03\/FB-Soutien-Ukraine-4-1024x538.png\" alt=\"\" class=\"wp-image-2225\" srcset=\"https:\/\/www.lefieu.fr\/wp-content\/uploads\/2022\/03\/FB-Soutien-Ukraine-4-1024x538.png 1024w, https:\/\/www.lefieu.fr\/wp-content\/uploads\/2022\/03\/FB-Soutien-Ukraine-4-300x158.png 300w, https:\/\/www.lefieu.fr\/wp-content\/uploads\/2022\/03\/FB-Soutien-Ukraine-4-768x404.png 768w, https:\/\/www.lefieu.fr\/wp-content\/uploads\/2022\/03\/FB-Soutien-Ukraine-4.png 1200w\" sizes=\"auto, (max-width: 1024px) 100vw, 1024px\" \/><\/figure><\/div>\n","protected":false},"excerpt":{"rendered":"<p>Depuis quelques jours, une guerre abominable frappe l&#8217;Europe de l&#8217;Est, notre Europe. Ce conflit aux portes de nos pays est d\u00e9j\u00e0 une catastrophe \u00e9conomique mais aussi humaine qui conduit \u00e0 l&#8217;exode de plusieurs milliers de familles ukrainiennes. Tandis que les jeunes hommes prennent les armes pour d\u00e9fendre leur pays, des [&hellip;]<\/p>\n","protected":false},"author":1,"featured_media":2226,"comment_status":"closed","ping_status":"closed","sticky":false,"template":"","format":"standard","meta":{"_s2mail":"yes","_themeisle_gutenberg_block_has_review":false,"footnotes":""},"categories":[6],"tags":[],"class_list":["post-2221","post","type-post","status-publish","format-standard","has-post-thumbnail","hentry","category-informations"],"_links":{"self":[{"href":"https:\/\/www.lefieu.fr\/index.php\/wp-json\/wp\/v2\/posts\/2221","targetHints":{"allow":["GET"]}}],"collection":[{"href":"https:\/\/www.lefieu.fr\/index.php\/wp-json\/wp\/v2\/posts"}],"about":[{"href":"https:\/\/www.lefieu.fr\/index.php\/wp-json\/wp\/v2\/types\/post"}],"author":[{"embeddable":true,"href":"https:\/\/www.lefieu.fr\/index.php\/wp-json\/wp\/v2\/users\/1"}],"replies":[{"embeddable":true,"href":"https:\/\/www.lefieu.fr\/index.php\/wp-json\/wp\/v2\/comments?post=2221"}],"version-history":[{"count":2,"href":"https:\/\/www.lefieu.fr\/index.php\/wp-json\/wp\/v2\/posts\/2221\/revisions"}],"predecessor-version":[{"id":2231,"href":"https:\/\/www.lefieu.fr\/index.php\/wp-json\/wp\/v2\/posts\/2221\/revisions\/2231"}],"wp:featuredmedia":[{"embeddable":true,"href":"https:\/\/www.lefieu.fr\/index.php\/wp-json\/wp\/v2\/media\/2226"}],"wp:attachment":[{"href":"https:\/\/www.lefieu.fr\/index.php\/wp-json\/wp\/v2\/media?parent=2221"}],"wp:term":[{"taxonomy":"category","embeddable":true,"href":"https:\/\/www.lefieu.fr\/index.php\/wp-json\/wp\/v2\/categories?post=2221"},{"taxonomy":"post_tag","embeddable":true,"href":"https:\/\/www.lefieu.fr\/index.php\/wp-json\/wp\/v2\/tags?post=2221"}],"curies":[{"name":"wp","href":"https:\/\/api.w.org\/{rel}","templated":true}]}}