{"id":2262,"date":"2022-04-05T13:32:47","date_gmt":"2022-04-05T11:32:47","guid":{"rendered":"https:\/\/www.lefieu.fr\/?p=2262"},"modified":"2022-04-05T13:32:49","modified_gmt":"2022-04-05T11:32:49","slug":"fibre-point-sur-le-deploiement-a-le-fieu","status":"publish","type":"post","link":"https:\/\/www.lefieu.fr\/index.php\/2022\/04\/05\/fibre-point-sur-le-deploiement-a-le-fieu\/","title":{"rendered":"Fibre : Point sur le d\u00e9ploiement \u00e0 LE FIEU"},"content":{"rendered":"\n<p>Les travaux de d\u00e9ploiement de la fibre optique ne cessent d&#8217;avancer sur le territoire communal. Au fur et \u00e0 mesure que les entreprises avancent, des probl\u00e8mes techniques surviennent parfois sur le terrain et ralentissent ce d\u00e9ploiement que les F\u00e9odiens attendent avec une grande impatience.<\/p>\n\n\n\n<p>Malgr\u00e9 les impond\u00e9rables de chantier, le D\u00e9partement de la Gironde et notamment Gironde num\u00e9rique  ainsi que la CALI mettent tout en \u0153uvre pour assurer la desserte de l&#8217;ensemble de la population dans les meilleurs d\u00e9lais.<\/p>\n\n\n\n<p>Sur le tableau ci-apr\u00e8s, chacun pourra constater que, sur le territoire de la CALI, notre commune est d\u00e9j\u00e0 bien desservie avec <strong><span style=\"text-decoration: underline;\">49% de d\u00e9ploiement r\u00e9alis\u00e9 au 31 mars 2022<\/span><\/strong> gr\u00e2ce \u00e0 la sollicitation et la pression permanente qu&#8217;exercent les \u00e9lus de LE FIEU.<\/p>\n\n\n\n<div data-wp-interactive=\"core\/file\" class=\"wp-block-file\"><object data-wp-bind--hidden=\"!state.hasPdfPreview\" hidden class=\"wp-block-file__embed\" data=\"https:\/\/www.lefieu.fr\/wp-content\/uploads\/2022\/04\/Fibre-au-31-mars-2022.pdf\" type=\"application\/pdf\" style=\"width:100%;height:600px\" aria-label=\"Contenu embarqu\u00e9 Contenu embarqu\u00e9 Fibre-au-31-mars-2022..\"><\/object><a id=\"wp-block-file--media-36de561a-88d9-469e-87a2-5e38a5ff991c\" href=\"https:\/\/www.lefieu.fr\/wp-content\/uploads\/2022\/04\/Fibre-au-31-mars-2022.pdf\">Fibre-au-31-mars-2022<\/a><a href=\"https:\/\/www.lefieu.fr\/wp-content\/uploads\/2022\/04\/Fibre-au-31-mars-2022.pdf\" class=\"wp-block-file__button\" download aria-describedby=\"wp-block-file--media-36de561a-88d9-469e-87a2-5e38a5ff991c\">T\u00e9l\u00e9charger<\/a><\/div>\n\n\n\n<p>Lors d&#8217;une entrevue avec Gironde num\u00e9rique pour \u00e9lucider quelques cas de raccordements difficiles sur la commune, le Maire, Michel VACHER, a obtenu des informations capitales pour les F\u00e9odiens dont les habitations n&#8217;apparaissent pas sur la carte de d\u00e9ploiement <a href=\"https:\/\/www.girondehautmega.fr\/carte-deligibilite\">(https:\/\/www.girondehautmega.fr\/carte-deligibilite)<\/a><\/p>\n\n\n\n<p>En effet, deux types de cas sont identifi\u00e9s sur LE FIEU :<\/p>\n\n\n\n<ol class=\"wp-block-list\"><li>Votre habitation n&#8217;apparait pas sur la carte,<\/li><li>Vous venez de construire et votre habitation n&#8217;existait pas au recensement fait par Gironde num\u00e9rique.<\/li><\/ol>\n\n\n\n<p>Si vous \u00eates dans l&#8217;un de ces 2 cas, vous devez imp\u00e9rativement et rapidement vous connecter au site de <strong>Gironde Haut M\u00e9ga<\/strong> <a href=\"https:\/\/www.girondehautmega.fr\/\">(https:\/\/www.girondehautmega.fr\/)<\/a> puis aller sur &#8220;<strong><em>Contact<\/em><\/strong>&#8221; et remplir le <a href=\"https:\/\/www.girondehautmega.fr\/contact\">formulaire<\/a> en pr\u00e9cisant que votre question concerne :  &#8220;<em><strong>Mon logement n&#8217;appara\u00eet pas<\/strong><\/em>&#8220;. Ensuite, dans &#8220;<em><strong>Informations compl\u00e9mentaires<\/strong><\/em>&#8220;,  vous devez pr\u00e9ciser et argumenter votre demande. La prise en compte prendra plusieurs semaines&#8230;<\/p>\n\n\n\n<div class=\"wp-block-image\"><figure class=\"aligncenter size-large\"><img loading=\"lazy\" decoding=\"async\" width=\"1024\" height=\"732\" src=\"https:\/\/www.lefieu.fr\/wp-content\/uploads\/2022\/04\/2022-04-04_22h16_03-1024x732.png\" alt=\"\" class=\"wp-image-2264\" srcset=\"https:\/\/www.lefieu.fr\/wp-content\/uploads\/2022\/04\/2022-04-04_22h16_03-1024x732.png 1024w, https:\/\/www.lefieu.fr\/wp-content\/uploads\/2022\/04\/2022-04-04_22h16_03-300x214.png 300w, https:\/\/www.lefieu.fr\/wp-content\/uploads\/2022\/04\/2022-04-04_22h16_03-768x549.png 768w, https:\/\/www.lefieu.fr\/wp-content\/uploads\/2022\/04\/2022-04-04_22h16_03.png 1045w\" sizes=\"auto, (max-width: 1024px) 100vw, 1024px\" \/><figcaption>Planning pr\u00e9visionnel du d\u00e9ploiement<\/figcaption><\/figure><\/div>\n","protected":false},"excerpt":{"rendered":"<p>Les travaux de d\u00e9ploiement de la fibre optique ne cessent d&#8217;avancer sur le territoire communal. Au fur et \u00e0 mesure que les entreprises avancent, des probl\u00e8mes techniques surviennent parfois sur le terrain et ralentissent ce d\u00e9ploiement que les F\u00e9odiens attendent avec une grande impatience. Malgr\u00e9 les impond\u00e9rables de chantier, le [&hellip;]<\/p>\n","protected":false},"author":1,"featured_media":2265,"comment_status":"closed","ping_status":"closed","sticky":false,"template":"","format":"standard","meta":{"_s2mail":"","_themeisle_gutenberg_block_has_review":false,"footnotes":""},"categories":[6,25],"tags":[],"class_list":["post-2262","post","type-post","status-publish","format-standard","has-post-thumbnail","hentry","category-informations","category-travaux"],"_links":{"self":[{"href":"https:\/\/www.lefieu.fr\/index.php\/wp-json\/wp\/v2\/posts\/2262","targetHints":{"allow":["GET"]}}],"collection":[{"href":"https:\/\/www.lefieu.fr\/index.php\/wp-json\/wp\/v2\/posts"}],"about":[{"href":"https:\/\/www.lefieu.fr\/index.php\/wp-json\/wp\/v2\/types\/post"}],"author":[{"embeddable":true,"href":"https:\/\/www.lefieu.fr\/index.php\/wp-json\/wp\/v2\/users\/1"}],"replies":[{"embeddable":true,"href":"https:\/\/www.lefieu.fr\/index.php\/wp-json\/wp\/v2\/comments?post=2262"}],"version-history":[{"count":4,"href":"https:\/\/www.lefieu.fr\/index.php\/wp-json\/wp\/v2\/posts\/2262\/revisions"}],"predecessor-version":[{"id":2269,"href":"https:\/\/www.lefieu.fr\/index.php\/wp-json\/wp\/v2\/posts\/2262\/revisions\/2269"}],"wp:featuredmedia":[{"embeddable":true,"href":"https:\/\/www.lefieu.fr\/index.php\/wp-json\/wp\/v2\/media\/2265"}],"wp:attachment":[{"href":"https:\/\/www.lefieu.fr\/index.php\/wp-json\/wp\/v2\/media?parent=2262"}],"wp:term":[{"taxonomy":"category","embeddable":true,"href":"https:\/\/www.lefieu.fr\/index.php\/wp-json\/wp\/v2\/categories?post=2262"},{"taxonomy":"post_tag","embeddable":true,"href":"https:\/\/www.lefieu.fr\/index.php\/wp-json\/wp\/v2\/tags?post=2262"}],"curies":[{"name":"wp","href":"https:\/\/api.w.org\/{rel}","templated":true}]}}