{"id":2355,"date":"2022-06-10T08:02:31","date_gmt":"2022-06-10T06:02:31","guid":{"rendered":"https:\/\/www.lefieu.fr\/?p=2355"},"modified":"2022-07-13T17:21:31","modified_gmt":"2022-07-13T15:21:31","slug":"les-feodiens-descendent-dans-la-rue","status":"publish","type":"post","link":"https:\/\/www.lefieu.fr\/index.php\/2022\/06\/10\/les-feodiens-descendent-dans-la-rue\/","title":{"rendered":"Les F\u00e9odiens descendent dans la rue !"},"content":{"rendered":"\n<p>Depuis quelques mois, les F\u00e9odiens se pr\u00eatent \u00e0 la pr\u00e9paration d&#8217;une op\u00e9ration hors norme. Sous <a href=\"https:\/\/loeildeken.fr\/\">l&#8217;oeil de Ken<\/a>, les habitants de Le Fieu participent activement \u00e0 la pr\u00e9paration d&#8217;un grande exposition d\u00e9ambulatoire qui verra le jour \u00e0 la fin du mois de juin prochain.<\/p>\n\n\n\n<p>Cette exposition porte le nom \u00e9vocateur de &#8220;<strong>100 visages, 100 mots<\/strong>&#8220;. Le 25 juin 2022 \u00e0 17h, ce sera 100 portraits de F\u00e9odiens qui seront expos\u00e9s dans les rues de la commune. Chaque portrait sera accompagn\u00e9 d&#8217;un texte sonore que les visiteurs pourront \u00e9couter \u00e0 leur guise \u00e0 l&#8217;aide de leur smartphone et leurs \u00e9couteurs. Pour cela, il suffira de scanner le QR Code positionn\u00e9 sur le portrait.<\/p>\n\n\n\n<p>Accompagn\u00e9 d&#8217;Anne Sophie Conan (Radio Label Verte) et son oreille attentive pour \u00e9couter les confidences, c&#8217;est le <a href=\"https:\/\/actu.fr\/nouvelle-aquitaine\/bordeaux_33063\/dans-rues-bordeaux-ken-photographie-sdf-leur-redonner-une-identite_24019282.html\"><strong>photographe Ken Wong-Youk-Hong<\/strong><\/a> qui, \u00e0 l&#8217;aide de son appareil photo, se d\u00e9place chez les F\u00e9odiens pour saisir le meilleur instant pour immortaliser le portrait. <\/p>\n\n\n\n<p>Avec cette exposition, <strong>les \u00e9lus de la commune<\/strong> avec l&#8217;association &#8220;<strong><a href=\"https:\/\/www.facebook.com\/Cargodeuxcentneuf\">Cargo 209<\/a><\/strong>&#8221; et &#8220;<strong><a href=\"https:\/\/www.facebook.com\/RadioLabelVerte\/\">Radio Label Verte<\/a><\/strong>&#8221; veulent mettre en lumi\u00e8re la richesse et la diversit\u00e9 des habitants. Cette exp\u00e9rience unique pour les F\u00e9odiens se traduira par l&#8217;affichage des portraits sur un cheminement dont le point de d\u00e9part sera la mairie de LE FIEU. <strong><span style=\"text-decoration: underline;\">Cette exposition d\u00e9ambulatoire libre sera visible du 26 juin au 29 septembre<\/span><\/strong><span style=\"text-decoration: underline;\"><strong> 2022<\/strong><\/span> dans les rues et all\u00e9es de la commune. <\/p>\n\n\n\n<p class=\"has-text-align-center\"><strong>L&#8217;inauguration aura lieu le :<\/strong><\/p>\n\n\n\n<p class=\"has-text-align-center\"><strong>samedi 25 juin 2022 \u00e0 17h00 <\/strong>\u00e0 la mairie.<\/p>\n\n\n\n<p><\/p>\n\n\n\n<figure class=\"wp-block-image alignwide size-large\"><img loading=\"lazy\" decoding=\"async\" width=\"1024\" height=\"534\" src=\"https:\/\/www.lefieu.fr\/wp-content\/uploads\/2022\/06\/2022-06-10_07h58_12-1024x534.png\" alt=\"\" class=\"wp-image-2367\" srcset=\"https:\/\/www.lefieu.fr\/wp-content\/uploads\/2022\/06\/2022-06-10_07h58_12-1024x534.png 1024w, https:\/\/www.lefieu.fr\/wp-content\/uploads\/2022\/06\/2022-06-10_07h58_12-300x157.png 300w, https:\/\/www.lefieu.fr\/wp-content\/uploads\/2022\/06\/2022-06-10_07h58_12-768x401.png 768w, https:\/\/www.lefieu.fr\/wp-content\/uploads\/2022\/06\/2022-06-10_07h58_12.png 1405w\" sizes=\"auto, (max-width: 1024px) 100vw, 1024px\" \/><\/figure>\n","protected":false},"excerpt":{"rendered":"<p>Depuis quelques mois, les F\u00e9odiens se pr\u00eatent \u00e0 la pr\u00e9paration d&#8217;une op\u00e9ration hors norme. Sous l&#8217;oeil de Ken, les habitants de Le Fieu participent activement \u00e0 la pr\u00e9paration d&#8217;un grande exposition d\u00e9ambulatoire qui verra le jour \u00e0 la fin du mois de juin prochain. Cette exposition porte le nom \u00e9vocateur [&hellip;]<\/p>\n","protected":false},"author":1,"featured_media":2364,"comment_status":"closed","ping_status":"closed","sticky":false,"template":"","format":"standard","meta":{"_s2mail":"yes","_themeisle_gutenberg_block_has_review":false,"footnotes":""},"categories":[6,12],"tags":[],"class_list":["post-2355","post","type-post","status-publish","format-standard","has-post-thumbnail","hentry","category-informations","category-municipalite"],"_links":{"self":[{"href":"https:\/\/www.lefieu.fr\/index.php\/wp-json\/wp\/v2\/posts\/2355","targetHints":{"allow":["GET"]}}],"collection":[{"href":"https:\/\/www.lefieu.fr\/index.php\/wp-json\/wp\/v2\/posts"}],"about":[{"href":"https:\/\/www.lefieu.fr\/index.php\/wp-json\/wp\/v2\/types\/post"}],"author":[{"embeddable":true,"href":"https:\/\/www.lefieu.fr\/index.php\/wp-json\/wp\/v2\/users\/1"}],"replies":[{"embeddable":true,"href":"https:\/\/www.lefieu.fr\/index.php\/wp-json\/wp\/v2\/comments?post=2355"}],"version-history":[{"count":11,"href":"https:\/\/www.lefieu.fr\/index.php\/wp-json\/wp\/v2\/posts\/2355\/revisions"}],"predecessor-version":[{"id":2394,"href":"https:\/\/www.lefieu.fr\/index.php\/wp-json\/wp\/v2\/posts\/2355\/revisions\/2394"}],"wp:featuredmedia":[{"embeddable":true,"href":"https:\/\/www.lefieu.fr\/index.php\/wp-json\/wp\/v2\/media\/2364"}],"wp:attachment":[{"href":"https:\/\/www.lefieu.fr\/index.php\/wp-json\/wp\/v2\/media?parent=2355"}],"wp:term":[{"taxonomy":"category","embeddable":true,"href":"https:\/\/www.lefieu.fr\/index.php\/wp-json\/wp\/v2\/categories?post=2355"},{"taxonomy":"post_tag","embeddable":true,"href":"https:\/\/www.lefieu.fr\/index.php\/wp-json\/wp\/v2\/tags?post=2355"}],"curies":[{"name":"wp","href":"https:\/\/api.w.org\/{rel}","templated":true}]}}