{"id":2395,"date":"2022-07-13T17:41:32","date_gmt":"2022-07-13T15:41:32","guid":{"rendered":"https:\/\/www.lefieu.fr\/?p=2395"},"modified":"2022-07-13T17:41:34","modified_gmt":"2022-07-13T15:41:34","slug":"une-expo-unique-a-decouvrir","status":"publish","type":"post","link":"https:\/\/www.lefieu.fr\/index.php\/2022\/07\/13\/une-expo-unique-a-decouvrir\/","title":{"rendered":"Une expo unique \u00e0 d\u00e9couvrir !"},"content":{"rendered":"\n<p>Depuis quelques mois, les F\u00e9odiens se pr\u00eatent \u00e0 la pr\u00e9paration d&#8217;une op\u00e9ration hors norme. Sous <a href=\"https:\/\/loeildeken.fr\/\">l&#8217;oeil de Ken<\/a>, les habitants de Le Fieu se sont d\u00e9voil\u00e9s pour une grande exposition d\u00e9ambulatoire qui jalonne le bourg de LE FIEU<\/p>\n\n\n\n<p>Cette exposition porte le nom \u00e9vocateur de &#8220;<strong>100 visages, 100 mots<\/strong>&#8220;. Depuis le 25 juin 2022,  100 portraits de F\u00e9odiens sont expos\u00e9s dans les rues de la commune. Chaque portrait est accompagn\u00e9 d&#8217;un texte sonore que les visiteurs peuvent \u00e9couter \u00e0 leur guise \u00e0 l&#8217;aide de leur smartphone et leurs \u00e9couteurs. Pour cela, il suffit de scanner le QR Code positionn\u00e9 sur le portrait. Ainsi, chacun peut d\u00e9couvrir la vie parfois secr\u00e8te de ces F\u00e9odiens qui ont accept\u00e9 de d\u00e9voiler leur vie.<\/p>\n\n\n\n<p>Pour r\u00e9aliser cette exposition, Anne Sophie Conan (Radio Label Verte) et son oreille attentive pour \u00e9couter les confidences a travaill\u00e9 conjointement avec le <a href=\"https:\/\/actu.fr\/nouvelle-aquitaine\/bordeaux_33063\/dans-rues-bordeaux-ken-photographie-sdf-leur-redonner-une-identite_24019282.html\"><strong>photographe Ken Wong-Youk-Hong<\/strong><\/a> qui, \u00e0 l&#8217;aide de son appareil photo, s&#8217;est \u00e9galement d\u00e9plac\u00e9 chez les F\u00e9odiens pour saisir le meilleur instant pour immortaliser les portraits. <\/p>\n\n\n\n<p>Gr\u00e2ce \u00e0 cette exposition, <strong>les \u00e9lus de la commune<\/strong> avec l&#8217;association &#8220;<strong><a href=\"https:\/\/www.facebook.com\/Cargodeuxcentneuf\">Cargo 209<\/a><\/strong>&#8221; et &#8220;<strong><a href=\"https:\/\/www.facebook.com\/RadioLabelVerte\/\">Radio Label Verte<\/a><\/strong>&#8221; ont souhait\u00e9 mettre en lumi\u00e8re la richesse et la diversit\u00e9 des habitants. Cette exp\u00e9rience unique, tant pour les F\u00e9odiens que pour les visiteurs*, se traduit par l&#8217;affichage des portraits sur un cheminement dont le point de d\u00e9part est \u00e0 la mairie de LE FIEU. <strong><span style=\"text-decoration: underline;\">Cette exposition d\u00e9ambulatoire libre sera visible jusqu&#8217;au 29 septembre<\/span><\/strong><span style=\"text-decoration: underline;\"><strong> 2022<\/strong><\/span>. <\/p>\n\n\n\n<p>Seul, en famille ou entre amis, profitez largement de cette exposition libre et d\u00e9couvrez la vie des F\u00e9odiens !<\/p>\n\n\n\n<p><em>(*) Pour profiter pleinement des enregistrements sonores, les visiteurs doivent se munir d&#8217;un smartphone et d&#8217;un casque audio.<\/em><\/p>\n\n\n<div class=\"wp-block-image\">\n<figure class=\"aligncenter size-full is-resized\"><img loading=\"lazy\" decoding=\"async\" src=\"https:\/\/www.lefieu.fr\/wp-content\/uploads\/2022\/06\/2022-06-08_16h55_47.png\" alt=\"\" class=\"wp-image-2364\" width=\"570\" height=\"545\" srcset=\"https:\/\/www.lefieu.fr\/wp-content\/uploads\/2022\/06\/2022-06-08_16h55_47.png 763w, https:\/\/www.lefieu.fr\/wp-content\/uploads\/2022\/06\/2022-06-08_16h55_47-300x287.png 300w\" sizes=\"auto, (max-width: 570px) 100vw, 570px\" \/><\/figure>\n<\/div>","protected":false},"excerpt":{"rendered":"<p>Depuis quelques mois, les F\u00e9odiens se pr\u00eatent \u00e0 la pr\u00e9paration d&#8217;une op\u00e9ration hors norme. Sous l&#8217;oeil de Ken, les habitants de Le Fieu se sont d\u00e9voil\u00e9s pour une grande exposition d\u00e9ambulatoire qui jalonne le bourg de LE FIEU Cette exposition porte le nom \u00e9vocateur de &#8220;100 visages, 100 mots&#8220;. Depuis [&hellip;]<\/p>\n","protected":false},"author":1,"featured_media":2364,"comment_status":"closed","ping_status":"closed","sticky":false,"template":"","format":"standard","meta":{"_s2mail":"yes","_themeisle_gutenberg_block_has_review":false,"footnotes":""},"categories":[21,14,6],"tags":[],"class_list":["post-2395","post","type-post","status-publish","format-standard","has-post-thumbnail","hentry","category-agenda","category-associations","category-informations"],"_links":{"self":[{"href":"https:\/\/www.lefieu.fr\/index.php\/wp-json\/wp\/v2\/posts\/2395","targetHints":{"allow":["GET"]}}],"collection":[{"href":"https:\/\/www.lefieu.fr\/index.php\/wp-json\/wp\/v2\/posts"}],"about":[{"href":"https:\/\/www.lefieu.fr\/index.php\/wp-json\/wp\/v2\/types\/post"}],"author":[{"embeddable":true,"href":"https:\/\/www.lefieu.fr\/index.php\/wp-json\/wp\/v2\/users\/1"}],"replies":[{"embeddable":true,"href":"https:\/\/www.lefieu.fr\/index.php\/wp-json\/wp\/v2\/comments?post=2395"}],"version-history":[{"count":1,"href":"https:\/\/www.lefieu.fr\/index.php\/wp-json\/wp\/v2\/posts\/2395\/revisions"}],"predecessor-version":[{"id":2396,"href":"https:\/\/www.lefieu.fr\/index.php\/wp-json\/wp\/v2\/posts\/2395\/revisions\/2396"}],"wp:featuredmedia":[{"embeddable":true,"href":"https:\/\/www.lefieu.fr\/index.php\/wp-json\/wp\/v2\/media\/2364"}],"wp:attachment":[{"href":"https:\/\/www.lefieu.fr\/index.php\/wp-json\/wp\/v2\/media?parent=2395"}],"wp:term":[{"taxonomy":"category","embeddable":true,"href":"https:\/\/www.lefieu.fr\/index.php\/wp-json\/wp\/v2\/categories?post=2395"},{"taxonomy":"post_tag","embeddable":true,"href":"https:\/\/www.lefieu.fr\/index.php\/wp-json\/wp\/v2\/tags?post=2395"}],"curies":[{"name":"wp","href":"https:\/\/api.w.org\/{rel}","templated":true}]}}