{"id":2423,"date":"2022-07-21T18:02:54","date_gmt":"2022-07-21T16:02:54","guid":{"rendered":"https:\/\/www.lefieu.fr\/?p=2423"},"modified":"2022-07-25T06:50:49","modified_gmt":"2022-07-25T04:50:49","slug":"attention-a-la-pollution-de-lair","status":"publish","type":"post","link":"https:\/\/www.lefieu.fr\/index.php\/2022\/07\/21\/attention-a-la-pollution-de-lair\/","title":{"rendered":"Attention \u00e0 la pollution de l&#8217;air !"},"content":{"rendered":"\n<p class=\"has-text-color has-large-font-size\" style=\"color:#f90202\"><strong><span style=\"text-decoration: underline;\"><code>FIN D'ALERTE prononc\u00e9e le 23 juillet 2022 par arr\u00eat\u00e9 pr\u00e9fectoral<\/code><\/span><\/strong><\/p>\n\n\n\n<p>Avec les fortes chaleurs, la pr\u00e9sence des fum\u00e9es des incendies du Sud-Gironde et afin de limiter la pollution de l&#8217;air ambiant par les particules en suspension sur le d\u00e9partement, un nouvel arr\u00eat\u00e9 pr\u00e9fectoral vient d&#8217;\u00eatre pris pour la prescription de diverses mesures avec notamment l&#8217;abaissement de la limitation de vitesse de 20 km\/h sur certains axes routiers.<\/p>\n\n\n\n<p>Consulter l&#8217;arr\u00eat\u00e9 pr\u00e9fectoral ci-dessous et consulter le site <\/p>\n\n\n\n<p><a href=\"https:\/\/www.atmo-nouvelleaquitaine.org\/\">https:\/\/www.atmo-nouvelleaquitaine.org\/<\/a><\/p>\n\n\n\n<div data-wp-interactive=\"core\/file\" class=\"wp-block-file\"><object data-wp-bind--hidden=\"!state.hasPdfPreview\" hidden class=\"wp-block-file__embed\" data=\"https:\/\/www.lefieu.fr\/wp-content\/uploads\/2022\/07\/2022-07-21-Arrete-restriction-procedure-dalerte-pollution-PM10.pdf\" type=\"application\/pdf\" style=\"width:100%;height:600px\" aria-label=\"Contenu embarqu\u00e9 Contenu embarqu\u00e9 2022-07-21-Arrete-restriction-procedure-dalerte-pollution-PM10..\"><\/object><a id=\"wp-block-file--media-e160ffbc-aad7-486c-95dc-11f37d6ed690\" href=\"https:\/\/www.lefieu.fr\/wp-content\/uploads\/2022\/07\/2022-07-21-Arrete-restriction-procedure-dalerte-pollution-PM10.pdf\">2022-07-21-Arrete-restriction-procedure-dalerte-pollution-PM10<\/a><a href=\"https:\/\/www.lefieu.fr\/wp-content\/uploads\/2022\/07\/2022-07-21-Arrete-restriction-procedure-dalerte-pollution-PM10.pdf\" class=\"wp-block-file__button\" download aria-describedby=\"wp-block-file--media-e160ffbc-aad7-486c-95dc-11f37d6ed690\">T\u00e9l\u00e9charger<\/a><\/div>\n","protected":false},"excerpt":{"rendered":"<p>FIN D&#8217;ALERTE prononc\u00e9e le 23 juillet 2022 par arr\u00eat\u00e9 pr\u00e9fectoral Avec les fortes chaleurs, la pr\u00e9sence des fum\u00e9es des incendies du Sud-Gironde et afin de limiter la pollution de l&#8217;air ambiant par les particules en suspension sur le d\u00e9partement, un nouvel arr\u00eat\u00e9 pr\u00e9fectoral vient d&#8217;\u00eatre pris pour la prescription de [&hellip;]<\/p>\n","protected":false},"author":1,"featured_media":2425,"comment_status":"closed","ping_status":"closed","sticky":false,"template":"","format":"standard","meta":{"_s2mail":"yes","_themeisle_gutenberg_block_has_review":false,"footnotes":""},"categories":[6],"tags":[],"class_list":["post-2423","post","type-post","status-publish","format-standard","has-post-thumbnail","hentry","category-informations"],"_links":{"self":[{"href":"https:\/\/www.lefieu.fr\/index.php\/wp-json\/wp\/v2\/posts\/2423","targetHints":{"allow":["GET"]}}],"collection":[{"href":"https:\/\/www.lefieu.fr\/index.php\/wp-json\/wp\/v2\/posts"}],"about":[{"href":"https:\/\/www.lefieu.fr\/index.php\/wp-json\/wp\/v2\/types\/post"}],"author":[{"embeddable":true,"href":"https:\/\/www.lefieu.fr\/index.php\/wp-json\/wp\/v2\/users\/1"}],"replies":[{"embeddable":true,"href":"https:\/\/www.lefieu.fr\/index.php\/wp-json\/wp\/v2\/comments?post=2423"}],"version-history":[{"count":2,"href":"https:\/\/www.lefieu.fr\/index.php\/wp-json\/wp\/v2\/posts\/2423\/revisions"}],"predecessor-version":[{"id":2428,"href":"https:\/\/www.lefieu.fr\/index.php\/wp-json\/wp\/v2\/posts\/2423\/revisions\/2428"}],"wp:featuredmedia":[{"embeddable":true,"href":"https:\/\/www.lefieu.fr\/index.php\/wp-json\/wp\/v2\/media\/2425"}],"wp:attachment":[{"href":"https:\/\/www.lefieu.fr\/index.php\/wp-json\/wp\/v2\/media?parent=2423"}],"wp:term":[{"taxonomy":"category","embeddable":true,"href":"https:\/\/www.lefieu.fr\/index.php\/wp-json\/wp\/v2\/categories?post=2423"},{"taxonomy":"post_tag","embeddable":true,"href":"https:\/\/www.lefieu.fr\/index.php\/wp-json\/wp\/v2\/tags?post=2423"}],"curies":[{"name":"wp","href":"https:\/\/api.w.org\/{rel}","templated":true}]}}