{"id":2582,"date":"2022-10-15T08:34:08","date_gmt":"2022-10-15T06:34:08","guid":{"rendered":"https:\/\/www.lefieu.fr\/?p=2582"},"modified":"2022-10-15T10:07:34","modified_gmt":"2022-10-15T08:07:34","slug":"une-presentation-pour-convaincre","status":"publish","type":"post","link":"https:\/\/www.lefieu.fr\/index.php\/2022\/10\/15\/une-presentation-pour-convaincre\/","title":{"rendered":"Une pr\u00e9sentation pour convaincre."},"content":{"rendered":"\n<p>Comme beaucoup, le Conseil municipal de LE FIEU s&#8217;interrogeait sur le sujet du moment qui fait pol\u00e9mique sur notre territoire. Comme beaucoup, chacun peut entendre \u00e7\u00e0 et l\u00e0 des arguments qui tendent \u00e0 r\u00e9unir la population sous l&#8217;\u00e9tendard du contre la suppression du ramassage par &#8220;porte-\u00e0-porte&#8221; des ordures m\u00e9ng\u00e8res.<\/p>\n\n\n\n<p>Lorsque le Pr\u00e9sident du SMICVAL a souhait\u00e9 pr\u00e9senter la nouvelle r\u00e9forme pr\u00e9vue, c&#8217;est avec un grand enthousiasme que le Conseil municipal a accept\u00e9 d&#8217;entendre les vraies explications des int\u00e9ress\u00e9s.<\/p>\n\n\n\n<p>Ce lundi 10 octobre dernier, une grande majorit\u00e9 du Conseil municipal \u00e9tait donc pr\u00e9sente pour recevoir Sylvain Guinaudie, le Pr\u00e9sident du SMICVAL ainsi que son 1er Vice-pr\u00e9sident, Michel Vacher. Bien que ce dernier soit le Maire de la commune, de tr\u00e8s nombreuses questions ont \u00e9t\u00e9 pos\u00e9es. Que ce soient avec des questions d&#8217;ordre g\u00e9n\u00e9ral, des questions tr\u00e8s pr\u00e9cises sur des cas concrets ou des comparaisons ou exp\u00e9riences avec d&#8217;autres structures similaires d&#8217;autres d\u00e9partements, les repr\u00e9sentants du SMICVAL n&#8217;ont pas \u00e9t\u00e9 \u00e9pargn\u00e9s par les \u00e9lus de la commune.<\/p>\n\n\n\n<p>Cette r\u00e9union, absolument n\u00e9cessaire pour que chacun se fasse une id\u00e9e pr\u00e9cise et puisse prendre position en toute connaissance de cause, a permis d&#8217;\u00e9clairer des zones d&#8217;ombre dans l&#8217;esprit des uns et des autres. Les \u00e9lus ont bien entendu que chaque cas relevant d&#8217;une probl\u00e9matique contraignante serait minutieusement \u00e9tudi\u00e9 pour y apporter une solution.<\/p>\n\n\n\n<p>Apr\u00e8s 3 heures de r\u00e9union intensive, les \u00e9lus ont compris les raisons justifi\u00e9es pour lesquelles la suppression du &#8220;porte-\u00e0-porte&#8221; est une absolue n\u00e9cessit\u00e9 qui sera assortie de 70 mesures d&#8217;accompagnement et d&#8217;aide \u00e0 la transition.<\/p>\n\n\n\n<p>Aujourd&#8217;hui, chacun prend conscience que la vie quotidienne co\u00fbte de plus en plus cher, et tout le monde s&#8217;en plaint. Que ce soit dans l&#8217;alimentaire, dans l&#8217;\u00e9nergie et dans bien d&#8217;autres domaines, les augmentations sont omnipr\u00e9sentes. Il est \u00e9voqu\u00e9 la guerre en Ukraine pour justifier cette d\u00e9rive du co\u00fbt de la vie mais est-ce bien la seule raison ? Aujourd&#8217;hui, et en respect avec la loi qui impose la r\u00e9duction de la production de d\u00e9chets \u00e0 enfouir, le SMICVAL propose une solution qui permettra aussi \u00e0 chaque citoyen de neutraliser l&#8217;envol\u00e9e des prix sur l&#8217;enl\u00e8vement des ordures m\u00e9nag\u00e8res et les habitants devraient s&#8217;y opposer ? Il est vrai que pour y arriver chacun devra apporter sa contribution par l&#8217;apport volontaire dans des points non encore \u00e9tudi\u00e9s. Quand les citoyens prennent conscience de la part &#8220;Ordures m\u00e9nag\u00e8res&#8221; sans cesse en augmentation sur les avis d&#8217;imposition de la taxe fonci\u00e8re (<strong><em>+10% en 2021<\/em><\/strong>), n&#8217;est-il pas \u00e9vident que la population doit r\u00e9agir au plus vite pour \u00e9viter une nouvelle envol\u00e9e des prix ?<\/p>\n\n\n<div class=\"wp-block-image\">\n<figure class=\"aligncenter size-large is-resized\"><img loading=\"lazy\" decoding=\"async\" src=\"https:\/\/www.lefieu.fr\/wp-content\/uploads\/2022\/10\/20221014_1722501-1024x379.jpg\" alt=\"\" class=\"wp-image-2583\" width=\"460\" height=\"169\" srcset=\"https:\/\/www.lefieu.fr\/wp-content\/uploads\/2022\/10\/20221014_1722501-1024x379.jpg 1024w, https:\/\/www.lefieu.fr\/wp-content\/uploads\/2022\/10\/20221014_1722501-300x111.jpg 300w, https:\/\/www.lefieu.fr\/wp-content\/uploads\/2022\/10\/20221014_1722501-768x284.jpg 768w, https:\/\/www.lefieu.fr\/wp-content\/uploads\/2022\/10\/20221014_1722501.jpg 1311w\" sizes=\"auto, (max-width: 460px) 100vw, 460px\" \/><figcaption><sup>Exemple de la part &#8220;Ordures m\u00e9nag\u00e8res&#8221; sur la taxe fonci\u00e8re<\/sup><\/figcaption><\/figure>\n<\/div>","protected":false},"excerpt":{"rendered":"<p>Comme beaucoup, le Conseil municipal de LE FIEU s&#8217;interrogeait sur le sujet du moment qui fait pol\u00e9mique sur notre territoire. Comme beaucoup, chacun peut entendre \u00e7\u00e0 et l\u00e0 des arguments qui tendent \u00e0 r\u00e9unir la population sous l&#8217;\u00e9tendard du contre la suppression du ramassage par &#8220;porte-\u00e0-porte&#8221; des ordures m\u00e9ng\u00e8res. Lorsque [&hellip;]<\/p>\n","protected":false},"author":1,"featured_media":755,"comment_status":"closed","ping_status":"closed","sticky":false,"template":"","format":"standard","meta":{"_s2mail":"yes","_themeisle_gutenberg_block_has_review":false,"footnotes":""},"categories":[6,12],"tags":[],"class_list":["post-2582","post","type-post","status-publish","format-standard","has-post-thumbnail","hentry","category-informations","category-municipalite"],"_links":{"self":[{"href":"https:\/\/www.lefieu.fr\/index.php\/wp-json\/wp\/v2\/posts\/2582","targetHints":{"allow":["GET"]}}],"collection":[{"href":"https:\/\/www.lefieu.fr\/index.php\/wp-json\/wp\/v2\/posts"}],"about":[{"href":"https:\/\/www.lefieu.fr\/index.php\/wp-json\/wp\/v2\/types\/post"}],"author":[{"embeddable":true,"href":"https:\/\/www.lefieu.fr\/index.php\/wp-json\/wp\/v2\/users\/1"}],"replies":[{"embeddable":true,"href":"https:\/\/www.lefieu.fr\/index.php\/wp-json\/wp\/v2\/comments?post=2582"}],"version-history":[{"count":4,"href":"https:\/\/www.lefieu.fr\/index.php\/wp-json\/wp\/v2\/posts\/2582\/revisions"}],"predecessor-version":[{"id":2588,"href":"https:\/\/www.lefieu.fr\/index.php\/wp-json\/wp\/v2\/posts\/2582\/revisions\/2588"}],"wp:featuredmedia":[{"embeddable":true,"href":"https:\/\/www.lefieu.fr\/index.php\/wp-json\/wp\/v2\/media\/755"}],"wp:attachment":[{"href":"https:\/\/www.lefieu.fr\/index.php\/wp-json\/wp\/v2\/media?parent=2582"}],"wp:term":[{"taxonomy":"category","embeddable":true,"href":"https:\/\/www.lefieu.fr\/index.php\/wp-json\/wp\/v2\/categories?post=2582"},{"taxonomy":"post_tag","embeddable":true,"href":"https:\/\/www.lefieu.fr\/index.php\/wp-json\/wp\/v2\/tags?post=2582"}],"curies":[{"name":"wp","href":"https:\/\/api.w.org\/{rel}","templated":true}]}}