{"id":2654,"date":"2022-12-21T17:52:15","date_gmt":"2022-12-21T16:52:15","guid":{"rendered":"https:\/\/www.lefieu.fr\/?p=2654"},"modified":"2022-12-21T17:52:51","modified_gmt":"2022-12-21T16:52:51","slug":"la-star-est-revenue","status":"publish","type":"post","link":"https:\/\/www.lefieu.fr\/index.php\/2022\/12\/21\/la-star-est-revenue\/","title":{"rendered":"La star est revenue !"},"content":{"rendered":"\n<p>Les ann\u00e9es passent mais la star de No\u00ebl revient toujours \u00e0 LE FIEU pour le plaisir des petits et des grands.<\/p>\n\n\n\n<p>Offert par la municipalit\u00e9, le traditionnel arbre de No\u00ebl de la commune reste un moment privil\u00e9gi\u00e9 et tr\u00e8s attendu par la toute jeune g\u00e9n\u00e9ration de F\u00e9odiens. Ce<strong> dimanche 18 d\u00e9cembre<\/strong>, la salle des f\u00eates a accueilli pr\u00e8s de 70 personnes, enfants et parents, pour profiter du magnifique spectable pr\u00e9sent\u00e9 par <strong><a href=\"https:\/\/www.facebook.com\/horriblecompagnie\/\">l&#8217;horrible compagnie<\/a><\/strong> sous les yeux \u00e9merveill\u00e9s des enfants. <\/p>\n\n\n\n<p>Puis, le viel homme barbu v\u00eatu de rouge est apparu dans une avalanche de joie et de petits yeux \u00e9bahis. Le P\u00e8re No\u00ebl a cette ann\u00e9e encore maintenu ses habitudes de fin d&#8217;ann\u00e9e en venant rendre une visite aux petits F\u00e9odiens. Chaque enfant a pu approcher la star du moment pour des photos souvenirs et a re\u00e7u des mains du P\u00e8re No\u00ebl un cadeau en attendant la nuit du 25 d\u00e9cembre o\u00f9 le viel homme repassera dans toutes les maisons pour accomplir un des grands myst\u00e8res de la vie des enfants.<\/p>\n\n\n<div class=\"wp-block-image\">\n<figure class=\"aligncenter size-full\"><img loading=\"lazy\" decoding=\"async\" width=\"640\" height=\"480\" src=\"https:\/\/www.lefieu.fr\/wp-content\/uploads\/2022\/12\/IMG_3962.jpg\" alt=\"\" class=\"wp-image-2655\" srcset=\"https:\/\/www.lefieu.fr\/wp-content\/uploads\/2022\/12\/IMG_3962.jpg 640w, https:\/\/www.lefieu.fr\/wp-content\/uploads\/2022\/12\/IMG_3962-300x225.jpg 300w\" sizes=\"auto, (max-width: 640px) 100vw, 640px\" \/><figcaption class=\"wp-element-caption\"><em>Parents et enfants subjugu\u00e9s par le spectacle<\/em><\/figcaption><\/figure>\n<\/div>\n\n<div class=\"wp-block-image\">\n<figure class=\"aligncenter size-full\"><img loading=\"lazy\" decoding=\"async\" width=\"750\" height=\"563\" src=\"https:\/\/www.lefieu.fr\/wp-content\/uploads\/2022\/12\/320543683_1140993823268159_6774006743082275374_n.jpg\" alt=\"\" class=\"wp-image-2656\" srcset=\"https:\/\/www.lefieu.fr\/wp-content\/uploads\/2022\/12\/320543683_1140993823268159_6774006743082275374_n.jpg 750w, https:\/\/www.lefieu.fr\/wp-content\/uploads\/2022\/12\/320543683_1140993823268159_6774006743082275374_n-300x225.jpg 300w\" sizes=\"auto, (max-width: 750px) 100vw, 750px\" \/><figcaption class=\"wp-element-caption\">&#8220;<em>L&#8217;Horrible compagnie&#8221; amuse les enfants et les parents<\/em><\/figcaption><\/figure>\n<\/div>\n\n<div class=\"wp-block-image\">\n<figure class=\"aligncenter size-full\"><img loading=\"lazy\" decoding=\"async\" width=\"480\" height=\"640\" src=\"https:\/\/www.lefieu.fr\/wp-content\/uploads\/2022\/12\/IMG_3990-rotated.jpg\" alt=\"\" class=\"wp-image-2658\" srcset=\"https:\/\/www.lefieu.fr\/wp-content\/uploads\/2022\/12\/IMG_3990-rotated.jpg 480w, https:\/\/www.lefieu.fr\/wp-content\/uploads\/2022\/12\/IMG_3990-225x300.jpg 225w\" sizes=\"auto, (max-width: 480px) 100vw, 480px\" \/><figcaption class=\"wp-element-caption\"><em>Entr\u00e9e du P\u00e8re No\u00ebl !<\/em><\/figcaption><\/figure>\n<\/div>\n\n<div class=\"wp-block-image\">\n<figure class=\"aligncenter size-full\"><img loading=\"lazy\" decoding=\"async\" width=\"640\" height=\"480\" src=\"https:\/\/www.lefieu.fr\/wp-content\/uploads\/2022\/12\/IMG_3992.jpg\" alt=\"\" class=\"wp-image-2659\" srcset=\"https:\/\/www.lefieu.fr\/wp-content\/uploads\/2022\/12\/IMG_3992.jpg 640w, https:\/\/www.lefieu.fr\/wp-content\/uploads\/2022\/12\/IMG_3992-300x225.jpg 300w\" sizes=\"auto, (max-width: 640px) 100vw, 640px\" \/><figcaption class=\"wp-element-caption\"><em>Les petits n&#8217;en croient pas leurs yeux&#8230;<\/em><\/figcaption><\/figure>\n<\/div>\n\n<div class=\"wp-block-image\">\n<figure class=\"aligncenter size-full\"><img loading=\"lazy\" decoding=\"async\" width=\"640\" height=\"640\" src=\"https:\/\/www.lefieu.fr\/wp-content\/uploads\/2022\/12\/IMG_3995.jpg\" alt=\"\" class=\"wp-image-2660\" srcset=\"https:\/\/www.lefieu.fr\/wp-content\/uploads\/2022\/12\/IMG_3995.jpg 640w, https:\/\/www.lefieu.fr\/wp-content\/uploads\/2022\/12\/IMG_3995-300x300.jpg 300w, https:\/\/www.lefieu.fr\/wp-content\/uploads\/2022\/12\/IMG_3995-150x150.jpg 150w, https:\/\/www.lefieu.fr\/wp-content\/uploads\/2022\/12\/IMG_3995-450x450.jpg 450w\" sizes=\"auto, (max-width: 640px) 100vw, 640px\" \/><figcaption class=\"wp-element-caption\"><em>Craintif, joyeux ou admiratif, chaque enfant se forge des souvenirs<\/em><\/figcaption><\/figure>\n<\/div>\n\n<div class=\"wp-block-image\">\n<figure class=\"aligncenter size-full\"><img loading=\"lazy\" decoding=\"async\" width=\"640\" height=\"480\" src=\"https:\/\/www.lefieu.fr\/wp-content\/uploads\/2022\/12\/IMG_5826.jpg\" alt=\"\" class=\"wp-image-2661\" srcset=\"https:\/\/www.lefieu.fr\/wp-content\/uploads\/2022\/12\/IMG_5826.jpg 640w, https:\/\/www.lefieu.fr\/wp-content\/uploads\/2022\/12\/IMG_5826-300x225.jpg 300w\" sizes=\"auto, (max-width: 640px) 100vw, 640px\" \/><figcaption class=\"wp-element-caption\"><em>L&#8217;\u00e9quipe des \u00e9lus organisateurs de cet arbre de No\u00ebl<\/em> <em>f\u00e9odien<\/em>.<\/figcaption><\/figure>\n<\/div>","protected":false},"excerpt":{"rendered":"<p>Les ann\u00e9es passent mais la star de No\u00ebl revient toujours \u00e0 LE FIEU pour le plaisir des petits et des grands. Offert par la municipalit\u00e9, le traditionnel arbre de No\u00ebl de la commune reste un moment privil\u00e9gi\u00e9 et tr\u00e8s attendu par la toute jeune g\u00e9n\u00e9ration de F\u00e9odiens. Ce dimanche 18 [&hellip;]<\/p>\n","protected":false},"author":1,"featured_media":0,"comment_status":"closed","ping_status":"closed","sticky":false,"template":"","format":"standard","meta":{"_s2mail":"yes","_themeisle_gutenberg_block_has_review":false,"footnotes":""},"categories":[12],"tags":[],"class_list":["post-2654","post","type-post","status-publish","format-standard","hentry","category-municipalite"],"_links":{"self":[{"href":"https:\/\/www.lefieu.fr\/index.php\/wp-json\/wp\/v2\/posts\/2654","targetHints":{"allow":["GET"]}}],"collection":[{"href":"https:\/\/www.lefieu.fr\/index.php\/wp-json\/wp\/v2\/posts"}],"about":[{"href":"https:\/\/www.lefieu.fr\/index.php\/wp-json\/wp\/v2\/types\/post"}],"author":[{"embeddable":true,"href":"https:\/\/www.lefieu.fr\/index.php\/wp-json\/wp\/v2\/users\/1"}],"replies":[{"embeddable":true,"href":"https:\/\/www.lefieu.fr\/index.php\/wp-json\/wp\/v2\/comments?post=2654"}],"version-history":[{"count":2,"href":"https:\/\/www.lefieu.fr\/index.php\/wp-json\/wp\/v2\/posts\/2654\/revisions"}],"predecessor-version":[{"id":2663,"href":"https:\/\/www.lefieu.fr\/index.php\/wp-json\/wp\/v2\/posts\/2654\/revisions\/2663"}],"wp:attachment":[{"href":"https:\/\/www.lefieu.fr\/index.php\/wp-json\/wp\/v2\/media?parent=2654"}],"wp:term":[{"taxonomy":"category","embeddable":true,"href":"https:\/\/www.lefieu.fr\/index.php\/wp-json\/wp\/v2\/categories?post=2654"},{"taxonomy":"post_tag","embeddable":true,"href":"https:\/\/www.lefieu.fr\/index.php\/wp-json\/wp\/v2\/tags?post=2654"}],"curies":[{"name":"wp","href":"https:\/\/api.w.org\/{rel}","templated":true}]}}