{"id":2737,"date":"2023-02-02T12:05:34","date_gmt":"2023-02-02T11:05:34","guid":{"rendered":"https:\/\/www.lefieu.fr\/?p=2737"},"modified":"2023-02-02T12:05:36","modified_gmt":"2023-02-02T11:05:36","slug":"la-securite-des-scolaires-avant-tout","status":"publish","type":"post","link":"https:\/\/www.lefieu.fr\/index.php\/2023\/02\/02\/la-securite-des-scolaires-avant-tout\/","title":{"rendered":"La s\u00e9curit\u00e9 des scolaires avant tout !"},"content":{"rendered":"\n<p>Pour lutter contre l&#8217;ins\u00e9curit\u00e9 routi\u00e8re et en particulier celle qui pourrait porter atteinte aux enfants scolaris\u00e9s, la CALI met \u00e0 la disposition de chaque \u00e9colier, chaque coll\u00e9gien et chaque lyc\u00e9en de la commune un gilet r\u00e9tror\u00e9fl\u00e9chissant. <\/p>\n\n\n\n<p>Les parents sont invit\u00e9s \u00e0 retirer gratuitement ces gilets en mairie et \u00e0 fortement conseiller \u00e0 leurs enfants de les porter d\u00e8s qu&#8217;ils sortent de chez eux afin d&#8217;\u00e9viter un drame. <\/p>\n\n\n\n<p>Et comme disait le slogan de la s\u00e9curit\u00e9 routi\u00e8re :<\/p>\n\n\n<div class=\"wp-block-image\">\n<figure class=\"aligncenter size-full is-resized\"><img loading=\"lazy\" decoding=\"async\" src=\"https:\/\/www.lefieu.fr\/wp-content\/uploads\/2023\/02\/2023-02-02_11h57_26.png\" alt=\"\" class=\"wp-image-2738\" width=\"507\" height=\"339\" srcset=\"https:\/\/www.lefieu.fr\/wp-content\/uploads\/2023\/02\/2023-02-02_11h57_26.png 691w, https:\/\/www.lefieu.fr\/wp-content\/uploads\/2023\/02\/2023-02-02_11h57_26-300x201.png 300w, https:\/\/www.lefieu.fr\/wp-content\/uploads\/2023\/02\/2023-02-02_11h57_26-360x240.png 360w\" sizes=\"auto, (max-width: 507px) 100vw, 507px\" \/><\/figure>\n<\/div>\n\n\n<p>Petit rappel d&#8217;un avis \u00e0 la mobilisation g\u00e9n\u00e9rale :<\/p>\n\n\n<div class=\"wp-block-image\">\n<figure class=\"aligncenter size-full\"><img loading=\"lazy\" decoding=\"async\" width=\"498\" height=\"745\" src=\"https:\/\/www.lefieu.fr\/wp-content\/uploads\/2023\/02\/315740660_460531969602698_8884621224641298545_n.jpg\" alt=\"\" class=\"wp-image-2739\" srcset=\"https:\/\/www.lefieu.fr\/wp-content\/uploads\/2023\/02\/315740660_460531969602698_8884621224641298545_n.jpg 498w, https:\/\/www.lefieu.fr\/wp-content\/uploads\/2023\/02\/315740660_460531969602698_8884621224641298545_n-201x300.jpg 201w\" sizes=\"auto, (max-width: 498px) 100vw, 498px\" \/><\/figure>\n<\/div>\n\n\n<p><\/p>\n","protected":false},"excerpt":{"rendered":"<p>Pour lutter contre l&#8217;ins\u00e9curit\u00e9 routi\u00e8re et en particulier celle qui pourrait porter atteinte aux enfants scolaris\u00e9s, la CALI met \u00e0 la disposition de chaque \u00e9colier, chaque coll\u00e9gien et chaque lyc\u00e9en de la commune un gilet r\u00e9tror\u00e9fl\u00e9chissant. Les parents sont invit\u00e9s \u00e0 retirer gratuitement ces gilets en mairie et \u00e0 fortement [&hellip;]<\/p>\n","protected":false},"author":1,"featured_media":2740,"comment_status":"closed","ping_status":"closed","sticky":false,"template":"","format":"standard","meta":{"_s2mail":"yes","_themeisle_gutenberg_block_has_review":false,"footnotes":""},"categories":[6],"tags":[],"class_list":["post-2737","post","type-post","status-publish","format-standard","has-post-thumbnail","hentry","category-informations"],"_links":{"self":[{"href":"https:\/\/www.lefieu.fr\/index.php\/wp-json\/wp\/v2\/posts\/2737","targetHints":{"allow":["GET"]}}],"collection":[{"href":"https:\/\/www.lefieu.fr\/index.php\/wp-json\/wp\/v2\/posts"}],"about":[{"href":"https:\/\/www.lefieu.fr\/index.php\/wp-json\/wp\/v2\/types\/post"}],"author":[{"embeddable":true,"href":"https:\/\/www.lefieu.fr\/index.php\/wp-json\/wp\/v2\/users\/1"}],"replies":[{"embeddable":true,"href":"https:\/\/www.lefieu.fr\/index.php\/wp-json\/wp\/v2\/comments?post=2737"}],"version-history":[{"count":1,"href":"https:\/\/www.lefieu.fr\/index.php\/wp-json\/wp\/v2\/posts\/2737\/revisions"}],"predecessor-version":[{"id":2741,"href":"https:\/\/www.lefieu.fr\/index.php\/wp-json\/wp\/v2\/posts\/2737\/revisions\/2741"}],"wp:featuredmedia":[{"embeddable":true,"href":"https:\/\/www.lefieu.fr\/index.php\/wp-json\/wp\/v2\/media\/2740"}],"wp:attachment":[{"href":"https:\/\/www.lefieu.fr\/index.php\/wp-json\/wp\/v2\/media?parent=2737"}],"wp:term":[{"taxonomy":"category","embeddable":true,"href":"https:\/\/www.lefieu.fr\/index.php\/wp-json\/wp\/v2\/categories?post=2737"},{"taxonomy":"post_tag","embeddable":true,"href":"https:\/\/www.lefieu.fr\/index.php\/wp-json\/wp\/v2\/tags?post=2737"}],"curies":[{"name":"wp","href":"https:\/\/api.w.org\/{rel}","templated":true}]}}