{"id":2783,"date":"2023-02-21T19:15:50","date_gmt":"2023-02-21T18:15:50","guid":{"rendered":"https:\/\/www.lefieu.fr\/?p=2783"},"modified":"2023-02-22T07:41:58","modified_gmt":"2023-02-22T06:41:58","slug":"jurassic-car-a-le-fieu","status":"publish","type":"post","link":"https:\/\/www.lefieu.fr\/index.php\/2023\/02\/21\/jurassic-car-a-le-fieu\/","title":{"rendered":"&#8220;Jurassic car&#8221; \u00e0 Le Fieu !"},"content":{"rendered":"\n<p>Hors de grands axes routiers, Le Fieu a eu la surprise de voir des participants de la tr\u00e8s connue course de voiture, la &#8220;<a href=\"https:\/\/www.4ltrophy.com\/\"><strong>4L Trophy<\/strong><\/a>&#8221; au Maroc (<em>26\u00e8me \u00e9dition<\/em>), faire une halte sur notre commune avant de regagner Biarritz pour les contr\u00f4les techniques de pr\u00e8s de 1800 Renault 4 engag\u00e9es dont l&#8217;\u00e2ge requis des \u00e9quipages doit \u00eatre entre 18 et 28 ans.<\/p>\n\n\n\n<p>Alors que la nuit commencait \u00e0 tomber sur la commune mardi dernier, un v\u00e9hicule Renault 4L bard\u00e9e d&#8217;enseignes de sponsors s&#8217;est arr\u00eat\u00e9 devant la mairie pour faire des photos. Attir\u00e9s par la belle fa\u00e7ade \u00e9clair\u00e9e, les deux membres d&#8217;\u00e9quipage ont pu rencontrer le maire et un adjoint afin d&#8217;\u00e9changer quelques mots sur cette course.<\/p>\n\n\n\n<p>Les deux jeunes hommes Jurassiens (le fran\u00e7ais <em><strong>Charles Gastault et <\/strong>le suisse<strong> Rapha\u00ebl Pittet<\/strong><\/em>, <em>copains depuis l&#8217;\u00e9cole primaire<\/em>) \u00e9taient partis de la fronti\u00e8re suisse dans le Jura \u00e0 6h30 le matin m\u00eame. Presque 12 heures apr\u00e8s, ils arrivaient \u00e0 Le Fieu en n&#8217;empruntant que des routes secondaires. Totalement \u00e9puis\u00e9s, il ont pu pass\u00e9 une bonne nuit de repos sur la commune. <\/p>\n\n\n\n<p>Le lendemain matin, et apr\u00e8s quelques v\u00e9rifications m\u00e9caniques, ils ont pu rencontrer le pilote F\u00e9odien Philippe Tauzin qui partira aussi en bin\u00f4me au Maroc en mai prochain pour r\u00e9aliser la course &#8220;<strong><a href=\"http:\/\/babyboomersadventure.com\/\">BabyBoomer&#8217;s Raid<\/a><\/strong>&#8220;<strong>*<\/strong> avec un 4&#215;4 Pajero.<\/p>\n\n\n\n<p><em><sup>(*) Un prochain article pr\u00e9sentera le pilote, sa voiture et sa course.<\/sup><\/em><\/p>\n\n\n\n<p>Charles, Rapha\u00ebl et Philippe ont largement \u00e9chang\u00e9 sur leur m\u00e9canique respective et se sont questionn\u00e9s et donn\u00e9s des conseils sur ces raids en terre et d\u00e9sert marocains.<\/p>\n\n\n\n<p>En tout d\u00e9but d&#8217;apr\u00e8s-midi, la 4L de Charles et Rapha\u00ebl a repris la route en direction du Pays basque, la ligne de d\u00e9part de leur 1\u00e8re course. <\/p>\n\n\n\n<p>A ce-jour, <strong>l&#8217;\u00e9quipage jurassien (n\u00b064)<\/strong> n&#8217;est pas sur le podium pour leur premier &#8220;4L Trophy&#8221; mais est toujours dans la course. Il a parcouru 297 kms soit 2 kms seulement de plus que le 1er du classement g\u00e9n\u00e9ral provisoire. Charles et Rapha\u00ebl occupent la 1089\u00e8me place sur les 1175 \u00e9quipages toujours en course. <\/p>\n\n\n\n<p>La commune de LE FIEU souhaite \u00e0 Charles et Rapha\u00ebl une tr\u00e8s belle course.<\/p>\n\n\n<div class=\"wp-block-image\">\n<figure class=\"aligncenter size-large is-resized\"><img loading=\"lazy\" decoding=\"async\" src=\"https:\/\/www.lefieu.fr\/wp-content\/uploads\/2023\/02\/20230214_190032-1024x576.jpg\" alt=\"\" class=\"wp-image-2788\" width=\"597\" height=\"336\" srcset=\"https:\/\/www.lefieu.fr\/wp-content\/uploads\/2023\/02\/20230214_190032-1024x576.jpg 1024w, https:\/\/www.lefieu.fr\/wp-content\/uploads\/2023\/02\/20230214_190032-300x169.jpg 300w, https:\/\/www.lefieu.fr\/wp-content\/uploads\/2023\/02\/20230214_190032-768x432.jpg 768w, https:\/\/www.lefieu.fr\/wp-content\/uploads\/2023\/02\/20230214_190032-1536x864.jpg 1536w, https:\/\/www.lefieu.fr\/wp-content\/uploads\/2023\/02\/20230214_190032-2048x1152.jpg 2048w\" sizes=\"auto, (max-width: 597px) 100vw, 597px\" \/><figcaption class=\"wp-element-caption\">Arriv\u00e9e devant la mairie et rencontre avec le maire Michel Vacher <br><sup><em>(Photo A. Rambaud)<\/em><\/sup><\/figcaption><\/figure>\n<\/div>\n\n<div class=\"wp-block-image\">\n<figure class=\"aligncenter size-large is-resized\"><img loading=\"lazy\" decoding=\"async\" src=\"https:\/\/www.lefieu.fr\/wp-content\/uploads\/2023\/02\/IMG_4654-1024x768.jpeg\" alt=\"\" class=\"wp-image-2789\" width=\"595\" height=\"446\" srcset=\"https:\/\/www.lefieu.fr\/wp-content\/uploads\/2023\/02\/IMG_4654-1024x768.jpeg 1024w, https:\/\/www.lefieu.fr\/wp-content\/uploads\/2023\/02\/IMG_4654-300x225.jpeg 300w, https:\/\/www.lefieu.fr\/wp-content\/uploads\/2023\/02\/IMG_4654-768x576.jpeg 768w, https:\/\/www.lefieu.fr\/wp-content\/uploads\/2023\/02\/IMG_4654-1536x1152.jpeg 1536w, https:\/\/www.lefieu.fr\/wp-content\/uploads\/2023\/02\/IMG_4654.jpeg 2048w\" sizes=\"auto, (max-width: 595px) 100vw, 595px\" \/><\/figure>\n<\/div>\n\n<div class=\"wp-block-image\">\n<figure class=\"aligncenter size-large is-resized\"><img loading=\"lazy\" decoding=\"async\" src=\"https:\/\/www.lefieu.fr\/wp-content\/uploads\/2023\/02\/20230215_101958-1024x383.jpg\" alt=\"\" class=\"wp-image-2792\" width=\"287\" height=\"107\" srcset=\"https:\/\/www.lefieu.fr\/wp-content\/uploads\/2023\/02\/20230215_101958-1024x383.jpg 1024w, https:\/\/www.lefieu.fr\/wp-content\/uploads\/2023\/02\/20230215_101958-300x112.jpg 300w, https:\/\/www.lefieu.fr\/wp-content\/uploads\/2023\/02\/20230215_101958-768x287.jpg 768w, https:\/\/www.lefieu.fr\/wp-content\/uploads\/2023\/02\/20230215_101958-1536x574.jpg 1536w, https:\/\/www.lefieu.fr\/wp-content\/uploads\/2023\/02\/20230215_101958-2048x766.jpg 2048w\" sizes=\"auto, (max-width: 287px) 100vw, 287px\" \/><\/figure>\n<\/div>\n\n<div class=\"wp-block-image\">\n<figure class=\"aligncenter size-large is-resized\"><img decoding=\"async\" src=\"https:\/\/www.lefieu.fr\/wp-content\/uploads\/2023\/02\/20230215_104444-1024x576.jpg\" alt=\"\" class=\"wp-image-2793\" width=\"-177\" height=\"-100\" srcset=\"https:\/\/www.lefieu.fr\/wp-content\/uploads\/2023\/02\/20230215_104444-1024x576.jpg 1024w, https:\/\/www.lefieu.fr\/wp-content\/uploads\/2023\/02\/20230215_104444-300x169.jpg 300w, https:\/\/www.lefieu.fr\/wp-content\/uploads\/2023\/02\/20230215_104444-768x432.jpg 768w, https:\/\/www.lefieu.fr\/wp-content\/uploads\/2023\/02\/20230215_104444-1536x864.jpg 1536w, https:\/\/www.lefieu.fr\/wp-content\/uploads\/2023\/02\/20230215_104444-2048x1152.jpg 2048w\" sizes=\"(max-width: 1024px) 100vw, 1024px\" \/><figcaption class=\"wp-element-caption\">Le moteur de 4L adapt\u00e9 aux conditions du d\u00e9sert&#8230;<\/figcaption><\/figure>\n<\/div>\n\n<div class=\"wp-block-image\">\n<figure class=\"aligncenter size-large is-resized\"><img loading=\"lazy\" decoding=\"async\" src=\"https:\/\/www.lefieu.fr\/wp-content\/uploads\/2023\/02\/1-1024x431.jpg\" alt=\"\" class=\"wp-image-2791\" width=\"723\" height=\"304\" srcset=\"https:\/\/www.lefieu.fr\/wp-content\/uploads\/2023\/02\/1-1024x431.jpg 1024w, https:\/\/www.lefieu.fr\/wp-content\/uploads\/2023\/02\/1-300x126.jpg 300w, https:\/\/www.lefieu.fr\/wp-content\/uploads\/2023\/02\/1-768x323.jpg 768w, https:\/\/www.lefieu.fr\/wp-content\/uploads\/2023\/02\/1-1536x646.jpg 1536w, https:\/\/www.lefieu.fr\/wp-content\/uploads\/2023\/02\/1-2048x861.jpg 2048w\" sizes=\"auto, (max-width: 723px) 100vw, 723px\" \/><figcaption class=\"wp-element-caption\"><strong>Philippe <\/strong>et son Pajero &#8211; <strong>Charles et Rapha\u00ebl<\/strong> et leur Renault 4L <br> <em><sup>(Photo A. Rambaud)<\/sup><\/em><\/figcaption><\/figure>\n<\/div>","protected":false},"excerpt":{"rendered":"<p>Hors de grands axes routiers, Le Fieu a eu la surprise de voir des participants de la tr\u00e8s connue course de voiture, la &#8220;4L Trophy&#8221; au Maroc (26\u00e8me \u00e9dition), faire une halte sur notre commune avant de regagner Biarritz pour les contr\u00f4les techniques de pr\u00e8s de 1800 Renault 4 engag\u00e9es [&hellip;]<\/p>\n","protected":false},"author":1,"featured_media":2797,"comment_status":"closed","ping_status":"closed","sticky":false,"template":"","format":"standard","meta":{"_s2mail":"","_themeisle_gutenberg_block_has_review":false,"footnotes":""},"categories":[6],"tags":[],"class_list":["post-2783","post","type-post","status-publish","format-standard","has-post-thumbnail","hentry","category-informations"],"_links":{"self":[{"href":"https:\/\/www.lefieu.fr\/index.php\/wp-json\/wp\/v2\/posts\/2783","targetHints":{"allow":["GET"]}}],"collection":[{"href":"https:\/\/www.lefieu.fr\/index.php\/wp-json\/wp\/v2\/posts"}],"about":[{"href":"https:\/\/www.lefieu.fr\/index.php\/wp-json\/wp\/v2\/types\/post"}],"author":[{"embeddable":true,"href":"https:\/\/www.lefieu.fr\/index.php\/wp-json\/wp\/v2\/users\/1"}],"replies":[{"embeddable":true,"href":"https:\/\/www.lefieu.fr\/index.php\/wp-json\/wp\/v2\/comments?post=2783"}],"version-history":[{"count":4,"href":"https:\/\/www.lefieu.fr\/index.php\/wp-json\/wp\/v2\/posts\/2783\/revisions"}],"predecessor-version":[{"id":2794,"href":"https:\/\/www.lefieu.fr\/index.php\/wp-json\/wp\/v2\/posts\/2783\/revisions\/2794"}],"wp:featuredmedia":[{"embeddable":true,"href":"https:\/\/www.lefieu.fr\/index.php\/wp-json\/wp\/v2\/media\/2797"}],"wp:attachment":[{"href":"https:\/\/www.lefieu.fr\/index.php\/wp-json\/wp\/v2\/media?parent=2783"}],"wp:term":[{"taxonomy":"category","embeddable":true,"href":"https:\/\/www.lefieu.fr\/index.php\/wp-json\/wp\/v2\/categories?post=2783"},{"taxonomy":"post_tag","embeddable":true,"href":"https:\/\/www.lefieu.fr\/index.php\/wp-json\/wp\/v2\/tags?post=2783"}],"curies":[{"name":"wp","href":"https:\/\/api.w.org\/{rel}","templated":true}]}}