{"id":2851,"date":"2023-04-07T08:55:53","date_gmt":"2023-04-07T06:55:53","guid":{"rendered":"https:\/\/www.lefieu.fr\/?p=2851"},"modified":"2023-04-07T08:55:55","modified_gmt":"2023-04-07T06:55:55","slug":"tous-concernes-par-levolution-du-territoire","status":"publish","type":"post","link":"https:\/\/www.lefieu.fr\/index.php\/2023\/04\/07\/tous-concernes-par-levolution-du-territoire\/","title":{"rendered":"Tous concern\u00e9s par l&#8217;\u00e9volution du territoire."},"content":{"rendered":"\n<p>Depuis quelques mois, la CALI s&#8217;est engag\u00e9e sur l&#8217;\u00e9tude d&#8217;un <strong>P<\/strong>lan <strong>L<\/strong>ocal d&#8217;<strong>U<\/strong>rbanisme <strong>I<\/strong>ntercommunal &#8211; <strong>H<\/strong>abitat et <strong>D<\/strong>\u00e9placement (<a href=\"https:\/\/www.lacali.fr\/urbanisme\/le-plan-local-durbanisme-intercommunal-habitat-et-deplacement-plui-hd\"><strong>PLUi-HD<\/strong><\/a>) aux c\u00f4t\u00e9s de l&#8217;ensemble des 45 communes du territoire.<\/p>\n\n\n\n<p>De multiples r\u00e9unions de travail se sont tenues avec les d\u00e9l\u00e9gu\u00e9s communaux et le Bureau d&#8217;\u00e9tudes mandat\u00e9 pour la r\u00e9alisation de ce PLUi-HD. A cela se sont ajout\u00e9es quelques r\u00e9unions publiques (<em>trop peu fr\u00e9quent\u00e9es<\/em>) ayant pour but d&#8217;informer la population.<\/p>\n\n\n\n<p>Malgr\u00e9 tout, les \u00e9lus continuent de travailler sur ce projet de document unique qui g\u00e8rera l&#8217;urbanisme dans l&#8217;ensemble nos communes pour une quinzaine d&#8217;ann\u00e9e. Il est donc important que ce travail soit le reflet de ce que nous voulons pour notre territoire au regard des lois et r\u00e8glements multiples qui se superposent sur le travail des \u00e9lus et du Bureau d&#8217;\u00e9tudes.<\/p>\n\n\n\n<p>Pour informer largement la population des grandes lignes de ce futur PLUi-HD, la CALI organise des prochaines r\u00e9unions publiques selon le programme ci-dessous. N&#8217;h\u00e9sitez pas \u00e0 y participer !<\/p>\n\n\n<div class=\"wp-block-image\">\n<figure class=\"aligncenter size-full is-resized\"><img loading=\"lazy\" decoding=\"async\" src=\"https:\/\/www.lefieu.fr\/wp-content\/uploads\/2023\/04\/2023-04-07_08h00_16.png\" alt=\"\" class=\"wp-image-2856\" width=\"742\" height=\"1045\" srcset=\"https:\/\/www.lefieu.fr\/wp-content\/uploads\/2023\/04\/2023-04-07_08h00_16.png 494w, https:\/\/www.lefieu.fr\/wp-content\/uploads\/2023\/04\/2023-04-07_08h00_16-213x300.png 213w\" sizes=\"auto, (max-width: 742px) 100vw, 742px\" \/><\/figure>\n<\/div>\n\n\n<p>A lire aussi : <\/p>\n\n\n\n<p><a href=\"https:\/\/www.lacali.fr\/urbanisme\/le-plan-local-durbanisme-intercommunal-habitat-et-deplacement-plui-hd\">https:\/\/www.lacali.fr\/urbanisme\/le-plan-local-durbanisme-intercommunal-habitat-et-deplacement-plui-hd<\/a><\/p>\n","protected":false},"excerpt":{"rendered":"<p>Depuis quelques mois, la CALI s&#8217;est engag\u00e9e sur l&#8217;\u00e9tude d&#8217;un Plan Local d&#8217;Urbanisme Intercommunal &#8211; Habitat et D\u00e9placement (PLUi-HD) aux c\u00f4t\u00e9s de l&#8217;ensemble des 45 communes du territoire. De multiples r\u00e9unions de travail se sont tenues avec les d\u00e9l\u00e9gu\u00e9s communaux et le Bureau d&#8217;\u00e9tudes mandat\u00e9 pour la r\u00e9alisation de ce [&hellip;]<\/p>\n","protected":false},"author":1,"featured_media":2854,"comment_status":"closed","ping_status":"closed","sticky":false,"template":"","format":"standard","meta":{"_s2mail":"","_themeisle_gutenberg_block_has_review":false,"footnotes":""},"categories":[6],"tags":[],"class_list":["post-2851","post","type-post","status-publish","format-standard","has-post-thumbnail","hentry","category-informations"],"_links":{"self":[{"href":"https:\/\/www.lefieu.fr\/index.php\/wp-json\/wp\/v2\/posts\/2851","targetHints":{"allow":["GET"]}}],"collection":[{"href":"https:\/\/www.lefieu.fr\/index.php\/wp-json\/wp\/v2\/posts"}],"about":[{"href":"https:\/\/www.lefieu.fr\/index.php\/wp-json\/wp\/v2\/types\/post"}],"author":[{"embeddable":true,"href":"https:\/\/www.lefieu.fr\/index.php\/wp-json\/wp\/v2\/users\/1"}],"replies":[{"embeddable":true,"href":"https:\/\/www.lefieu.fr\/index.php\/wp-json\/wp\/v2\/comments?post=2851"}],"version-history":[{"count":3,"href":"https:\/\/www.lefieu.fr\/index.php\/wp-json\/wp\/v2\/posts\/2851\/revisions"}],"predecessor-version":[{"id":2857,"href":"https:\/\/www.lefieu.fr\/index.php\/wp-json\/wp\/v2\/posts\/2851\/revisions\/2857"}],"wp:featuredmedia":[{"embeddable":true,"href":"https:\/\/www.lefieu.fr\/index.php\/wp-json\/wp\/v2\/media\/2854"}],"wp:attachment":[{"href":"https:\/\/www.lefieu.fr\/index.php\/wp-json\/wp\/v2\/media?parent=2851"}],"wp:term":[{"taxonomy":"category","embeddable":true,"href":"https:\/\/www.lefieu.fr\/index.php\/wp-json\/wp\/v2\/categories?post=2851"},{"taxonomy":"post_tag","embeddable":true,"href":"https:\/\/www.lefieu.fr\/index.php\/wp-json\/wp\/v2\/tags?post=2851"}],"curies":[{"name":"wp","href":"https:\/\/api.w.org\/{rel}","templated":true}]}}