{"id":2893,"date":"2023-04-26T08:24:01","date_gmt":"2023-04-26T06:24:01","guid":{"rendered":"https:\/\/www.lefieu.fr\/?p=2893"},"modified":"2023-04-26T08:24:03","modified_gmt":"2023-04-26T06:24:03","slug":"la-cali-elague","status":"publish","type":"post","link":"https:\/\/www.lefieu.fr\/index.php\/2023\/04\/26\/la-cali-elague\/","title":{"rendered":"La CALI \u00e9lague&#8230;"},"content":{"rendered":"\n<p>Devenue propri\u00e9taire de plusieurs hectares de for\u00eat sur la commune de LE FIEU afin d&#8217;assurer une protection du massif forestier jadis acquis par le <strong><a href=\"https:\/\/www.orano.group\/fr\">groupe nucl\u00e9aire ORANO<\/a><\/strong> (<em>anciennement COGEMA puis AREVA<\/em>), la <strong>Communaut\u00e9 d&#8217;agglom\u00e9ration du Libournais<\/strong> (CALI) a assur\u00e9 mardi dernier une op\u00e9ration d&#8217;\u00e9lagage des bois morts.<\/p>\n\n\n\n<p>A la demande de la mairie qui constatait de fr\u00e9quentes chutes de branches ou d&#8217;arbres le long des routes lors de coups de vent, la CALI a missionn\u00e9 l&#8217;<strong><a href=\"https:\/\/www.facebook.com\/people\/Entreprise-Dumarchez-Pierre\/100028671054800\/\">entreprise Dumarchez de St Denis de Pile<\/a><\/strong> pour effectuer ces travaux d&#8217;\u00e9lagage pr\u00e9sentant des risques au-dessus de la voie. <\/p>\n\n\n\n<p>L&#8217;intervention s&#8217;est d\u00e9roul\u00e9e sur la <strong>voie communale n\u00b0313<\/strong> au Sud du lieu-dit &#8220;<em><strong>Les Roudiers<\/strong><\/em>&#8220;. <\/p>\n\n\n\n<p>La commune remercient les usagers de cette route pour leur patience lors de l&#8217;interdiction de circulation d&#8217;une journ\u00e9e. De m\u00eame, il est rappel\u00e9 que les travaux d&#8217;\u00e9lagage font partie int\u00e9grante de l&#8217;entretien des propri\u00e9t\u00e9s. En cas de chutes de branches ou d&#8217;arbres morts, la responsabilit\u00e9 du propri\u00e9taire peut \u00eatre engag\u00e9e.<\/p>\n\n\n<div class=\"wp-block-image\">\n<figure class=\"aligncenter size-large is-resized\"><img loading=\"lazy\" decoding=\"async\" src=\"https:\/\/www.lefieu.fr\/wp-content\/uploads\/2023\/04\/20230425_095057-1024x576.jpg\" alt=\"\" class=\"wp-image-2894\" width=\"614\" height=\"345\" srcset=\"https:\/\/www.lefieu.fr\/wp-content\/uploads\/2023\/04\/20230425_095057-1024x576.jpg 1024w, https:\/\/www.lefieu.fr\/wp-content\/uploads\/2023\/04\/20230425_095057-300x169.jpg 300w, https:\/\/www.lefieu.fr\/wp-content\/uploads\/2023\/04\/20230425_095057-768x432.jpg 768w, https:\/\/www.lefieu.fr\/wp-content\/uploads\/2023\/04\/20230425_095057-1536x864.jpg 1536w, https:\/\/www.lefieu.fr\/wp-content\/uploads\/2023\/04\/20230425_095057-2048x1152.jpg 2048w\" sizes=\"auto, (max-width: 614px) 100vw, 614px\" \/><figcaption class=\"wp-element-caption\">La phase de broyage des branches, une n\u00e9cessit\u00e9.<br><sup><em>(photo A. Rambaud)<\/em><\/sup><\/figcaption><\/figure>\n<\/div>","protected":false},"excerpt":{"rendered":"<p>Devenue propri\u00e9taire de plusieurs hectares de for\u00eat sur la commune de LE FIEU afin d&#8217;assurer une protection du massif forestier jadis acquis par le groupe nucl\u00e9aire ORANO (anciennement COGEMA puis AREVA), la Communaut\u00e9 d&#8217;agglom\u00e9ration du Libournais (CALI) a assur\u00e9 mardi dernier une op\u00e9ration d&#8217;\u00e9lagage des bois morts. A la demande [&hellip;]<\/p>\n","protected":false},"author":1,"featured_media":2894,"comment_status":"closed","ping_status":"closed","sticky":false,"template":"","format":"standard","meta":{"_s2mail":"","_themeisle_gutenberg_block_has_review":false,"footnotes":""},"categories":[6],"tags":[],"class_list":["post-2893","post","type-post","status-publish","format-standard","has-post-thumbnail","hentry","category-informations"],"_links":{"self":[{"href":"https:\/\/www.lefieu.fr\/index.php\/wp-json\/wp\/v2\/posts\/2893","targetHints":{"allow":["GET"]}}],"collection":[{"href":"https:\/\/www.lefieu.fr\/index.php\/wp-json\/wp\/v2\/posts"}],"about":[{"href":"https:\/\/www.lefieu.fr\/index.php\/wp-json\/wp\/v2\/types\/post"}],"author":[{"embeddable":true,"href":"https:\/\/www.lefieu.fr\/index.php\/wp-json\/wp\/v2\/users\/1"}],"replies":[{"embeddable":true,"href":"https:\/\/www.lefieu.fr\/index.php\/wp-json\/wp\/v2\/comments?post=2893"}],"version-history":[{"count":2,"href":"https:\/\/www.lefieu.fr\/index.php\/wp-json\/wp\/v2\/posts\/2893\/revisions"}],"predecessor-version":[{"id":2896,"href":"https:\/\/www.lefieu.fr\/index.php\/wp-json\/wp\/v2\/posts\/2893\/revisions\/2896"}],"wp:featuredmedia":[{"embeddable":true,"href":"https:\/\/www.lefieu.fr\/index.php\/wp-json\/wp\/v2\/media\/2894"}],"wp:attachment":[{"href":"https:\/\/www.lefieu.fr\/index.php\/wp-json\/wp\/v2\/media?parent=2893"}],"wp:term":[{"taxonomy":"category","embeddable":true,"href":"https:\/\/www.lefieu.fr\/index.php\/wp-json\/wp\/v2\/categories?post=2893"},{"taxonomy":"post_tag","embeddable":true,"href":"https:\/\/www.lefieu.fr\/index.php\/wp-json\/wp\/v2\/tags?post=2893"}],"curies":[{"name":"wp","href":"https:\/\/api.w.org\/{rel}","templated":true}]}}