{"id":2897,"date":"2023-04-28T07:57:09","date_gmt":"2023-04-28T05:57:09","guid":{"rendered":"https:\/\/www.lefieu.fr\/?p=2897"},"modified":"2023-04-28T08:03:54","modified_gmt":"2023-04-28T06:03:54","slug":"programme-du-grand-week-end-de-fete","status":"publish","type":"post","link":"https:\/\/www.lefieu.fr\/index.php\/2023\/04\/28\/programme-du-grand-week-end-de-fete\/","title":{"rendered":"Programme du grand week-end de f\u00eate !"},"content":{"rendered":"\n<p>Cette ann\u00e9e encore, le programme concoct\u00e9 par le comit\u00e9 &#8220;<em><a href=\"https:\/\/www.facebook.com\/comitefestiviteslefieu\">Festivit\u00e9s<\/a><\/em>&#8221; promet d&#8217;\u00eatre de grande qualit\u00e9. Ambiance et convivialit\u00e9 seront les fils rouges de ces 4 jours de f\u00eates qui commencent d\u00e8s ce soir 19h.<\/p>\n\n\n\n<p>Les rues du bourg s&#8217;animeront pour que chacun puisse passer d&#8217;excellents moments en famille ou entre amis. De m\u00eame, les commerces <em><a href=\"https:\/\/www.facebook.com\/lekfelefieu\">(K-F\u00e9 et \u00e9picerie<\/a><\/em>) resteront ouverts pour accueillir \u00e9galement les visiteurs sur l&#8217;agr\u00e9able terrasse ombrag\u00e9e.<\/p>\n\n\n\n<p>En voici le programme d\u00e9taill\u00e9 :<\/p>\n\n\n<div class=\"wp-block-image\">\n<figure class=\"aligncenter size-full is-resized\"><img loading=\"lazy\" decoding=\"async\" src=\"https:\/\/www.lefieu.fr\/wp-content\/uploads\/2023\/04\/IMG_11781.jpg\" alt=\"\" class=\"wp-image-2898\" width=\"630\" height=\"630\" srcset=\"https:\/\/www.lefieu.fr\/wp-content\/uploads\/2023\/04\/IMG_11781.jpg 640w, https:\/\/www.lefieu.fr\/wp-content\/uploads\/2023\/04\/IMG_11781-300x300.jpg 300w, https:\/\/www.lefieu.fr\/wp-content\/uploads\/2023\/04\/IMG_11781-150x150.jpg 150w, https:\/\/www.lefieu.fr\/wp-content\/uploads\/2023\/04\/IMG_11781-450x450.jpg 450w\" sizes=\"auto, (max-width: 630px) 100vw, 630px\" \/><\/figure>\n<\/div>\n\n<div class=\"wp-block-image\">\n<figure class=\"aligncenter size-full is-resized\"><img loading=\"lazy\" decoding=\"async\" src=\"https:\/\/www.lefieu.fr\/wp-content\/uploads\/2023\/04\/IMG_11811.jpg\" alt=\"\" class=\"wp-image-2899\" width=\"634\" height=\"634\" srcset=\"https:\/\/www.lefieu.fr\/wp-content\/uploads\/2023\/04\/IMG_11811.jpg 480w, https:\/\/www.lefieu.fr\/wp-content\/uploads\/2023\/04\/IMG_11811-300x300.jpg 300w, https:\/\/www.lefieu.fr\/wp-content\/uploads\/2023\/04\/IMG_11811-150x150.jpg 150w, https:\/\/www.lefieu.fr\/wp-content\/uploads\/2023\/04\/IMG_11811-450x450.jpg 450w\" sizes=\"auto, (max-width: 634px) 100vw, 634px\" \/><\/figure>\n<\/div>\n\n<div class=\"wp-block-image\">\n<figure class=\"aligncenter size-full\"><img loading=\"lazy\" decoding=\"async\" width=\"640\" height=\"640\" src=\"https:\/\/www.lefieu.fr\/wp-content\/uploads\/2023\/04\/IMG_11791.jpg\" alt=\"\" class=\"wp-image-2900\" srcset=\"https:\/\/www.lefieu.fr\/wp-content\/uploads\/2023\/04\/IMG_11791.jpg 640w, https:\/\/www.lefieu.fr\/wp-content\/uploads\/2023\/04\/IMG_11791-300x300.jpg 300w, https:\/\/www.lefieu.fr\/wp-content\/uploads\/2023\/04\/IMG_11791-150x150.jpg 150w, https:\/\/www.lefieu.fr\/wp-content\/uploads\/2023\/04\/IMG_11791-450x450.jpg 450w\" sizes=\"auto, (max-width: 640px) 100vw, 640px\" \/><\/figure>\n<\/div>\n\n<div class=\"wp-block-image\">\n<figure class=\"aligncenter size-full\"><img loading=\"lazy\" decoding=\"async\" width=\"640\" height=\"640\" src=\"https:\/\/www.lefieu.fr\/wp-content\/uploads\/2023\/04\/IMG_11801.jpg\" alt=\"\" class=\"wp-image-2901\" srcset=\"https:\/\/www.lefieu.fr\/wp-content\/uploads\/2023\/04\/IMG_11801.jpg 640w, https:\/\/www.lefieu.fr\/wp-content\/uploads\/2023\/04\/IMG_11801-300x300.jpg 300w, https:\/\/www.lefieu.fr\/wp-content\/uploads\/2023\/04\/IMG_11801-150x150.jpg 150w, https:\/\/www.lefieu.fr\/wp-content\/uploads\/2023\/04\/IMG_11801-450x450.jpg 450w\" sizes=\"auto, (max-width: 640px) 100vw, 640px\" \/><\/figure>\n<\/div>","protected":false},"excerpt":{"rendered":"<p>Cette ann\u00e9e encore, le programme concoct\u00e9 par le comit\u00e9 &#8220;Festivit\u00e9s&#8221; promet d&#8217;\u00eatre de grande qualit\u00e9. Ambiance et convivialit\u00e9 seront les fils rouges de ces 4 jours de f\u00eates qui commencent d\u00e8s ce soir 19h. Les rues du bourg s&#8217;animeront pour que chacun puisse passer d&#8217;excellents moments en famille ou entre [&hellip;]<\/p>\n","protected":false},"author":1,"featured_media":2334,"comment_status":"closed","ping_status":"closed","sticky":false,"template":"","format":"standard","meta":{"_s2mail":"","_themeisle_gutenberg_block_has_review":false,"footnotes":""},"categories":[6],"tags":[],"class_list":["post-2897","post","type-post","status-publish","format-standard","has-post-thumbnail","hentry","category-informations"],"_links":{"self":[{"href":"https:\/\/www.lefieu.fr\/index.php\/wp-json\/wp\/v2\/posts\/2897","targetHints":{"allow":["GET"]}}],"collection":[{"href":"https:\/\/www.lefieu.fr\/index.php\/wp-json\/wp\/v2\/posts"}],"about":[{"href":"https:\/\/www.lefieu.fr\/index.php\/wp-json\/wp\/v2\/types\/post"}],"author":[{"embeddable":true,"href":"https:\/\/www.lefieu.fr\/index.php\/wp-json\/wp\/v2\/users\/1"}],"replies":[{"embeddable":true,"href":"https:\/\/www.lefieu.fr\/index.php\/wp-json\/wp\/v2\/comments?post=2897"}],"version-history":[{"count":2,"href":"https:\/\/www.lefieu.fr\/index.php\/wp-json\/wp\/v2\/posts\/2897\/revisions"}],"predecessor-version":[{"id":2904,"href":"https:\/\/www.lefieu.fr\/index.php\/wp-json\/wp\/v2\/posts\/2897\/revisions\/2904"}],"wp:featuredmedia":[{"embeddable":true,"href":"https:\/\/www.lefieu.fr\/index.php\/wp-json\/wp\/v2\/media\/2334"}],"wp:attachment":[{"href":"https:\/\/www.lefieu.fr\/index.php\/wp-json\/wp\/v2\/media?parent=2897"}],"wp:term":[{"taxonomy":"category","embeddable":true,"href":"https:\/\/www.lefieu.fr\/index.php\/wp-json\/wp\/v2\/categories?post=2897"},{"taxonomy":"post_tag","embeddable":true,"href":"https:\/\/www.lefieu.fr\/index.php\/wp-json\/wp\/v2\/tags?post=2897"}],"curies":[{"name":"wp","href":"https:\/\/api.w.org\/{rel}","templated":true}]}}