{"id":3057,"date":"2023-07-29T13:59:10","date_gmt":"2023-07-29T11:59:10","guid":{"rendered":"https:\/\/www.lefieu.fr\/?p=3057"},"modified":"2024-01-08T18:45:13","modified_gmt":"2024-01-08T17:45:13","slug":"depots-sauvages-le-fieu-prend-des-mesures","status":"publish","type":"post","link":"https:\/\/www.lefieu.fr\/index.php\/2023\/07\/29\/depots-sauvages-le-fieu-prend-des-mesures\/","title":{"rendered":"D\u00e9p\u00f4ts sauvages : LE FIEU prend des mesures !"},"content":{"rendered":"\n<p>Depuis quelques mois, les \u00e9lus ainsi que les F\u00e9odiens constatent la pr\u00e9sence de d\u00e9p\u00f4ts sauvages \u00e0 divers endroits de la commune, endroits esseul\u00e9s ou pas. Des proc\u00e9dures judiciaires ont \u00e9t\u00e9 engag\u00e9s aupr\u00e8s de la gendarmerie \u00e0 l&#8217;encontre des personnes \u00e0 l&#8217;origine de ces pollutions m\u00eame si les proc\u00e9dures sont longues et viennent encombrer le plan de charge de la justice.<\/p>\n\n\n\n<p>Mais aujourd&#8217;hui, l&#8217;Etat vient de permettre aux maires de France d&#8217;engager eux-m\u00eames et directement une proc\u00e9dure \u00e0 l&#8217;encontre des auteurs de ce type d&#8217;infraction. Pour cela, de nombreux Conseils Municipaux de notre secteur ont d\u00e9lib\u00e9r\u00e9 pour mettre en place la proc\u00e9dure des sanctions administratives par arr\u00eat\u00e9 municipal. De m\u00eame, un tableau de tarification des amendes selon le type d&#8217;ordures et l&#8217;endroit de l&#8217;infraction a \u00e9t\u00e9 valid\u00e9. Et cela pourrait co\u00fbter tr\u00e8s cher \u00e0 l&#8217;auteur de l&#8217;infraction !<\/p>\n\n\n\n<p>Sur le tableau* ci-dessous, le montant des amendes est d\u00e9taill\u00e9 selon l&#8217;importance et le type de l&#8217;infraction.<\/p>\n\n\n\n<p><em>(*) Affich\u00e9 sur les containers en place<\/em><\/p>\n\n\n<div class=\"wp-block-image\">\n<figure class=\"aligncenter size-full is-resized\"><img loading=\"lazy\" decoding=\"async\" width=\"768\" height=\"744\" src=\"https:\/\/www.lefieu.fr\/wp-content\/uploads\/2023\/07\/2023-07-29_11h26_14.png\" alt=\"\" class=\"wp-image-3082\" style=\"width:624px;height:605px\" srcset=\"https:\/\/www.lefieu.fr\/wp-content\/uploads\/2023\/07\/2023-07-29_11h26_14.png 768w, https:\/\/www.lefieu.fr\/wp-content\/uploads\/2023\/07\/2023-07-29_11h26_14-300x291.png 300w\" sizes=\"auto, (max-width: 768px) 100vw, 768px\" \/><figcaption class=\"wp-element-caption\"><sup><em>Selon l&#8217;infraction, les montants s&#8217;additionnent tr\u00e8s vite&#8230;<\/em><\/sup><\/figcaption><\/figure>\n<\/div>\n\n\n<p><strong>D\u00e9sormais, et par exemple, le fait de d\u00e9poser un simple sac poubelle contenant des bouteilles au pied d&#8217;un container \u00e0 verre au lieu d&#8217;y ins\u00e9rer son contenu<em> (voir photo ci-dessous)<\/em> <span style=\"text-decoration: underline;\">peut co\u00fbter \u00e0 l&#8217;auteur 500 \u20ac d&#8217;amende&#8230; <\/span><\/strong><\/p>\n\n\n<div class=\"wp-block-image\">\n<figure class=\"aligncenter size-large is-resized\"><img loading=\"lazy\" decoding=\"async\" width=\"1024\" height=\"576\" src=\"https:\/\/www.lefieu.fr\/wp-content\/uploads\/2023\/07\/20230703_140301-1024x576.jpg\" alt=\"\" class=\"wp-image-3083\" style=\"width:420px;height:236px\" srcset=\"https:\/\/www.lefieu.fr\/wp-content\/uploads\/2023\/07\/20230703_140301-1024x576.jpg 1024w, https:\/\/www.lefieu.fr\/wp-content\/uploads\/2023\/07\/20230703_140301-300x169.jpg 300w, https:\/\/www.lefieu.fr\/wp-content\/uploads\/2023\/07\/20230703_140301-768x432.jpg 768w, https:\/\/www.lefieu.fr\/wp-content\/uploads\/2023\/07\/20230703_140301-1536x864.jpg 1536w, https:\/\/www.lefieu.fr\/wp-content\/uploads\/2023\/07\/20230703_140301-2048x1152.jpg 2048w\" sizes=\"auto, (max-width: 1024px) 100vw, 1024px\" \/><figcaption class=\"wp-element-caption\">.<\/figcaption><\/figure>\n<\/div>\n\n<div class=\"wp-block-image\">\n<figure class=\"aligncenter size-full is-resized\"><img loading=\"lazy\" decoding=\"async\" width=\"933\" height=\"458\" src=\"https:\/\/www.lefieu.fr\/wp-content\/uploads\/2023\/07\/sac-poubelle-rotated.jpg\" alt=\"\" class=\"wp-image-3085\" style=\"width:418px;height:205px\" srcset=\"https:\/\/www.lefieu.fr\/wp-content\/uploads\/2023\/07\/sac-poubelle-rotated.jpg 933w, https:\/\/www.lefieu.fr\/wp-content\/uploads\/2023\/07\/sac-poubelle-300x147.jpg 300w, https:\/\/www.lefieu.fr\/wp-content\/uploads\/2023\/07\/sac-poubelle-768x377.jpg 768w\" sizes=\"auto, (max-width: 933px) 100vw, 933px\" \/><figcaption class=\"wp-element-caption\"><em><sup>Deux exemples d&#8217;invicilit\u00e9s pour lesquelles les sanctions administratives ont \u00e9t\u00e9 engag\u00e9es<\/sup><\/em>.<\/figcaption><\/figure>\n<\/div>\n\n\n<p>En parall\u00e8lle de ces nouvelles mesures, d\u00e9j\u00e0 entr\u00e9es en vigueur pour les premiers contrevenants, la commune de LE FIEU a mis en place depuis quelques mois une surveillance du massif forestier f\u00e9odien coupl\u00e9e au dispositif de vid\u00e9oprotection install\u00e9e dans le bourg. Ainsi, l&#8217;auteur des d\u00e9p\u00f4ts sauvages, ou autres actions malveillantes, pourrait avoir une surprise&#8230;<\/p>\n\n\n\n<p>Depuis quelques semaines aussi, un container \u00e0 cartons et emballages est mis \u00e0 la disposition de la population sur la place de l&#8217;\u00e9glise \u00e0 c\u00f4t\u00e9 du container \u00e0 verre d\u00e9j\u00e0 existant. De couleur jaune, ce container peut recevoir les m\u00eames d\u00e9chets que vos poubelles jaunes et en d\u00e9lester une partie lorsque ces derni\u00e8res d\u00e9bordent.   <\/p>\n\n\n<div class=\"wp-block-image\">\n<figure class=\"aligncenter size-large is-resized\"><img loading=\"lazy\" decoding=\"async\" width=\"1024\" height=\"576\" src=\"https:\/\/www.lefieu.fr\/wp-content\/uploads\/2023\/07\/20230407_163241-1024x576.jpg\" alt=\"\" class=\"wp-image-3080\" style=\"width:578px;height:324px\" srcset=\"https:\/\/www.lefieu.fr\/wp-content\/uploads\/2023\/07\/20230407_163241-1024x576.jpg 1024w, https:\/\/www.lefieu.fr\/wp-content\/uploads\/2023\/07\/20230407_163241-300x169.jpg 300w, https:\/\/www.lefieu.fr\/wp-content\/uploads\/2023\/07\/20230407_163241-768x432.jpg 768w, https:\/\/www.lefieu.fr\/wp-content\/uploads\/2023\/07\/20230407_163241-1536x864.jpg 1536w, https:\/\/www.lefieu.fr\/wp-content\/uploads\/2023\/07\/20230407_163241-2048x1152.jpg 2048w\" sizes=\"auto, (max-width: 1024px) 100vw, 1024px\" \/><figcaption class=\"wp-element-caption\"><sup><em>Nouveau container jaune pour cartons et emballages<\/em><\/sup><\/figcaption><\/figure>\n<\/div>\n\n\n<p>Ces ph\u00e9nom\u00e8nes d&#8217;incivilit\u00e9s correspondant \u00e0 une pollution environnementale intol\u00e9rable repr\u00e9sentent un co\u00fbt important pour les collectivit\u00e9s. Ainsi, la CALI qui est propri\u00e9taire d&#8217;une partie du massif forestier f\u00e9odien a fait proc\u00e9der \u00e0 l&#8217;enl\u00e8vement de plusieurs d\u00e9p\u00f4ts sauvages par la structure de <strong><a href=\"https:\/\/tapaj.org\/\">TAPAJ<\/a><\/strong> <em>(<strong>Travail Alternatif Pay\u00e9 \u00e0 La Journ\u00e9e<\/strong>)<\/em>. La commune de LE FIEU, soucieuse de la qualit\u00e9 du territoire communal, fera assurer \u00e9galement le nettoyage des diff\u00e9rents d\u00e9p\u00f4ts sauvages par les jeunes de TAPAJ que l&#8217;on doit sinc\u00e8rement remercier pour ce travail ingrat impos\u00e9 par individus sans scrupule dot\u00e9s de comportements indignes.<\/p>\n\n\n<div class=\"wp-block-image\">\n<figure class=\"aligncenter size-large is-resized\"><img loading=\"lazy\" decoding=\"async\" width=\"1024\" height=\"768\" src=\"https:\/\/www.lefieu.fr\/wp-content\/uploads\/2023\/07\/nettoyage-2-1024x768.jpg\" alt=\"\" class=\"wp-image-3095\" style=\"width:541px;height:406px\" srcset=\"https:\/\/www.lefieu.fr\/wp-content\/uploads\/2023\/07\/nettoyage-2-1024x768.jpg 1024w, https:\/\/www.lefieu.fr\/wp-content\/uploads\/2023\/07\/nettoyage-2-300x225.jpg 300w, https:\/\/www.lefieu.fr\/wp-content\/uploads\/2023\/07\/nettoyage-2-768x576.jpg 768w, https:\/\/www.lefieu.fr\/wp-content\/uploads\/2023\/07\/nettoyage-2-1536x1152.jpg 1536w, https:\/\/www.lefieu.fr\/wp-content\/uploads\/2023\/07\/nettoyage-2-2048x1536.jpg 2048w\" sizes=\"auto, (max-width: 1024px) 100vw, 1024px\" \/><figcaption class=\"wp-element-caption\"><sup><em>Nettoyage ingrat mais indispensable<\/em><\/sup><\/figcaption><\/figure>\n<\/div>\n\n<div class=\"wp-block-image\">\n<figure class=\"aligncenter size-large is-resized\"><img loading=\"lazy\" decoding=\"async\" width=\"1024\" height=\"768\" src=\"https:\/\/www.lefieu.fr\/wp-content\/uploads\/2023\/07\/Pneus-1024x768.jpg\" alt=\"\" class=\"wp-image-3091\" style=\"width:540px;height:405px\" srcset=\"https:\/\/www.lefieu.fr\/wp-content\/uploads\/2023\/07\/Pneus-1024x768.jpg 1024w, https:\/\/www.lefieu.fr\/wp-content\/uploads\/2023\/07\/Pneus-300x225.jpg 300w, https:\/\/www.lefieu.fr\/wp-content\/uploads\/2023\/07\/Pneus-768x576.jpg 768w, https:\/\/www.lefieu.fr\/wp-content\/uploads\/2023\/07\/Pneus-1536x1152.jpg 1536w, https:\/\/www.lefieu.fr\/wp-content\/uploads\/2023\/07\/Pneus-2048x1536.jpg 2048w\" sizes=\"auto, (max-width: 1024px) 100vw, 1024px\" \/><figcaption class=\"wp-element-caption\"><em><sup>Les jeunes de TAPAJ ont de quoi \u00eatre exasp\u00e9r\u00e9s devant un tel spectacle&#8230;<\/sup><\/em><\/figcaption><\/figure>\n<\/div>\n\n<div class=\"wp-block-image\">\n<figure class=\"aligncenter size-large is-resized\"><img loading=\"lazy\" decoding=\"async\" width=\"1024\" height=\"768\" src=\"https:\/\/www.lefieu.fr\/wp-content\/uploads\/2023\/07\/TAPAJ-2-2-1024x768.jpg\" alt=\"\" class=\"wp-image-3089\" style=\"width:542px;height:407px\" srcset=\"https:\/\/www.lefieu.fr\/wp-content\/uploads\/2023\/07\/TAPAJ-2-2-1024x768.jpg 1024w, https:\/\/www.lefieu.fr\/wp-content\/uploads\/2023\/07\/TAPAJ-2-2-300x225.jpg 300w, https:\/\/www.lefieu.fr\/wp-content\/uploads\/2023\/07\/TAPAJ-2-2-768x576.jpg 768w, https:\/\/www.lefieu.fr\/wp-content\/uploads\/2023\/07\/TAPAJ-2-2-1536x1152.jpg 1536w, https:\/\/www.lefieu.fr\/wp-content\/uploads\/2023\/07\/TAPAJ-2-2-2048x1536.jpg 2048w\" sizes=\"auto, (max-width: 1024px) 100vw, 1024px\" \/><figcaption class=\"wp-element-caption\"><em><sup>Peu \u00e0 peu, la benne est charg\u00e9e&#8230;<\/sup><\/em><\/figcaption><\/figure>\n<\/div>\n\n\n<p> <\/p>\n","protected":false},"excerpt":{"rendered":"<p>Depuis quelques mois, les \u00e9lus ainsi que les F\u00e9odiens constatent la pr\u00e9sence de d\u00e9p\u00f4ts sauvages \u00e0 divers endroits de la commune, endroits esseul\u00e9s ou pas. Des proc\u00e9dures judiciaires ont \u00e9t\u00e9 engag\u00e9s aupr\u00e8s de la gendarmerie \u00e0 l&#8217;encontre des personnes \u00e0 l&#8217;origine de ces pollutions m\u00eame si les proc\u00e9dures sont longues [&hellip;]<\/p>\n","protected":false},"author":1,"featured_media":3097,"comment_status":"closed","ping_status":"closed","sticky":false,"template":"","format":"standard","meta":{"_s2mail":"yes","_themeisle_gutenberg_block_has_review":false,"footnotes":""},"categories":[6,12],"tags":[],"class_list":["post-3057","post","type-post","status-publish","format-standard","has-post-thumbnail","hentry","category-informations","category-municipalite"],"_links":{"self":[{"href":"https:\/\/www.lefieu.fr\/index.php\/wp-json\/wp\/v2\/posts\/3057","targetHints":{"allow":["GET"]}}],"collection":[{"href":"https:\/\/www.lefieu.fr\/index.php\/wp-json\/wp\/v2\/posts"}],"about":[{"href":"https:\/\/www.lefieu.fr\/index.php\/wp-json\/wp\/v2\/types\/post"}],"author":[{"embeddable":true,"href":"https:\/\/www.lefieu.fr\/index.php\/wp-json\/wp\/v2\/users\/1"}],"replies":[{"embeddable":true,"href":"https:\/\/www.lefieu.fr\/index.php\/wp-json\/wp\/v2\/comments?post=3057"}],"version-history":[{"count":16,"href":"https:\/\/www.lefieu.fr\/index.php\/wp-json\/wp\/v2\/posts\/3057\/revisions"}],"predecessor-version":[{"id":3322,"href":"https:\/\/www.lefieu.fr\/index.php\/wp-json\/wp\/v2\/posts\/3057\/revisions\/3322"}],"wp:featuredmedia":[{"embeddable":true,"href":"https:\/\/www.lefieu.fr\/index.php\/wp-json\/wp\/v2\/media\/3097"}],"wp:attachment":[{"href":"https:\/\/www.lefieu.fr\/index.php\/wp-json\/wp\/v2\/media?parent=3057"}],"wp:term":[{"taxonomy":"category","embeddable":true,"href":"https:\/\/www.lefieu.fr\/index.php\/wp-json\/wp\/v2\/categories?post=3057"},{"taxonomy":"post_tag","embeddable":true,"href":"https:\/\/www.lefieu.fr\/index.php\/wp-json\/wp\/v2\/tags?post=3057"}],"curies":[{"name":"wp","href":"https:\/\/api.w.org\/{rel}","templated":true}]}}