{"id":3246,"date":"2023-10-03T18:13:20","date_gmt":"2023-10-03T16:13:20","guid":{"rendered":"https:\/\/www.lefieu.fr\/?p=3246"},"modified":"2025-02-28T17:39:12","modified_gmt":"2025-02-28T16:39:12","slug":"ouvrez-loeil-2","status":"publish","type":"post","link":"https:\/\/www.lefieu.fr\/index.php\/2023\/10\/03\/ouvrez-loeil-2\/","title":{"rendered":"Ouvrez l&#8217;oeil !"},"content":{"rendered":"\n<p>M\u00eame si l&#8217;automne est l\u00e0 sur les calendriers, les temp\u00e9ratures laissent penser que l&#8217;\u00e9t\u00e9 n&#8217;est pas termin\u00e9. Par contre, la v\u00e9g\u00e9tation souffre du manque \u00e9vident d&#8217;eau et les feuilles commencent malgr\u00e9 tout \u00e0 tomber.<\/p>\n\n\n\n<p>C&#8217;est aussi la p\u00e9riode qui va permettre \u00e0 chacun de pouvoir inspecter la nature pour rep\u00e9rer des \u00e9ventuels nids de frelons. Aujourd&#8217;hui, il est de notori\u00e9t\u00e9 de dire que ces frelons asiatiques sont une v\u00e9ritable plaie pour les apiculteurs. Parfois en quelques heures, ils d\u00e9truisent des ruches enti\u00e8res en tuant les abeilles \u00e0 leur sortie.<\/p>\n\n\n\n<p>D\u00e8s qu&#8217;un nid est rep\u00e9r\u00e9, il faut imm\u00e9diatement pr\u00e9venir le propri\u00e9taire du terrain concern\u00e9 afin qu&#8217;il fasse proc\u00e9der \u00e0 sa destruction et \u00e0 ses habitants. Si un nid est rep\u00e9r\u00e9 sur le domaine public (chemin ou route), la mairie doit \u00eatre inform\u00e9e au plus t\u00f4t afin d&#8217;\u00e9viter \u00e9galement tout risque de piqure des usagers.<\/p>\n\n\n\n<p><strong><em><span style=\"text-decoration: underline;\">ATTENTION : <\/span>S&#8217;approcher d&#8217;un nid &#8220;actif&#8221; ou tenter de le d\u00e9truire peut \u00eatre extr\u00eamement dangereux. Les frelons d\u00e9rang\u00e9s peuvent &#8220;se d\u00e9fouler&#8221; sur tout \u00eatre vivant situ\u00e9 \u00e0 proximit\u00e9 imm\u00e9diate. Les piqures peuvent d\u00e9clencher chez l&#8217;humain de tr\u00e8s s\u00e9rieux probl\u00e8mes de sant\u00e9 (r\u00e9action allergique grave, arr\u00eat cardiorespiratoire,&#8230;)<\/em><\/strong><\/p>\n\n\n\n<p>C&#8217;est dans ce contexte que la commune de LE FIEU, inform\u00e9e de la pr\u00e9sence d&#8217;un nid sur le bord d&#8217;un chemin communal, a fait imm\u00e9diatement proc\u00e9der \u00e0 sa destruction par un sp\u00e9cialiste local. L&#8217;intervention de ce nid positionn\u00e9 quasiment au sol s&#8217;est termin\u00e9e en \u00e0 peine 10 minutes et le danger a \u00e9t\u00e9 \u00e9limin\u00e9.<\/p>\n\n\n<div class=\"wp-block-image\">\n<figure class=\"aligncenter size-large is-resized\"><img loading=\"lazy\" decoding=\"async\" src=\"https:\/\/www.lefieu.fr\/wp-content\/uploads\/2023\/10\/20231002_190959-576x1024.jpg\" alt=\"\" class=\"wp-image-3247\" style=\"width:563px;height:1001px\" width=\"563\" height=\"1001\" srcset=\"https:\/\/www.lefieu.fr\/wp-content\/uploads\/2023\/10\/20231002_190959-576x1024.jpg 576w, https:\/\/www.lefieu.fr\/wp-content\/uploads\/2023\/10\/20231002_190959-169x300.jpg 169w, https:\/\/www.lefieu.fr\/wp-content\/uploads\/2023\/10\/20231002_190959-768x1365.jpg 768w, https:\/\/www.lefieu.fr\/wp-content\/uploads\/2023\/10\/20231002_190959-864x1536.jpg 864w, https:\/\/www.lefieu.fr\/wp-content\/uploads\/2023\/10\/20231002_190959-1152x2048.jpg 1152w, https:\/\/www.lefieu.fr\/wp-content\/uploads\/2023\/10\/20231002_190959-scaled.jpg 1440w\" sizes=\"auto, (max-width: 563px) 100vw, 563px\" \/><figcaption class=\"wp-element-caption\">Intervention de <strong>Claude Gombaud<\/strong>, apiculteur et destructeur de nuisibles \u00e0 Le Fieu <br><sup><em>(photo mairie Le Fieu)<\/em><\/sup><\/figcaption><\/figure>\n<\/div>\n\n<div class=\"wp-block-image\">\n<figure class=\"aligncenter size-large is-resized\"><img loading=\"lazy\" decoding=\"async\" src=\"https:\/\/www.lefieu.fr\/wp-content\/uploads\/2023\/10\/20231002_191048-576x1024.jpg\" alt=\"\" class=\"wp-image-3248\" style=\"width:520px;height:924px\" width=\"520\" height=\"924\" srcset=\"https:\/\/www.lefieu.fr\/wp-content\/uploads\/2023\/10\/20231002_191048-576x1024.jpg 576w, https:\/\/www.lefieu.fr\/wp-content\/uploads\/2023\/10\/20231002_191048-169x300.jpg 169w, https:\/\/www.lefieu.fr\/wp-content\/uploads\/2023\/10\/20231002_191048-768x1365.jpg 768w, https:\/\/www.lefieu.fr\/wp-content\/uploads\/2023\/10\/20231002_191048-864x1536.jpg 864w, https:\/\/www.lefieu.fr\/wp-content\/uploads\/2023\/10\/20231002_191048-1152x2048.jpg 1152w, https:\/\/www.lefieu.fr\/wp-content\/uploads\/2023\/10\/20231002_191048-scaled.jpg 1440w\" sizes=\"auto, (max-width: 520px) 100vw, 520px\" \/><figcaption class=\"wp-element-caption\">Le nid est trait\u00e9 pour \u00e9radiquer sa population de frelons <br><sup><em>(photo mairie Le Fieu)<\/em><\/sup><\/figcaption><\/figure>\n<\/div>","protected":false},"excerpt":{"rendered":"<p>M\u00eame si l&#8217;automne est l\u00e0 sur les calendriers, les temp\u00e9ratures laissent penser que l&#8217;\u00e9t\u00e9 n&#8217;est pas termin\u00e9. Par contre, la v\u00e9g\u00e9tation souffre du manque \u00e9vident d&#8217;eau et les feuilles commencent malgr\u00e9 tout \u00e0 tomber. C&#8217;est aussi la p\u00e9riode qui va permettre \u00e0 chacun de pouvoir inspecter la nature pour rep\u00e9rer [&hellip;]<\/p>\n","protected":false},"author":1,"featured_media":3252,"comment_status":"closed","ping_status":"closed","sticky":false,"template":"","format":"standard","meta":{"_s2mail":"yes","_themeisle_gutenberg_block_has_review":false,"footnotes":""},"categories":[6],"tags":[],"class_list":["post-3246","post","type-post","status-publish","format-standard","has-post-thumbnail","hentry","category-informations"],"_links":{"self":[{"href":"https:\/\/www.lefieu.fr\/index.php\/wp-json\/wp\/v2\/posts\/3246","targetHints":{"allow":["GET"]}}],"collection":[{"href":"https:\/\/www.lefieu.fr\/index.php\/wp-json\/wp\/v2\/posts"}],"about":[{"href":"https:\/\/www.lefieu.fr\/index.php\/wp-json\/wp\/v2\/types\/post"}],"author":[{"embeddable":true,"href":"https:\/\/www.lefieu.fr\/index.php\/wp-json\/wp\/v2\/users\/1"}],"replies":[{"embeddable":true,"href":"https:\/\/www.lefieu.fr\/index.php\/wp-json\/wp\/v2\/comments?post=3246"}],"version-history":[{"count":5,"href":"https:\/\/www.lefieu.fr\/index.php\/wp-json\/wp\/v2\/posts\/3246\/revisions"}],"predecessor-version":[{"id":3873,"href":"https:\/\/www.lefieu.fr\/index.php\/wp-json\/wp\/v2\/posts\/3246\/revisions\/3873"}],"wp:featuredmedia":[{"embeddable":true,"href":"https:\/\/www.lefieu.fr\/index.php\/wp-json\/wp\/v2\/media\/3252"}],"wp:attachment":[{"href":"https:\/\/www.lefieu.fr\/index.php\/wp-json\/wp\/v2\/media?parent=3246"}],"wp:term":[{"taxonomy":"category","embeddable":true,"href":"https:\/\/www.lefieu.fr\/index.php\/wp-json\/wp\/v2\/categories?post=3246"},{"taxonomy":"post_tag","embeddable":true,"href":"https:\/\/www.lefieu.fr\/index.php\/wp-json\/wp\/v2\/tags?post=3246"}],"curies":[{"name":"wp","href":"https:\/\/api.w.org\/{rel}","templated":true}]}}