{"id":3270,"date":"2023-11-13T09:28:24","date_gmt":"2023-11-13T08:28:24","guid":{"rendered":"https:\/\/www.lefieu.fr\/?p=3270"},"modified":"2023-11-13T09:28:25","modified_gmt":"2023-11-13T08:28:25","slug":"ceremonie-du-11-novembre-2","status":"publish","type":"post","link":"https:\/\/www.lefieu.fr\/index.php\/2023\/11\/13\/ceremonie-du-11-novembre-2\/","title":{"rendered":"C\u00e9r\u00e9monie du 11 novembre"},"content":{"rendered":"\n<p>Samedi dernier, la commune de LE FIEU a b\u00e9n\u00e9fici\u00e9 de la pr\u00e9sence d&#8217;un soleil g\u00e9n\u00e9reux pour rendre hommage \u00e0 ceux qui nous permettent de vivre encore aujourd&#8217;hui dans la libert\u00e9.<\/p>\n\n\n\n<p>Une quarantaine de personnes a entour\u00e9 les \u00e9lus pour cette c\u00e9r\u00e9monie. En pr\u00e9sence de la d\u00e9put\u00e9e de la circonscription, le Maire a fait lecture de la traditionnellle lettre minist\u00e9rielle et a tenu \u00e0 f\u00e9liciter l&#8217;engagement des jeunes pr\u00e9sents qui participent au devoir de m\u00e9moire. Michel Vacher a salu\u00e9 ainsi la pr\u00e9sence d&#8217;une d\u00e9l\u00e9gation de jeunes sapeurs pompiers et l&#8217;engagement du jeune porte-drapeau, Antoine Haas.<\/p>\n\n\n\n<p>Apr\u00e8s le d\u00e9p\u00f4ts des gerbes au pied du monument aux morts et \u00e0 l&#8217;appel de ceux qui sont tomb\u00e9s pour la France, l&#8217;hymne national a clotur\u00e9 la c\u00e9r\u00e9monie. <\/p>\n\n\n\n<p> L&#8217;ensemble des personnes pr\u00e9sentes a \u00e9t\u00e9 ensuite invit\u00e9 par le Maire \u00e0 se rendre en mairie pour un petit d\u00e9jeuner offert par la municipalit\u00e9.<\/p>\n\n\n<div class=\"wp-block-image\">\n<figure class=\"aligncenter size-large\"><img loading=\"lazy\" decoding=\"async\" width=\"1024\" height=\"686\" src=\"https:\/\/www.lefieu.fr\/wp-content\/uploads\/2023\/11\/20231111_094206-1024x686.jpg\" alt=\"\" class=\"wp-image-3271\" srcset=\"https:\/\/www.lefieu.fr\/wp-content\/uploads\/2023\/11\/20231111_094206-1024x686.jpg 1024w, https:\/\/www.lefieu.fr\/wp-content\/uploads\/2023\/11\/20231111_094206-300x201.jpg 300w, https:\/\/www.lefieu.fr\/wp-content\/uploads\/2023\/11\/20231111_094206-768x515.jpg 768w, https:\/\/www.lefieu.fr\/wp-content\/uploads\/2023\/11\/20231111_094206-1536x1029.jpg 1536w, https:\/\/www.lefieu.fr\/wp-content\/uploads\/2023\/11\/20231111_094206-2048x1373.jpg 2048w, https:\/\/www.lefieu.fr\/wp-content\/uploads\/2023\/11\/20231111_094206-360x240.jpg 360w\" sizes=\"auto, (max-width: 1024px) 100vw, 1024px\" \/><figcaption class=\"wp-element-caption\"><sup><em>La c\u00e9r\u00e9monie se d\u00e9roule sous un soleil radieux<\/em><\/sup><\/figcaption><\/figure>\n<\/div>\n\n<div class=\"wp-block-image\">\n<figure class=\"aligncenter size-large is-resized\"><img loading=\"lazy\" decoding=\"async\" width=\"461\" height=\"1024\" src=\"https:\/\/www.lefieu.fr\/wp-content\/uploads\/2023\/11\/20231111_094425-461x1024.jpg\" alt=\"\" class=\"wp-image-3272\" style=\"width:421px;height:auto\" srcset=\"https:\/\/www.lefieu.fr\/wp-content\/uploads\/2023\/11\/20231111_094425-461x1024.jpg 461w, https:\/\/www.lefieu.fr\/wp-content\/uploads\/2023\/11\/20231111_094425-135x300.jpg 135w, https:\/\/www.lefieu.fr\/wp-content\/uploads\/2023\/11\/20231111_094425-768x1707.jpg 768w, https:\/\/www.lefieu.fr\/wp-content\/uploads\/2023\/11\/20231111_094425-691x1536.jpg 691w, https:\/\/www.lefieu.fr\/wp-content\/uploads\/2023\/11\/20231111_094425-922x2048.jpg 922w, https:\/\/www.lefieu.fr\/wp-content\/uploads\/2023\/11\/20231111_094425-scaled.jpg 1152w\" sizes=\"auto, (max-width: 461px) 100vw, 461px\" \/><figcaption class=\"wp-element-caption\"><sup><em>La d\u00e9l\u00e9gation de jeunes sapeurs pompiers<\/em><\/sup><\/figcaption><\/figure>\n<\/div>\n\n<div class=\"wp-block-image\">\n<figure class=\"aligncenter size-large is-resized\"><img loading=\"lazy\" decoding=\"async\" width=\"461\" height=\"1024\" src=\"https:\/\/www.lefieu.fr\/wp-content\/uploads\/2023\/11\/20231111_094521-461x1024.jpg\" alt=\"\" class=\"wp-image-3273\" style=\"width:325px;height:auto\" srcset=\"https:\/\/www.lefieu.fr\/wp-content\/uploads\/2023\/11\/20231111_094521-461x1024.jpg 461w, https:\/\/www.lefieu.fr\/wp-content\/uploads\/2023\/11\/20231111_094521-135x300.jpg 135w, https:\/\/www.lefieu.fr\/wp-content\/uploads\/2023\/11\/20231111_094521-768x1707.jpg 768w, https:\/\/www.lefieu.fr\/wp-content\/uploads\/2023\/11\/20231111_094521-691x1536.jpg 691w, https:\/\/www.lefieu.fr\/wp-content\/uploads\/2023\/11\/20231111_094521-922x2048.jpg 922w, https:\/\/www.lefieu.fr\/wp-content\/uploads\/2023\/11\/20231111_094521-scaled.jpg 1152w\" sizes=\"auto, (max-width: 461px) 100vw, 461px\" \/><figcaption class=\"wp-element-caption\"><em><sup>Antoine HAAS, jeune porte-drapeau<\/sup><\/em><\/figcaption><\/figure>\n<\/div>\n\n<div class=\"wp-block-image\">\n<figure class=\"aligncenter size-large\"><img loading=\"lazy\" decoding=\"async\" width=\"603\" height=\"1024\" src=\"https:\/\/www.lefieu.fr\/wp-content\/uploads\/2023\/11\/20231111_095145-603x1024.jpg\" alt=\"\" class=\"wp-image-3274\" srcset=\"https:\/\/www.lefieu.fr\/wp-content\/uploads\/2023\/11\/20231111_095145-603x1024.jpg 603w, https:\/\/www.lefieu.fr\/wp-content\/uploads\/2023\/11\/20231111_095145-177x300.jpg 177w, https:\/\/www.lefieu.fr\/wp-content\/uploads\/2023\/11\/20231111_095145-768x1303.jpg 768w, https:\/\/www.lefieu.fr\/wp-content\/uploads\/2023\/11\/20231111_095145-905x1536.jpg 905w, https:\/\/www.lefieu.fr\/wp-content\/uploads\/2023\/11\/20231111_095145-1207x2048.jpg 1207w, https:\/\/www.lefieu.fr\/wp-content\/uploads\/2023\/11\/20231111_095145-scaled.jpg 1509w\" sizes=\"auto, (max-width: 603px) 100vw, 603px\" \/><figcaption class=\"wp-element-caption\"><em><sup>Jocelyne Pointet, Pr\u00e9sidente des anciens combattants de LE FIEU, et le Maire Michel Vacher<\/sup><\/em> <\/figcaption><\/figure>\n<\/div>\n\n<div class=\"wp-block-image\">\n<figure class=\"aligncenter size-large\"><img loading=\"lazy\" decoding=\"async\" width=\"461\" height=\"1024\" src=\"https:\/\/www.lefieu.fr\/wp-content\/uploads\/2023\/11\/20231111_095230-461x1024.jpg\" alt=\"\" class=\"wp-image-3276\" srcset=\"https:\/\/www.lefieu.fr\/wp-content\/uploads\/2023\/11\/20231111_095230-461x1024.jpg 461w, https:\/\/www.lefieu.fr\/wp-content\/uploads\/2023\/11\/20231111_095230-135x300.jpg 135w, https:\/\/www.lefieu.fr\/wp-content\/uploads\/2023\/11\/20231111_095230-768x1707.jpg 768w, https:\/\/www.lefieu.fr\/wp-content\/uploads\/2023\/11\/20231111_095230-691x1536.jpg 691w, https:\/\/www.lefieu.fr\/wp-content\/uploads\/2023\/11\/20231111_095230-922x2048.jpg 922w, https:\/\/www.lefieu.fr\/wp-content\/uploads\/2023\/11\/20231111_095230-scaled.jpg 1152w\" sizes=\"auto, (max-width: 461px) 100vw, 461px\" \/><figcaption class=\"wp-element-caption\"><em><sup>Lors de la minute de recueillement<\/sup><\/em><\/figcaption><\/figure>\n<\/div>","protected":false},"excerpt":{"rendered":"<p>Samedi dernier, la commune de LE FIEU a b\u00e9n\u00e9fici\u00e9 de la pr\u00e9sence d&#8217;un soleil g\u00e9n\u00e9reux pour rendre hommage \u00e0 ceux qui nous permettent de vivre encore aujourd&#8217;hui dans la libert\u00e9. Une quarantaine de personnes a entour\u00e9 les \u00e9lus pour cette c\u00e9r\u00e9monie. En pr\u00e9sence de la d\u00e9put\u00e9e de la circonscription, le [&hellip;]<\/p>\n","protected":false},"author":1,"featured_media":3277,"comment_status":"closed","ping_status":"closed","sticky":false,"template":"","format":"standard","meta":{"_s2mail":"","_themeisle_gutenberg_block_has_review":false,"footnotes":""},"categories":[3],"tags":[],"class_list":["post-3270","post","type-post","status-publish","format-standard","has-post-thumbnail","hentry","category-ceremonie"],"_links":{"self":[{"href":"https:\/\/www.lefieu.fr\/index.php\/wp-json\/wp\/v2\/posts\/3270","targetHints":{"allow":["GET"]}}],"collection":[{"href":"https:\/\/www.lefieu.fr\/index.php\/wp-json\/wp\/v2\/posts"}],"about":[{"href":"https:\/\/www.lefieu.fr\/index.php\/wp-json\/wp\/v2\/types\/post"}],"author":[{"embeddable":true,"href":"https:\/\/www.lefieu.fr\/index.php\/wp-json\/wp\/v2\/users\/1"}],"replies":[{"embeddable":true,"href":"https:\/\/www.lefieu.fr\/index.php\/wp-json\/wp\/v2\/comments?post=3270"}],"version-history":[{"count":2,"href":"https:\/\/www.lefieu.fr\/index.php\/wp-json\/wp\/v2\/posts\/3270\/revisions"}],"predecessor-version":[{"id":3279,"href":"https:\/\/www.lefieu.fr\/index.php\/wp-json\/wp\/v2\/posts\/3270\/revisions\/3279"}],"wp:featuredmedia":[{"embeddable":true,"href":"https:\/\/www.lefieu.fr\/index.php\/wp-json\/wp\/v2\/media\/3277"}],"wp:attachment":[{"href":"https:\/\/www.lefieu.fr\/index.php\/wp-json\/wp\/v2\/media?parent=3270"}],"wp:term":[{"taxonomy":"category","embeddable":true,"href":"https:\/\/www.lefieu.fr\/index.php\/wp-json\/wp\/v2\/categories?post=3270"},{"taxonomy":"post_tag","embeddable":true,"href":"https:\/\/www.lefieu.fr\/index.php\/wp-json\/wp\/v2\/tags?post=3270"}],"curies":[{"name":"wp","href":"https:\/\/api.w.org\/{rel}","templated":true}]}}