{"id":3281,"date":"2023-11-27T11:53:09","date_gmt":"2023-11-27T10:53:09","guid":{"rendered":"https:\/\/www.lefieu.fr\/?p=3281"},"modified":"2023-11-27T11:56:21","modified_gmt":"2023-11-27T10:56:21","slug":"salle-des-fetes-effacement-des-degats","status":"publish","type":"post","link":"https:\/\/www.lefieu.fr\/index.php\/2023\/11\/27\/salle-des-fetes-effacement-des-degats\/","title":{"rendered":"Salle des f\u00eates : Effacement des d\u00e9g\u00e2ts"},"content":{"rendered":"\n<p>Comme \u00e0 beaucoup de b\u00e2timents publics, la gr\u00eale de juin 2022 avait caus\u00e9 des d\u00e9g\u00e2ts consid\u00e9rables sur la toiture de la salle des f\u00eates. Les billes de glace avaient colmat\u00e9 les ch\u00e9neaux occasionnant de graves infiltrations d&#8217;eau sur le plafond de la salle et le long des murs.<\/p>\n\n\n\n<p>Apr\u00e8s plusieurs mois de proc\u00e9dures aupr\u00e8s des assurances, les travaux de changement des plaques de plafond t\u00e2ch\u00e9es ont \u00e9t\u00e9 enfin r\u00e9alis\u00e9s. Les peintures ont \u00e9t\u00e9 \u00e9galement et totalement reprises avec de nouveaux coloris.<\/p>\n\n\n\n<p>Cette intervention importante pour le b\u00e2timent a \u00e9t\u00e9 assur\u00e9e par l&#8217;<a href=\"https:\/\/www.facebook.com\/s.p.f.g.david.godet.33\/\">entreprise SPFG de Porch\u00e8res<\/a>.<\/p>\n\n\n<div class=\"wp-block-image\">\n<figure class=\"aligncenter size-large\"><img loading=\"lazy\" decoding=\"async\" width=\"1024\" height=\"576\" src=\"https:\/\/www.lefieu.fr\/wp-content\/uploads\/2023\/11\/20231027_110710-1024x576.jpg\" alt=\"\" class=\"wp-image-3282\" srcset=\"https:\/\/www.lefieu.fr\/wp-content\/uploads\/2023\/11\/20231027_110710-1024x576.jpg 1024w, https:\/\/www.lefieu.fr\/wp-content\/uploads\/2023\/11\/20231027_110710-300x169.jpg 300w, https:\/\/www.lefieu.fr\/wp-content\/uploads\/2023\/11\/20231027_110710-768x432.jpg 768w, https:\/\/www.lefieu.fr\/wp-content\/uploads\/2023\/11\/20231027_110710-1536x864.jpg 1536w, https:\/\/www.lefieu.fr\/wp-content\/uploads\/2023\/11\/20231027_110710-2048x1152.jpg 2048w\" sizes=\"auto, (max-width: 1024px) 100vw, 1024px\" \/><figcaption class=\"wp-element-caption\">Les travaux en cours <br><sup>(photo A. Rambaud)<\/sup><\/figcaption><\/figure>\n<\/div>","protected":false},"excerpt":{"rendered":"<p>Comme \u00e0 beaucoup de b\u00e2timents publics, la gr\u00eale de juin 2022 avait caus\u00e9 des d\u00e9g\u00e2ts consid\u00e9rables sur la toiture de la salle des f\u00eates. Les billes de glace avaient colmat\u00e9 les ch\u00e9neaux occasionnant de graves infiltrations d&#8217;eau sur le plafond de la salle et le long des murs. Apr\u00e8s plusieurs [&hellip;]<\/p>\n","protected":false},"author":1,"featured_media":74,"comment_status":"closed","ping_status":"closed","sticky":false,"template":"","format":"standard","meta":{"_s2mail":"","_themeisle_gutenberg_block_has_review":false,"footnotes":""},"categories":[6],"tags":[],"class_list":["post-3281","post","type-post","status-publish","format-standard","has-post-thumbnail","hentry","category-informations"],"_links":{"self":[{"href":"https:\/\/www.lefieu.fr\/index.php\/wp-json\/wp\/v2\/posts\/3281","targetHints":{"allow":["GET"]}}],"collection":[{"href":"https:\/\/www.lefieu.fr\/index.php\/wp-json\/wp\/v2\/posts"}],"about":[{"href":"https:\/\/www.lefieu.fr\/index.php\/wp-json\/wp\/v2\/types\/post"}],"author":[{"embeddable":true,"href":"https:\/\/www.lefieu.fr\/index.php\/wp-json\/wp\/v2\/users\/1"}],"replies":[{"embeddable":true,"href":"https:\/\/www.lefieu.fr\/index.php\/wp-json\/wp\/v2\/comments?post=3281"}],"version-history":[{"count":1,"href":"https:\/\/www.lefieu.fr\/index.php\/wp-json\/wp\/v2\/posts\/3281\/revisions"}],"predecessor-version":[{"id":3283,"href":"https:\/\/www.lefieu.fr\/index.php\/wp-json\/wp\/v2\/posts\/3281\/revisions\/3283"}],"wp:featuredmedia":[{"embeddable":true,"href":"https:\/\/www.lefieu.fr\/index.php\/wp-json\/wp\/v2\/media\/74"}],"wp:attachment":[{"href":"https:\/\/www.lefieu.fr\/index.php\/wp-json\/wp\/v2\/media?parent=3281"}],"wp:term":[{"taxonomy":"category","embeddable":true,"href":"https:\/\/www.lefieu.fr\/index.php\/wp-json\/wp\/v2\/categories?post=3281"},{"taxonomy":"post_tag","embeddable":true,"href":"https:\/\/www.lefieu.fr\/index.php\/wp-json\/wp\/v2\/tags?post=3281"}],"curies":[{"name":"wp","href":"https:\/\/api.w.org\/{rel}","templated":true}]}}