{"id":3314,"date":"2024-01-06T08:59:43","date_gmt":"2024-01-06T07:59:43","guid":{"rendered":"https:\/\/www.lefieu.fr\/?p=3314"},"modified":"2024-01-06T08:59:45","modified_gmt":"2024-01-06T07:59:45","slug":"avis-de-recensement","status":"publish","type":"post","link":"https:\/\/www.lefieu.fr\/index.php\/2024\/01\/06\/avis-de-recensement\/","title":{"rendered":"Avis de recensement !"},"content":{"rendered":"\n<p><strong>Cette ann\u00e9e, notre commune<\/strong><strong> <\/strong><strong>r\u00e9alise le recensement de sa population\u00a0pour mieux conna\u00eetre son \u00e9volution, ses besoins et ainsi d\u00e9velopper de petits et grands projets pour y r\u00e9pondre. L\u2019ensemble des logements et des habitants seront recens\u00e9s \u00e0 partir de ce mois de janvier<\/strong><strong>.<\/strong><\/p>\n\n\n\n<p><span style=\"text-decoration: underline;\">Comment cela se passe-t-il\u00a0?<\/span><\/p>\n\n\n\n<p>Une lettre sera d\u00e9pos\u00e9e dans votre bo\u00eete aux lettres. Puis, un agent recenseur muni d&#8217;une carte officielle d&#8217;accr\u00e9ditation et recrut\u00e9 par la commune, vous fournira une notice d\u2019information soit dans votre bo\u00eete aux lettres soit en mains propres. Suivez simplement les instructions qui y sont indiqu\u00e9es pour vous faire recenser. Ce document est indispensable, gardez-le pr\u00e9cieusement.<\/p>\n\n\n\n<p>Se faire recenser en ligne est plus simple et plus rapide pour vous, et \u00e9galement plus \u00e9conomique pour la commune. Moins de formulaires imprim\u00e9s est aussi plus responsable pour l\u2019environnement auquel notre commune est particuli\u00e8rement attach\u00e9e.<\/p>\n\n\n\n<p>Si vous ne pouvez pas r\u00e9pondre en ligne, des questionnaires papier pourront vous \u00eatre remis par l\u2019agent recenseur.<\/p>\n\n\n\n<p><span style=\"text-decoration: underline;\">Vous n\u2019avez re\u00e7u aucun document d\u2019ici le <strong>1er f\u00e9vrier 2024<\/strong>\u00a0?  <\/span><\/p>\n\n\n\n<p>Contactez la mairie de <strong>LE FIEU au 05 57 69 64 38<\/strong>.<\/p>\n\n\n\n<p><strong><span style=\"text-decoration: underline;\">Pourquoi \u00eates-vous recens\u00e9s\u00a0?<\/span><\/strong><\/p>\n\n\n\n<p>Le recensement de la population permet de <strong>savoir combien de personnes vivent en France <\/strong>et d\u2019\u00e9tablir <strong>la population officielle de chaque commune<\/strong>. Le recensement fournit \u00e9galement <strong>des statistiques sur la population<\/strong>\u00a0: \u00e2ge, profession, moyens de transport utilis\u00e9s, et les logements\u2026<\/p>\n\n\n\n<p>Les r\u00e9sultats du recensement sont essentiels. Ils permettent de&nbsp;:<\/p>\n\n\n\n<ol class=\"wp-block-list\">\n<li>D\u00e9terminer la participation de l\u2019\u00c9tat au budget de notre commune\u00a0: <strong>plus la commune est peupl\u00e9e, plus cette dotation est importante\u00a0!<\/strong> R\u00e9pondre au recensement est important pour la commune, c\u2019est lui permettre de disposer de meilleures ressources financi\u00e8res n\u00e9cessaires \u00e0 son fonctionnement.<\/li>\n\n\n\n<li>D\u00e9finir <strong>le nombre d\u2019\u00e9lus<\/strong> au conseil municipal, le mode de scrutin, le nombre de pharmacies\u2026&nbsp;<\/li>\n\n\n\n<li><strong>Identifier les besoins<\/strong> en termes d\u2019\u00e9quipements publics\u00a0collectifs (transports, \u00e9coles, maisons de retraite, structures sportives, etc.), de commerces, de logements\u2026<\/li>\n<\/ol>\n\n\n\n<p>Pour toute information concernant le recensement dans la commune, veuillez contacter\u00a0la mairie aux heures d&#8217;ouverture du s\u00e9cr\u00e9tariat.<\/p>\n\n\n\n<p>Pour en savoir plus sur le recensement de la population, rendez-vous sur le site <strong>le-recensement-et-moi.fr<\/strong>.<\/p>\n\n\n<div class=\"wp-block-image\">\n<figure class=\"aligncenter size-full is-resized\"><img loading=\"lazy\" decoding=\"async\" width=\"1000\" height=\"809\" src=\"https:\/\/www.lefieu.fr\/wp-content\/uploads\/2024\/01\/2024-01-06_08h30_58.png\" alt=\"\" class=\"wp-image-3316\" style=\"width:460px;height:auto\" srcset=\"https:\/\/www.lefieu.fr\/wp-content\/uploads\/2024\/01\/2024-01-06_08h30_58.png 1000w, https:\/\/www.lefieu.fr\/wp-content\/uploads\/2024\/01\/2024-01-06_08h30_58-300x243.png 300w, https:\/\/www.lefieu.fr\/wp-content\/uploads\/2024\/01\/2024-01-06_08h30_58-768x621.png 768w\" sizes=\"auto, (max-width: 1000px) 100vw, 1000px\" \/><\/figure>\n<\/div>","protected":false},"excerpt":{"rendered":"<p>Cette ann\u00e9e, notre commune r\u00e9alise le recensement de sa population\u00a0pour mieux conna\u00eetre son \u00e9volution, ses besoins et ainsi d\u00e9velopper de petits et grands projets pour y r\u00e9pondre. L\u2019ensemble des logements et des habitants seront recens\u00e9s \u00e0 partir de ce mois de janvier. Comment cela se passe-t-il\u00a0? Une lettre sera d\u00e9pos\u00e9e [&hellip;]<\/p>\n","protected":false},"author":1,"featured_media":3315,"comment_status":"closed","ping_status":"closed","sticky":false,"template":"","format":"standard","meta":{"_s2mail":"yes","_themeisle_gutenberg_block_has_review":false,"footnotes":""},"categories":[6],"tags":[],"class_list":["post-3314","post","type-post","status-publish","format-standard","has-post-thumbnail","hentry","category-informations"],"_links":{"self":[{"href":"https:\/\/www.lefieu.fr\/index.php\/wp-json\/wp\/v2\/posts\/3314","targetHints":{"allow":["GET"]}}],"collection":[{"href":"https:\/\/www.lefieu.fr\/index.php\/wp-json\/wp\/v2\/posts"}],"about":[{"href":"https:\/\/www.lefieu.fr\/index.php\/wp-json\/wp\/v2\/types\/post"}],"author":[{"embeddable":true,"href":"https:\/\/www.lefieu.fr\/index.php\/wp-json\/wp\/v2\/users\/1"}],"replies":[{"embeddable":true,"href":"https:\/\/www.lefieu.fr\/index.php\/wp-json\/wp\/v2\/comments?post=3314"}],"version-history":[{"count":2,"href":"https:\/\/www.lefieu.fr\/index.php\/wp-json\/wp\/v2\/posts\/3314\/revisions"}],"predecessor-version":[{"id":3318,"href":"https:\/\/www.lefieu.fr\/index.php\/wp-json\/wp\/v2\/posts\/3314\/revisions\/3318"}],"wp:featuredmedia":[{"embeddable":true,"href":"https:\/\/www.lefieu.fr\/index.php\/wp-json\/wp\/v2\/media\/3315"}],"wp:attachment":[{"href":"https:\/\/www.lefieu.fr\/index.php\/wp-json\/wp\/v2\/media?parent=3314"}],"wp:term":[{"taxonomy":"category","embeddable":true,"href":"https:\/\/www.lefieu.fr\/index.php\/wp-json\/wp\/v2\/categories?post=3314"},{"taxonomy":"post_tag","embeddable":true,"href":"https:\/\/www.lefieu.fr\/index.php\/wp-json\/wp\/v2\/tags?post=3314"}],"curies":[{"name":"wp","href":"https:\/\/api.w.org\/{rel}","templated":true}]}}