{"id":3368,"date":"2024-02-05T12:56:39","date_gmt":"2024-02-05T11:56:39","guid":{"rendered":"https:\/\/www.lefieu.fr\/?p=3368"},"modified":"2024-02-05T12:56:41","modified_gmt":"2024-02-05T11:56:41","slug":"des-voeux-charges-denergies-positives","status":"publish","type":"post","link":"https:\/\/www.lefieu.fr\/index.php\/2024\/02\/05\/des-voeux-charges-denergies-positives\/","title":{"rendered":"Des v\u0153ux charg\u00e9s d\u2019\u00e9nergies positives"},"content":{"rendered":"\n<p>Selon une certaine presse \u00e9crite, les v\u0153ux des \u00e9lus aux F\u00e9odiens ne pouvaient \u00eatre r\u00e9sum\u00e9s que par une photo de container \u00e0 poubelles\u2026 Clin d\u2019\u0153il n\u00e9faste \u00e0 la s\u00e9r\u00e9nit\u00e9 d\u2019un village\u00a0?<\/p>\n\n\n\n<p>En r\u00e9alit\u00e9, le 20 janvier dernier, le discours du Maire Michel Vacher a surtout mis en exergue <strong>la positivit\u00e9 et le d\u00e9veloppement en direction du bien-vivre<\/strong> et bien loin de toutes pol\u00e9miques.<\/p>\n\n\n\n<p>Il a fait part par exemple de la volont\u00e9 perp\u00e9tuelle de r\u00e9duire le co\u00fbt des \u00e9nergies pour la commune. Depuis 2014, Le Fieu n\u2019a pas attendu la crise \u00e9nerg\u00e9tique pour agir. Le Conseil municipal a engag\u00e9 cette d\u00e9marche avec notamment le remplacement du r\u00e9seau d\u2019\u00e9clairage public par des \u00e9clairages \u00e0 leds et une r\u00e9duction significative de puissance \u00e0 certaines heures de la nuit. De m\u00eame, Michel Vacher a indiqu\u00e9 qu\u2019\u00e0 la fin f\u00e9vrier l\u2019ensemble du r\u00e9seau communal serait aussi \u00e9quip\u00e9 de projecteurs \u00e0 leds gr\u00e2ce au concours financier du SDEEG et du Syndicat Intercommunal d\u2019\u00c9lectrification de Saint Philippe d\u2019Aiguilhe qui subventionnent chaque op\u00e9ration engag\u00e9e par la commune.<\/p>\n\n\n\n<p>Egalement, un projet majeur, et point d\u2019orgue bien avanc\u00e9, va contribuer \u00e0 transformer Le Fieu en un territoire \u00e0 \u00e9nergie positive. Le Conseil municipal s\u2019est prononc\u00e9 sur un projet d\u2019installation d\u2019une centrale photovolta\u00efque flottante sur un des lacs artificiels de 15 hectares de la soci\u00e9t\u00e9 Lafarge-Granulats dont la commune est maintenant propri\u00e9taire et sans que cela ait un quelconque impact sur le paysage et l\u2019environnement. Ce mod\u00e8le semi public avec la cr\u00e9ation tr\u00e8s prochaine d\u2019une soci\u00e9t\u00e9 d\u00e9nomm\u00e9e <strong>LE FIEU ENR<\/strong> aura pour actionnaire la commune propri\u00e9taire du terrain et la soci\u00e9t\u00e9 d\u2019\u00e9conomie mixte Gironde \u00c9nergies. Toujours avec une volont\u00e9 affirm\u00e9e du Conseil municipal pour int\u00e9grer les F\u00e9odiens, une part de financement participatif pourra permettre \u00e0 la population de la commune d\u2019\u00eatre impliqu\u00e9e dans ce projet. Les \u00e9tudes environnementales finalis\u00e9es, les r\u00e9sultats d\u2019un appel d\u2019offres d\u00e9signeront l\u2019entreprise qui aura la responsabilit\u00e9 de la conception et de la r\u00e9alisation de la centrale.<\/p>\n\n\n\n<p>En poursuivant son discours, Michel Vacher a voulu faire conna\u00eetre le soutien permanent de la commune de Le Fieu au monde agricole par un geste symbolique. Il a tenu \u00e0 pr\u00e9senter cette c\u00e9r\u00e9monie de v\u0153ux face \u00e0 un pupitre \u00e9crit \u00e0 l\u2019envers par solidarit\u00e9 \u00e0 tous les agriculteurs victimes d\u2019une politique agricole qui \u00ab&nbsp;marche sur la t\u00eate&nbsp;\u00bb.<\/p>\n\n\n\n<p><strong>Le Fieu<\/strong> fait partie de ces havres de bien-vivre au sein d&#8217;une nature \u00e0 pr\u00e9server. Le village regorge de richesses, d&#8217;atouts, d&#8217;id\u00e9es, de talents. Cette c\u00e9r\u00e9monie de v\u0153ux \u00e9tait aussi l\u2019occasion d\u2019accueillir les nouveaux habitants \u00e0 qui Michel Vacher a souhait\u00e9 la bienvenue. Il rappelle que cette ann\u00e9e, la commune r\u00e9alise le recensement de sa population pour mieux conna\u00eetre son \u00e9volution, ses besoins. Il a pr\u00e9sent\u00e9 l\u2019agent recenseur, Emilie Gruget, en demandant que chacun lui r\u00e9serve le meilleur accueil car les r\u00e9sultats essentiels et strictement confidentiels, dressent des chiffres dont d\u00e9coulera la participation de l\u2019\u00e9tat au budget de la commune et l\u2019ajustement de l\u2019action publique aux besoins de la population.<\/p>\n\n\n\n<p>Michel Vacher a \u00e9galement \u00e9voqu\u00e9 la r\u00e9paration des lourds d\u00e9g\u00e2ts de la gr\u00eale de juin 2022. Des travaux d\u2019investissements et d\u2019entretien urgents ont d\u00fb \u00eatre engag\u00e9s pour la s\u00e9curit\u00e9. La lenteur des traitements de dossiers par les assurances ont consid\u00e9rablement ralenti leurs ex\u00e9cutions laissant quelques b\u00e2timents encore en attente.<\/p>\n\n\n\n<p>Le maire a poursuivi en \u00e9num\u00e9rant les nombreuses autres interventions telles que la r\u00e9habilitation de l\u2019\u00e9tage de la mairie qui a b\u00e9n\u00e9fici\u00e9 d\u2019une suvention D.E.T.R.<\/p>\n\n\n\n<p>Il souligne les multiples travaux qui mobilisent les \u00e9lus et le personnel tant sur le patrimoine locatif que sur le soin apport\u00e9 aux espaces verts.<\/p>\n\n\n\n<p>Comme chaque ann\u00e9e, la voirie est un dossier important. Le maintien \u00e0 niveau du r\u00e9seau communal n\u00e9cessite un budget toujours consid\u00e9rable. Les intemp\u00e9ries de ces derniers mois n\u2019en ont pas facilit\u00e9 l\u2019entretien ainsi que les travaux d\u2019investissement subventionn\u00e9s par le D\u00e9partement avec le Fond D\u00e9partemental d\u2019Aide \u00e0 l\u2019\u00c9quipement des Communes.<\/p>\n\n\n\n<p>La p\u00e9riode de pluie actuelle a conduit le maire \u00e0 rappeler que l\u2019entretien des acc\u00e8s bus\u00e9s doit \u00eatre assur\u00e9 par les propri\u00e9taires eux-m\u00eames. Dans le m\u00eame sujet, les probl\u00e8mes d\u2019\u00e9coulement des eaux dans le secteur des Roudiers&nbsp; conduiront la commune \u00e0 trouver une solution avec le Syndicat d\u2019Am\u00e9nagement du Bassin Versant Dronne Aval et le D\u00e9partement afin de trouver une solution p\u00e9renne.<\/p>\n\n\n\n<p>Concernant la partie \u00e9conomique de la commune, il soulignait que la commune a d\u00e9j\u00e0 investi, depuis 2016, 78&nbsp;000 \u20ac pour accompagner le maintien du commerce situ\u00e9 au centre du bourg. Il en a profit\u00e9 pour \u00e9voquer l\u2019arriv\u00e9e des nouveaux g\u00e9rants Luce et Mickael Hossard, tous deux F\u00e9odiens. Le Maire leur a souhait\u00e9 la bienvenue et les assur\u00e9s du soutien de la commune pour leur activit\u00e9 commerciale. De m\u00eame, il a \u00e9voqu\u00e9 la poursuite de l\u2019accueil de food-trucks au gr\u00e9 des saisons avec un mini march\u00e9 de No\u00ebl qui fut une nouveaut\u00e9 en 2023.<\/p>\n\n\n\n<p>A <strong>Le Fieu<\/strong>, la vie, c\u2019est aussi ce plaisir simple de pouvoir se retrouver, de pouvoir se rencontrer, de pouvoir \u00e9changer. Le traditionnel arbre de No\u00ebl, explique le Maire, c\u2019est un bonheur de rencontrer les petits F\u00e9odiens lors de cette f\u00eate de No\u00ebl avec son spectacle. De m\u00eame, les associations sont \u00e0 mettre \u00e0 l\u2019honneur avec leurs diff\u00e9rentes activit\u00e9s comme celles d\u00e9di\u00e9es aux Anciens\u00a0; toutes les activit\u00e9s organis\u00e9es par le <a href=\"https:\/\/www.facebook.com\/comitefestiviteslefieu\/\">Comit\u00e9 Festivit\u00e9s<\/a> sont \u00e0 souligner pour leur importance, leurs multiples fr\u00e9quences et pour les foules qu\u2019elles attirent sur la commune (<em>concours de belote, repas \u00ab\u00a0cochonnailles\u00a0\u00bb, grande f\u00eate foraine,\u2026<\/em>). Il n\u2019a pas omis aussi de rappeler le grand \u00e9v\u00e8nement musical de l\u2019\u00e9t\u00e9 qui met Le Fieu \u00e0 l\u2019honneur de la musique africaine avec le festival \u00ab\u00a0<a href=\"https:\/\/www.lefieu.fr\/index.php\/2023\/08\/14\/festival-africafieu-le-rideau-2023-sest-referme\/\">Africafieu\u00a0<\/a>\u00bb organis\u00e9 par l\u2019association Bhantal Africa.<\/p>\n\n\n\n<p>Le maire \u00e9voquait l\u2019existence de l\u2019Usine v\u00e9g\u00e9tale qui semble mal connue. Il rappelle qu\u2019elle propose un gigantesque panel d\u2019activit\u00e9s. Consid\u00e9r\u00e9e entre autres comme \u00ab&nbsp;fabrique de territoire&nbsp;\u00bb, elle h\u00e9berge plusieurs associations et structures dont les F\u00e9odiens peuvent b\u00e9n\u00e9ficier.<\/p>\n\n\n\n<p>Michel Vacher poursuivait son discours&nbsp;:&nbsp;<\/p>\n\n\n\n<p><em>Au regard de la situation environnementale actuelle, une transition est en cours dans la gestion de nos d\u00e9chets qui appelle des changements d&#8217;habitude, des \u00e9volutions dans nos modes de consommation. Il nous faut agir pour ne pas subir. <\/em><em>Dans cette dynamique, le conseil municipal va proposer et adopter des mesures essentielles pour la gestion de nos d\u00e9chets. D\u00e8s cette ann\u00e9e, n<\/em><em>ous reviendrons vers chaque famille pour vous accompagner dans ce changement de service public. Nous prenons l\u2019engagement&nbsp;de ne laisser personne de c\u00f4t\u00e9. Les personnes en difficult\u00e9 de mobilit\u00e9 seront identifi\u00e9es et des solutions sur-mesure seront \u00e9labor\u00e9es.<\/em><\/p>\n\n\n\n<p><em>Depuis plusieurs mois, un container \u00ab&nbsp;emballages et papier&nbsp;\u00bb est mis \u00e0 votre disposition sur la place de l\u2019\u00e9glise. Il peut recevoir les m\u00eames d\u00e9chets que vos bacs jaunes et en d\u00e9lester une partie lorsque ces derni\u00e8res d\u00e9bordent.<\/em><em>&nbsp;<\/em><\/p>\n\n\n\n<p><em>Sur les douze mesures d\u2019accompagnement que propose le smicval, les \u00e9lus de la commune ont d\u00e9cid\u00e9 d\u2019apporter une aide financi\u00e8re aux F\u00e9odiens<\/em><strong><em> <\/em><\/strong><em>\u00e9quivalente \u00e0 50%\u00a0de l\u2019<a href=\"https:\/\/www.smicval.fr\/services\/\">aide accord\u00e9e par le SMICVAL<\/a>\u00a0pour l\u2019acquisition de kit, tondeuse \u201cmulching\u201d. <\/em><\/p>\n\n\n\n<p><em>Pour 2024 une prestation de broyage de v\u00e9g\u00e9taux \u00e0 domicile est \u00e0 l\u2019\u00e9tude.<\/em><\/p>\n\n\n\n<p><em>La nouvelle r\u00e9glementation relative aux biod\u00e9chets nous incite \u00e0 repenser nos habitudes de consommation et de tri. Je vous invite donc \u00e0 adopter le compostage domestique. Le Fieu faisant partie du dispositif communes relais nous pouvons vous fournir des composteurs individuels. Pour une bonne maitrise, un \u00e9lu guide composteur se tiendra \u00e0 votre disposition.<\/em><\/p>\n\n\n\n<p><em>En d\u00e9pit des enjeux actuels, cultivons une vision positive.<\/em><\/p>\n\n\n\n<p>En mati\u00e8re de gestion de l\u2019espace et donc d\u2019urbanisme, la CALI a lanc\u00e9 depuis plusieurs mois l\u2019\u00e9tude du PLUi-HD. L\u2019\u00e9tude en cours porte sur un \u00e9tat des lieux dans chaque territoire communal. Conform\u00e9ment \u00e0 la loi, les futurs zonages seront plus restrictifs que les PLU communaux existants. Les travaux d\u00e9j\u00e0 effectu\u00e9s par la CALI se voient aujourd\u2019hui pr\u00e9sent\u00e9s au public par la voie de consultation dans chaque mairie. Les habitants y sont donc convi\u00e9s pour \u00eatre inform\u00e9s des orientations prochaines.<\/p>\n\n\n\n<p>La commune de Le Fieu poursuit sa volont\u00e9 de r\u00e9nover son bourg. C\u2019est ainsi qu\u2019un ensemble immobilier, propri\u00e9t\u00e9 de la commune, va \u00eatre r\u00e9nov\u00e9 par un investisseur priv\u00e9 pour en faire des logements en accession \u00e0 la propri\u00e9t\u00e9. Le projet a \u00e9t\u00e9 valid\u00e9 par le Conseil Municipal suivant un cahier des charges prenant en compte des crit\u00e8res environnementaux chers \u00e0 l\u2019\u00e9quipe municipale. Les travaux devraient d\u00e9buter dans quelques semaines.<\/p>\n\n\n\n<p>Dans la commune, le r\u00e9seau communal de vid\u00e9oprotection compos\u00e9 actuellement de 10 cam\u00e9ras va \u00eatre \u00e9tendu dans un autre secteur du bourg. Ce dispositif a d\u00e9j\u00e0 permis d\u2019\u00e9lucider avec la gendarmerie quelques affaires de d\u00e9linquance. Il a \u00e9galement permis d\u2019identifier des auteurs d\u2019incivilit\u00e9 et d\u2019engager des poursuites assorties de lourdes amendes au b\u00e9n\u00e9fice de la commune.<\/p>\n\n\n\n<p>De m\u00eame, le dispositif de surveillance dans les zones les plus recul\u00e9es de la commune a contribu\u00e9 \u00e0 identifier des pollueurs environnementaux qui n\u2019avaient pas h\u00e9sit\u00e9 \u00e0 d\u00e9poser leurs ordures sur les bords des chemins.\u00a0Malheureusement, les plus anciens d\u00e9p\u00f4ts d\u2019immondices ont d\u00fb \u00eatre enlev\u00e9s par les jeunes du <a href=\"https:\/\/www.lefieu.fr\/index.php\/2024\/01\/08\/sans-bruit-tapaj-intervient-sur-le-fieu\/\">dispositif TAPAJ <\/a><em>(Travail Alternatif pay\u00e9 \u00e0 la Journ\u00e9e)<\/em>. Co-financ\u00e9e par la CALI et la commune avec le partenariat du SMICVAL. Je voudrais, \u00e0 l\u2019occasion de ces v\u0153ux, adresser publiquement \u00e0 ces jeunes volontaires et \u00e0 leurs encadrants mes remerciements les plus sinc\u00e8res pour le travail ingrat qu\u2019ils ont accompli sur notre territoire communal. Gr\u00e2ce \u00e0 eux, notre for\u00eat a retrouv\u00e9 sa beaut\u00e9 d\u2019origine.\u00a0<\/p>\n\n\n\n<p>Poursuivant ses remerciements, Michel Vacher a tenu \u00e0 mettre \u00e0 l\u2019honneur les jeunes sapeurs-pompiers volontaires qui participent fr\u00e9quemment aux c\u00e9r\u00e9monies de la commune ainsi que le jeune porte-drapeau Antoine Haas qui, aux c\u00f4t\u00e9s des anciens combattants, permet de p\u00e9renniser le devoir de m\u00e9moire. Dans un autre domaine, il s\u2019est dit fier de pr\u00e9senter \u00e9galement la tr\u00e8s jeune Eva Corbino (7 ans) qui r\u00e9alise de magnifiques performances au sein des <a href=\"https:\/\/www.lefieu.fr\/index.php\/2024\/01\/08\/sans-bruit-tapaj-intervient-sur-le-fieu\/\">Ecuries de Petit Barreau<\/a>. Malgr\u00e9 la pr\u00e9sence d\u2019autres concurrents de tous \u00e2ges, Eva a r\u00e9ussi \u00e0 monter sur la plus haute marche du podium dans l\u2019\u00e9preuve r\u00e9gionale de course d\u2019endurance de 10 km.<\/p>\n\n\n\n<p>Le Fieu se veut aussi \u00eatre un village connect\u00e9 pour informer ses habitants. Les travaux de d\u00e9ploiement de la fibre optique sont termin\u00e9s. L\u2019ensemble des habitations est desservi. Le Conseil d\u00e9partemental et Gironde Num\u00e9rique ont tenu leurs engagements sur le territoire communal.<\/p>\n\n\n\n<p>Les catastrophes qui se sont abattues sur nous ces derniers mois nous rappellent combien le lien qui nous unit \u00e0 nos administr\u00e9s est \u00e0 la fois important et fragile. C&#8217;est pour cela aussi que les outils de communication de la commune sont d&#8217;une efficacit\u00e9 redoutable comme l&#8217;application Panneau Pocket. A ce-jour, 534 smartphones ou tablettes ont d\u00e9j\u00e0 t\u00e9l\u00e9charg\u00e9 cette application et b\u00e9n\u00e9ficient des informations donn\u00e9es en temps r\u00e9els. Depuis 2020, la commune a \u00e9galement cr\u00e9\u00e9 son site internet. Aujourd\u2019hui, ce sont plus 465 000 visites qui ont \u00e9t\u00e9 enregistr\u00e9es depuis l\u2019origine.<\/p>\n\n\n\n<p>Pour conclure, Michel Vacher a tenu \u00e0 adresser ses remerciements \u00e0 tous les partenaires financiers de la commune comme le D\u00e9partement repr\u00e9sent\u00e9 sur le territoire par les Conseillers d\u00e9partementaux, Michele Lacoste et S\u00e9bastien Laborde. De m\u00eame, il a voulu aussi adresser ses remerciements \u00e0 ses Adjoints et aux Conseillers Municipaux qui apportent leur pierre \u00e0 l\u2019\u00e9difice. Il a soulign\u00e9 \u00e9galement l\u2019immense comp\u00e9tence de C\u00e9line, la secr\u00e9taire de mairie, ainsi que celle du personnel communal, Maryvonne et Christophe, qui s\u2019investissent pleinement et au quotidien dans leur difficile mission de service public.<\/p>\n\n\n\n<p>Avant de partager le verre de l\u2019amiti\u00e9, encadr\u00e9 par son \u00e9quipe municipale et bien loin de l\u2019illustration de containers poubelles dans la presse \u00e9crite, Michel Vacher a termin\u00e9 son discours de v\u0153ux 2024 par&nbsp;ces mots:<\/p>\n\n\n\n<p><em>\u00ab\u00a0Chaque ann\u00e9e, on voudrait encore inventer des mots, des formules nouvelles pour ne pas rester dans la banalit\u00e9. Alors, tout simplement, avec beaucoup de sinc\u00e9rit\u00e9 au nom du Conseil Municipal, du personnel communal, je me fais l\u2019interpr\u00e8te pour vous pr\u00e9senter mes souhaits, m\u00eame si le monde dans lequel nous vivons est tourment\u00e9 et que partout r\u00e8gne l\u2019incertitude.<\/em><em> Mes v\u0153ux seront simples : Restez en 2024 des citoyennes ou des citoyens soucieux de l\u2019\u00e9quit\u00e9, de la solidarit\u00e9 et de la sinc\u00e9rit\u00e9. Pr\u00e9f\u00e9rez la tol\u00e9rance, le partage et l\u2019amiti\u00e9 \u00e0 tout le reste et tentez d\u2019influer sur le cours de votre vie.\u00a0<\/em><\/p>\n\n\n\n<p><em>Bonne ann\u00e9e 2024 et vive LE FIEU\u00a0! \u00bb<\/em><\/p>\n\n\n<div class=\"wp-block-image\">\n<figure class=\"aligncenter size-large\"><img loading=\"lazy\" decoding=\"async\" width=\"1024\" height=\"461\" src=\"https:\/\/www.lefieu.fr\/wp-content\/uploads\/2024\/02\/IMG-20240120-WA0025-1024x461.jpg\" alt=\"\" class=\"wp-image-3369\" srcset=\"https:\/\/www.lefieu.fr\/wp-content\/uploads\/2024\/02\/IMG-20240120-WA0025-1024x461.jpg 1024w, https:\/\/www.lefieu.fr\/wp-content\/uploads\/2024\/02\/IMG-20240120-WA0025-300x135.jpg 300w, https:\/\/www.lefieu.fr\/wp-content\/uploads\/2024\/02\/IMG-20240120-WA0025-768x346.jpg 768w, https:\/\/www.lefieu.fr\/wp-content\/uploads\/2024\/02\/IMG-20240120-WA0025-1536x691.jpg 1536w, https:\/\/www.lefieu.fr\/wp-content\/uploads\/2024\/02\/IMG-20240120-WA0025.jpg 2000w\" sizes=\"auto, (max-width: 1024px) 100vw, 1024px\" \/><figcaption class=\"wp-element-caption\">Le Maire Michel Vacher encadr\u00e9 par son \u00e9quipe municipale<\/figcaption><\/figure>\n<\/div>\n\n<div class=\"wp-block-image\">\n<figure class=\"aligncenter size-large is-resized\"><img loading=\"lazy\" decoding=\"async\" width=\"461\" height=\"1024\" src=\"https:\/\/www.lefieu.fr\/wp-content\/uploads\/2024\/02\/IMG-20240120-WA0037-461x1024.jpg\" alt=\"\" class=\"wp-image-3371\" style=\"width:469px;height:auto\" srcset=\"https:\/\/www.lefieu.fr\/wp-content\/uploads\/2024\/02\/IMG-20240120-WA0037-461x1024.jpg 461w, https:\/\/www.lefieu.fr\/wp-content\/uploads\/2024\/02\/IMG-20240120-WA0037-135x300.jpg 135w, https:\/\/www.lefieu.fr\/wp-content\/uploads\/2024\/02\/IMG-20240120-WA0037-768x1707.jpg 768w, https:\/\/www.lefieu.fr\/wp-content\/uploads\/2024\/02\/IMG-20240120-WA0037-691x1536.jpg 691w, https:\/\/www.lefieu.fr\/wp-content\/uploads\/2024\/02\/IMG-20240120-WA0037.jpg 900w\" sizes=\"auto, (max-width: 461px) 100vw, 461px\" \/><figcaption class=\"wp-element-caption\">Avec un pupitre en soutien aux agriculteurs, Michel Vacher pr\u00e9sente la jeune championne Eva Corbino<\/figcaption><\/figure>\n<\/div>\n\n<div class=\"wp-block-image\">\n<figure class=\"aligncenter size-large\"><img loading=\"lazy\" decoding=\"async\" width=\"1024\" height=\"461\" src=\"https:\/\/www.lefieu.fr\/wp-content\/uploads\/2024\/02\/IMG-20240120-WA0029-1024x461.jpg\" alt=\"\" class=\"wp-image-3372\" srcset=\"https:\/\/www.lefieu.fr\/wp-content\/uploads\/2024\/02\/IMG-20240120-WA0029-1024x461.jpg 1024w, https:\/\/www.lefieu.fr\/wp-content\/uploads\/2024\/02\/IMG-20240120-WA0029-300x135.jpg 300w, https:\/\/www.lefieu.fr\/wp-content\/uploads\/2024\/02\/IMG-20240120-WA0029-768x346.jpg 768w, https:\/\/www.lefieu.fr\/wp-content\/uploads\/2024\/02\/IMG-20240120-WA0029-1536x691.jpg 1536w, https:\/\/www.lefieu.fr\/wp-content\/uploads\/2024\/02\/IMG-20240120-WA0029.jpg 2000w\" sizes=\"auto, (max-width: 1024px) 100vw, 1024px\" \/><figcaption class=\"wp-element-caption\">Une assembl\u00e9e attentive au discours de voeux du Maire<\/figcaption><\/figure>\n<\/div>\n\n<div class=\"wp-block-image\">\n<figure class=\"aligncenter size-large\"><img loading=\"lazy\" decoding=\"async\" width=\"1024\" height=\"768\" src=\"https:\/\/www.lefieu.fr\/wp-content\/uploads\/2024\/02\/20240120_115543-1024x768.jpg\" alt=\"\" class=\"wp-image-3373\" srcset=\"https:\/\/www.lefieu.fr\/wp-content\/uploads\/2024\/02\/20240120_115543-1024x768.jpg 1024w, https:\/\/www.lefieu.fr\/wp-content\/uploads\/2024\/02\/20240120_115543-300x225.jpg 300w, https:\/\/www.lefieu.fr\/wp-content\/uploads\/2024\/02\/20240120_115543-768x576.jpg 768w, https:\/\/www.lefieu.fr\/wp-content\/uploads\/2024\/02\/20240120_115543-1536x1152.jpg 1536w, https:\/\/www.lefieu.fr\/wp-content\/uploads\/2024\/02\/20240120_115543-2048x1536.jpg 2048w\" sizes=\"auto, (max-width: 1024px) 100vw, 1024px\" \/><figcaption class=\"wp-element-caption\">Partage du verre de l&#8217;amiti\u00e9 pr\u00e9par\u00e9 par le Comit\u00e9 &#8220;Festivit\u00e9s&#8221;<\/figcaption><\/figure>\n<\/div>","protected":false},"excerpt":{"rendered":"<p>Selon une certaine presse \u00e9crite, les v\u0153ux des \u00e9lus aux F\u00e9odiens ne pouvaient \u00eatre r\u00e9sum\u00e9s que par une photo de container \u00e0 poubelles\u2026 Clin d\u2019\u0153il n\u00e9faste \u00e0 la s\u00e9r\u00e9nit\u00e9 d\u2019un village\u00a0? En r\u00e9alit\u00e9, le 20 janvier dernier, le discours du Maire Michel Vacher a surtout mis en exergue la positivit\u00e9 [&hellip;]<\/p>\n","protected":false},"author":1,"featured_media":3369,"comment_status":"closed","ping_status":"closed","sticky":false,"template":"","format":"standard","meta":{"_s2mail":"yes","_themeisle_gutenberg_block_has_review":false,"footnotes":""},"categories":[3,12],"tags":[],"class_list":["post-3368","post","type-post","status-publish","format-standard","has-post-thumbnail","hentry","category-ceremonie","category-municipalite"],"_links":{"self":[{"href":"https:\/\/www.lefieu.fr\/index.php\/wp-json\/wp\/v2\/posts\/3368","targetHints":{"allow":["GET"]}}],"collection":[{"href":"https:\/\/www.lefieu.fr\/index.php\/wp-json\/wp\/v2\/posts"}],"about":[{"href":"https:\/\/www.lefieu.fr\/index.php\/wp-json\/wp\/v2\/types\/post"}],"author":[{"embeddable":true,"href":"https:\/\/www.lefieu.fr\/index.php\/wp-json\/wp\/v2\/users\/1"}],"replies":[{"embeddable":true,"href":"https:\/\/www.lefieu.fr\/index.php\/wp-json\/wp\/v2\/comments?post=3368"}],"version-history":[{"count":3,"href":"https:\/\/www.lefieu.fr\/index.php\/wp-json\/wp\/v2\/posts\/3368\/revisions"}],"predecessor-version":[{"id":3375,"href":"https:\/\/www.lefieu.fr\/index.php\/wp-json\/wp\/v2\/posts\/3368\/revisions\/3375"}],"wp:featuredmedia":[{"embeddable":true,"href":"https:\/\/www.lefieu.fr\/index.php\/wp-json\/wp\/v2\/media\/3369"}],"wp:attachment":[{"href":"https:\/\/www.lefieu.fr\/index.php\/wp-json\/wp\/v2\/media?parent=3368"}],"wp:term":[{"taxonomy":"category","embeddable":true,"href":"https:\/\/www.lefieu.fr\/index.php\/wp-json\/wp\/v2\/categories?post=3368"},{"taxonomy":"post_tag","embeddable":true,"href":"https:\/\/www.lefieu.fr\/index.php\/wp-json\/wp\/v2\/tags?post=3368"}],"curies":[{"name":"wp","href":"https:\/\/api.w.org\/{rel}","templated":true}]}}