{"id":3393,"date":"2024-03-06T08:59:31","date_gmt":"2024-03-06T07:59:31","guid":{"rendered":"https:\/\/www.lefieu.fr\/?p=3393"},"modified":"2024-03-06T13:32:04","modified_gmt":"2024-03-06T12:32:04","slug":"le-fieu-pour-decor-de-film","status":"publish","type":"post","link":"https:\/\/www.lefieu.fr\/index.php\/2024\/03\/06\/le-fieu-pour-decor-de-film\/","title":{"rendered":"Le Fieu pour d\u00e9cor de film"},"content":{"rendered":"\n<p>Notre commune vient d&#8217;\u00eatre choisie pour le tournage prochain d&#8217;un film. Le sujet : L&#8217;agriculture.<\/p>\n\n\n\n<p>Dans le contexte difficile que traverse le monde agricole, on oublie presque que des familles souffrent&#8230; C&#8217;est ainsi qu&#8217;un jeune r\u00e9alisateur, Corentin JAMET, a d\u00e9cid\u00e9 de filmer une histoire, son histoire. Malgr\u00e9 les difficult\u00e9s de vie d&#8217;une exploitation d&#8217;\u00e9levage bovin, l&#8217;amour filial reste plus fort&#8230;<\/p>\n\n\n\n<p>Faisant partie du cursus professionnel du jeune Corentin et son \u00e9quipe, la r\u00e9alisation et le tournage de ce film reste financi\u00e8rement \u00e0 sa charge. La commune de Le Fieu souhaite aider toute son \u00e9quipe en communiquant le lien internet de ce projet et surtout pour faire part de l&#8217;existence d&#8217;une cagnotte en ligne lanc\u00e9e pour obtenir des fonds de g\u00e9n\u00e9reux donnateurs (<em>lien ci-dessous<\/em>).<\/p>\n\n\n\n<p><a href=\"https:\/\/www.helloasso.com\/associations\/fugu-films\/collectes\/telle-terre-tel-fils\">https:\/\/www.helloasso.com\/associations\/fugu-films\/collectes\/telle-terre-tel-fils<\/a><\/p>\n\n\n\n<p>L&#8217;avant-projet ci-dessous donne le ton de ce film qui se veut \u00eatre une v\u00e9rit\u00e9 souvent mise dans l&#8217;ombre malgr\u00e9 les d\u00e9g\u00e2ts qu&#8217;elle peut g\u00e9n\u00e9rer dans les familles d&#8217;agriculteurs. <\/p>\n\n\n\n<figure class=\"wp-block-embed is-type-video is-provider-youtube wp-block-embed-youtube wp-embed-aspect-16-9 wp-has-aspect-ratio\"><div class=\"wp-block-embed__wrapper\">\n<iframe loading=\"lazy\" title=\"AVANTPROJET 6 CORENTIN JAMET H264 diffusion\" width=\"750\" height=\"422\" src=\"https:\/\/www.youtube.com\/embed\/J4fPDlJCvbA?feature=oembed\" frameborder=\"0\" allow=\"accelerometer; autoplay; clipboard-write; encrypted-media; gyroscope; picture-in-picture; web-share\" allowfullscreen><\/iframe>\n<\/div><\/figure>\n\n\n\n<p><\/p>\n","protected":false},"excerpt":{"rendered":"<p>Notre commune vient d&#8217;\u00eatre choisie pour le tournage prochain d&#8217;un film. Le sujet : L&#8217;agriculture. Dans le contexte difficile que traverse le monde agricole, on oublie presque que des familles souffrent&#8230; C&#8217;est ainsi qu&#8217;un jeune r\u00e9alisateur, Corentin JAMET, a d\u00e9cid\u00e9 de filmer une histoire, son histoire. Malgr\u00e9 les difficult\u00e9s de [&hellip;]<\/p>\n","protected":false},"author":1,"featured_media":3394,"comment_status":"closed","ping_status":"closed","sticky":false,"template":"","format":"standard","meta":{"_s2mail":"yes","_themeisle_gutenberg_block_has_review":false,"footnotes":""},"categories":[6],"tags":[],"class_list":["post-3393","post","type-post","status-publish","format-standard","has-post-thumbnail","hentry","category-informations"],"_links":{"self":[{"href":"https:\/\/www.lefieu.fr\/index.php\/wp-json\/wp\/v2\/posts\/3393","targetHints":{"allow":["GET"]}}],"collection":[{"href":"https:\/\/www.lefieu.fr\/index.php\/wp-json\/wp\/v2\/posts"}],"about":[{"href":"https:\/\/www.lefieu.fr\/index.php\/wp-json\/wp\/v2\/types\/post"}],"author":[{"embeddable":true,"href":"https:\/\/www.lefieu.fr\/index.php\/wp-json\/wp\/v2\/users\/1"}],"replies":[{"embeddable":true,"href":"https:\/\/www.lefieu.fr\/index.php\/wp-json\/wp\/v2\/comments?post=3393"}],"version-history":[{"count":4,"href":"https:\/\/www.lefieu.fr\/index.php\/wp-json\/wp\/v2\/posts\/3393\/revisions"}],"predecessor-version":[{"id":3398,"href":"https:\/\/www.lefieu.fr\/index.php\/wp-json\/wp\/v2\/posts\/3393\/revisions\/3398"}],"wp:featuredmedia":[{"embeddable":true,"href":"https:\/\/www.lefieu.fr\/index.php\/wp-json\/wp\/v2\/media\/3394"}],"wp:attachment":[{"href":"https:\/\/www.lefieu.fr\/index.php\/wp-json\/wp\/v2\/media?parent=3393"}],"wp:term":[{"taxonomy":"category","embeddable":true,"href":"https:\/\/www.lefieu.fr\/index.php\/wp-json\/wp\/v2\/categories?post=3393"},{"taxonomy":"post_tag","embeddable":true,"href":"https:\/\/www.lefieu.fr\/index.php\/wp-json\/wp\/v2\/tags?post=3393"}],"curies":[{"name":"wp","href":"https:\/\/api.w.org\/{rel}","templated":true}]}}