{"id":3420,"date":"2024-03-18T20:15:07","date_gmt":"2024-03-18T19:15:07","guid":{"rendered":"https:\/\/www.lefieu.fr\/?p=3420"},"modified":"2024-03-23T09:23:30","modified_gmt":"2024-03-23T08:23:30","slug":"encore-quelques-dizaines-dheures-de-patience","status":"publish","type":"post","link":"https:\/\/www.lefieu.fr\/index.php\/2024\/03\/18\/encore-quelques-dizaines-dheures-de-patience\/","title":{"rendered":"Encore quelques dizaines d&#8217;heures de patience&#8230;"},"content":{"rendered":"\n<p>Comme pr\u00e9vu en fin de semaine derni\u00e8re, le Conseil d\u00e9partemental tient ses promesses. Les travaux de r\u00e9paration de la chauss\u00e9e de la RD 21 ont d\u00e9but\u00e9 ce-jour.<\/p>\n\n\n\n<p>L&#8217;entreprise Malet de Blanquefort a terrass\u00e9 la zone \u00e0 r\u00e9parer puis a commenc\u00e9 la pose d&#8217;un gros busage en remplacement de l&#8217;acqueduc endommag\u00e9. La m\u00e9t\u00e9o \u00e9tant favorable pour ce type de travaux, la fin de pose du busage devrait se terminer au cours de la journ\u00e9e de demain mardi pour laisser place \u00e0 la reconstitution du corps de chauss\u00e9e et \u00e0 la r\u00e9alisation de la couche de roulement.<\/p>\n\n\n\n<p>La circulation pourrait donc \u00eatre r\u00e9tablie avant la fin de la semaine et \u00e9viter la perte de poids lourd sur des routes \u00e9troites et sinueuses causant des incidents comme celui-ci survenu encore aujourd&#8217;hui sur la RD 21e1 <em>(voir photo ci-dessous)<\/em>&#8230;<\/p>\n\n\n\n<figure class=\"wp-block-video aligncenter\"><video height=\"1080\" style=\"aspect-ratio: 1920 \/ 1080;\" width=\"1920\" controls src=\"https:\/\/www.lefieu.fr\/wp-content\/uploads\/2024\/03\/RD-21.mp4\"><\/video><figcaption class=\"wp-element-caption\">Le chantier en cours sous une m\u00e9t\u00e9o largement favorable <br><em><sup>(vid\u00e9o A. Rambaud)<\/sup><\/em><\/figcaption><\/figure>\n\n\n<div class=\"wp-block-image\">\n<figure class=\"aligncenter size-large is-resized\"><img loading=\"lazy\" decoding=\"async\" width=\"1024\" height=\"768\" src=\"https:\/\/www.lefieu.fr\/wp-content\/uploads\/2024\/03\/20240318_1555191-1024x768.jpg\" alt=\"\" class=\"wp-image-3422\" style=\"width:702px;height:auto\" srcset=\"https:\/\/www.lefieu.fr\/wp-content\/uploads\/2024\/03\/20240318_1555191-1024x768.jpg 1024w, https:\/\/www.lefieu.fr\/wp-content\/uploads\/2024\/03\/20240318_1555191-300x225.jpg 300w, https:\/\/www.lefieu.fr\/wp-content\/uploads\/2024\/03\/20240318_1555191-768x576.jpg 768w, https:\/\/www.lefieu.fr\/wp-content\/uploads\/2024\/03\/20240318_1555191-1536x1152.jpg 1536w, https:\/\/www.lefieu.fr\/wp-content\/uploads\/2024\/03\/20240318_1555191-2048x1536.jpg 2048w\" sizes=\"auto, (max-width: 1024px) 100vw, 1024px\" \/><figcaption class=\"wp-element-caption\">Un remorquage indispensable pour sortir encore un poids lourd de son mauvais pas&#8230; <br><sup><em>(Photo A. Rambaud)<\/em><\/sup><\/figcaption><\/figure>\n<\/div>","protected":false},"excerpt":{"rendered":"<p>Comme pr\u00e9vu en fin de semaine derni\u00e8re, le Conseil d\u00e9partemental tient ses promesses. Les travaux de r\u00e9paration de la chauss\u00e9e de la RD 21 ont d\u00e9but\u00e9 ce-jour. L&#8217;entreprise Malet de Blanquefort a terrass\u00e9 la zone \u00e0 r\u00e9parer puis a commenc\u00e9 la pose d&#8217;un gros busage en remplacement de l&#8217;acqueduc endommag\u00e9. [&hellip;]<\/p>\n","protected":false},"author":1,"featured_media":3423,"comment_status":"closed","ping_status":"closed","sticky":false,"template":"","format":"standard","meta":{"_s2mail":"yes","_themeisle_gutenberg_block_has_review":false,"footnotes":""},"categories":[6,25],"tags":[],"class_list":["post-3420","post","type-post","status-publish","format-standard","has-post-thumbnail","hentry","category-informations","category-travaux"],"_links":{"self":[{"href":"https:\/\/www.lefieu.fr\/index.php\/wp-json\/wp\/v2\/posts\/3420","targetHints":{"allow":["GET"]}}],"collection":[{"href":"https:\/\/www.lefieu.fr\/index.php\/wp-json\/wp\/v2\/posts"}],"about":[{"href":"https:\/\/www.lefieu.fr\/index.php\/wp-json\/wp\/v2\/types\/post"}],"author":[{"embeddable":true,"href":"https:\/\/www.lefieu.fr\/index.php\/wp-json\/wp\/v2\/users\/1"}],"replies":[{"embeddable":true,"href":"https:\/\/www.lefieu.fr\/index.php\/wp-json\/wp\/v2\/comments?post=3420"}],"version-history":[{"count":2,"href":"https:\/\/www.lefieu.fr\/index.php\/wp-json\/wp\/v2\/posts\/3420\/revisions"}],"predecessor-version":[{"id":3431,"href":"https:\/\/www.lefieu.fr\/index.php\/wp-json\/wp\/v2\/posts\/3420\/revisions\/3431"}],"wp:featuredmedia":[{"embeddable":true,"href":"https:\/\/www.lefieu.fr\/index.php\/wp-json\/wp\/v2\/media\/3423"}],"wp:attachment":[{"href":"https:\/\/www.lefieu.fr\/index.php\/wp-json\/wp\/v2\/media?parent=3420"}],"wp:term":[{"taxonomy":"category","embeddable":true,"href":"https:\/\/www.lefieu.fr\/index.php\/wp-json\/wp\/v2\/categories?post=3420"},{"taxonomy":"post_tag","embeddable":true,"href":"https:\/\/www.lefieu.fr\/index.php\/wp-json\/wp\/v2\/tags?post=3420"}],"curies":[{"name":"wp","href":"https:\/\/api.w.org\/{rel}","templated":true}]}}