{"id":3595,"date":"2024-08-24T17:45:16","date_gmt":"2024-08-24T15:45:16","guid":{"rendered":"https:\/\/www.lefieu.fr\/?p=3595"},"modified":"2024-08-24T17:45:18","modified_gmt":"2024-08-24T15:45:18","slug":"h-3-pour-le-lancement-dafricafieu","status":"publish","type":"post","link":"https:\/\/www.lefieu.fr\/index.php\/2024\/08\/24\/h-3-pour-le-lancement-dafricafieu\/","title":{"rendered":"H-3 pour le lancement d&#8217;Africafieu !"},"content":{"rendered":"\n<p>Le festival <strong>Africafieu<\/strong> est pr\u00eat pour accueillir les festivaliers.<\/p>\n\n\n\n<p>En plein air, et avec une m\u00e9t\u00e9o cl\u00e9mente et pas trop chaude, la soir\u00e9e promet d&#8217;\u00eatre d\u00e9paysante aux rythmes extraordinaires des musiques africaines.<\/p>\n\n\n\n<p><strong><span style=\"text-decoration: underline;\">Rendez-vous ce soir \u00e0 20h30 pour la 3\u00e8me \u00e9dition d&#8217;Africafieu !<\/span><\/strong><\/p>\n\n\n\n<p><em>* restauration possible sur place.<\/em><\/p>\n\n\n<div class=\"wp-block-image\">\n<figure class=\"aligncenter size-full\"><img loading=\"lazy\" decoding=\"async\" width=\"734\" height=\"536\" src=\"https:\/\/www.lefieu.fr\/wp-content\/uploads\/2024\/08\/2024-08-24_17h37_03.png\" alt=\"\" class=\"wp-image-3596\" srcset=\"https:\/\/www.lefieu.fr\/wp-content\/uploads\/2024\/08\/2024-08-24_17h37_03.png 734w, https:\/\/www.lefieu.fr\/wp-content\/uploads\/2024\/08\/2024-08-24_17h37_03-300x219.png 300w\" sizes=\"auto, (max-width: 734px) 100vw, 734px\" \/><figcaption class=\"wp-element-caption\">La sc\u00e8ne est pr\u00eate, les r\u00e9glages &#8220;son&#8221; sont termin\u00e9s.<br><sup><em>(photo A.R.)<\/em><\/sup><\/figcaption><\/figure>\n<\/div>\n\n<div class=\"wp-block-image\">\n<figure class=\"aligncenter size-large\"><img loading=\"lazy\" decoding=\"async\" width=\"724\" height=\"1024\" src=\"https:\/\/www.lefieu.fr\/wp-content\/uploads\/2024\/08\/448941409_492200310146576_6835794859493121046_n-724x1024.jpg\" alt=\"\" class=\"wp-image-3597\" srcset=\"https:\/\/www.lefieu.fr\/wp-content\/uploads\/2024\/08\/448941409_492200310146576_6835794859493121046_n-724x1024.jpg 724w, https:\/\/www.lefieu.fr\/wp-content\/uploads\/2024\/08\/448941409_492200310146576_6835794859493121046_n-212x300.jpg 212w, https:\/\/www.lefieu.fr\/wp-content\/uploads\/2024\/08\/448941409_492200310146576_6835794859493121046_n-768x1086.jpg 768w, https:\/\/www.lefieu.fr\/wp-content\/uploads\/2024\/08\/448941409_492200310146576_6835794859493121046_n-1086x1536.jpg 1086w, https:\/\/www.lefieu.fr\/wp-content\/uploads\/2024\/08\/448941409_492200310146576_6835794859493121046_n.jpg 1448w\" sizes=\"auto, (max-width: 724px) 100vw, 724px\" \/><\/figure>\n<\/div>","protected":false},"excerpt":{"rendered":"<p>Le festival Africafieu est pr\u00eat pour accueillir les festivaliers. En plein air, et avec une m\u00e9t\u00e9o cl\u00e9mente et pas trop chaude, la soir\u00e9e promet d&#8217;\u00eatre d\u00e9paysante aux rythmes extraordinaires des musiques africaines. Rendez-vous ce soir \u00e0 20h30 pour la 3\u00e8me \u00e9dition d&#8217;Africafieu ! * restauration possible sur place.<\/p>\n","protected":false},"author":1,"featured_media":3599,"comment_status":"closed","ping_status":"closed","sticky":false,"template":"","format":"standard","meta":{"_s2mail":"","_themeisle_gutenberg_block_has_review":false,"footnotes":""},"categories":[1],"tags":[],"class_list":["post-3595","post","type-post","status-publish","format-standard","has-post-thumbnail","hentry","category-non-classe"],"_links":{"self":[{"href":"https:\/\/www.lefieu.fr\/index.php\/wp-json\/wp\/v2\/posts\/3595","targetHints":{"allow":["GET"]}}],"collection":[{"href":"https:\/\/www.lefieu.fr\/index.php\/wp-json\/wp\/v2\/posts"}],"about":[{"href":"https:\/\/www.lefieu.fr\/index.php\/wp-json\/wp\/v2\/types\/post"}],"author":[{"embeddable":true,"href":"https:\/\/www.lefieu.fr\/index.php\/wp-json\/wp\/v2\/users\/1"}],"replies":[{"embeddable":true,"href":"https:\/\/www.lefieu.fr\/index.php\/wp-json\/wp\/v2\/comments?post=3595"}],"version-history":[{"count":2,"href":"https:\/\/www.lefieu.fr\/index.php\/wp-json\/wp\/v2\/posts\/3595\/revisions"}],"predecessor-version":[{"id":3601,"href":"https:\/\/www.lefieu.fr\/index.php\/wp-json\/wp\/v2\/posts\/3595\/revisions\/3601"}],"wp:featuredmedia":[{"embeddable":true,"href":"https:\/\/www.lefieu.fr\/index.php\/wp-json\/wp\/v2\/media\/3599"}],"wp:attachment":[{"href":"https:\/\/www.lefieu.fr\/index.php\/wp-json\/wp\/v2\/media?parent=3595"}],"wp:term":[{"taxonomy":"category","embeddable":true,"href":"https:\/\/www.lefieu.fr\/index.php\/wp-json\/wp\/v2\/categories?post=3595"},{"taxonomy":"post_tag","embeddable":true,"href":"https:\/\/www.lefieu.fr\/index.php\/wp-json\/wp\/v2\/tags?post=3595"}],"curies":[{"name":"wp","href":"https:\/\/api.w.org\/{rel}","templated":true}]}}