{"id":3930,"date":"2025-04-04T10:55:39","date_gmt":"2025-04-04T08:55:39","guid":{"rendered":"https:\/\/www.lefieu.fr\/?p=3930"},"modified":"2025-04-04T10:56:17","modified_gmt":"2025-04-04T08:56:17","slug":"preparez-votre-jardin","status":"publish","type":"post","link":"https:\/\/www.lefieu.fr\/index.php\/2025\/04\/04\/preparez-votre-jardin\/","title":{"rendered":"Pr\u00e9parez votre jardin !"},"content":{"rendered":"\n<p>Le printemps est de retour et avec lui les <strong>formations sur le jardinage au naturel<\/strong>.<\/p>\n\n\n\n<p>Avec le lancement de la manifestation nationale &#8220;Tous au compost&#8221; le 29 mars, une vingtaine de formation sont propos\u00e9es gratuitement par le Smicval sur tout le territoire <strong>jusqu&#8217;au 13 avril 2025<\/strong>.<strong> (Ces ateliers sont \u00e0 destination des habitants du territoire du Smicval sur inscription). &nbsp;&nbsp; &nbsp;&nbsp;<\/strong><\/p>\n\n\n\n<p>Ces formations de 3h, m\u00ealant th\u00e9orie et pratique, sont assur\u00e9es par des formateurs et formatrices de diff\u00e9rentes structures associatives, tiers lieu mais aussi des maraichers. Ils vous re\u00e7oivent dans leur jardin ou dans leur ferme.<\/p>\n\n\n\n<p>Au menu, vous apprendrez comment garder et utiliser vos v\u00e9g\u00e9taux dans vos jardins ou comment r\u00e9aliser votre compost ou encore comment mettre en place un h\u00f4tel \u00e0 insectes, une jach\u00e8re fleurie, une grainoth\u00e8que\u2026<\/p>\n\n\n\n<p>D\u2019autre part, dans vos P\u00f4les Recyclage, les agents proposeront aussi des ateliers sur ces diff\u00e9rentes th\u00e9matiques.<\/p>\n\n\n\n<p><strong>Retrouvez toutes les dates et lieux sur <a href=\"https:\/\/www.smicval.fr\/services\/\">https:\/\/www.smicval.fr\/services\/<\/a><\/strong><\/p>\n\n\n\n<p>Et enfin, <strong>une nouveaut\u00e9 cette ann\u00e9e<\/strong>, le Smicval organise une <strong>distribution gratuite de compost<\/strong> sur les p\u00f4les recyclage de Vayres, St-Gervais, St-Mariens et St-Seurin-sur-l\u2019Isle ainsi que sur les sites de St-Girons-d\u2019Aiguevives et de St-Denis-de-Pile du <strong>29 mars au 13 avril (aux horaires d\u2019ouverture habituels et dans la limite des stocks disponibles)<\/strong>.<\/p>\n\n\n\n<p>Pour plus de renseignements, contactez-nous au <strong>05.57.84.74.00<\/strong> du lundi au vendredi de 9h \u00e0 12h30 et de 14h \u00e0 17h et pensez \u00e0 vous inscrire sur votre espace personnel <a href=\"https:\/\/mon-espace.smicval.fr\/\">https:\/\/mon-espace.smicval.fr\/<\/a><\/p>\n\n\n\n<p>Tous \u00e0 vos jardins&nbsp;!<\/p>\n\n\n\n<div data-wp-interactive=\"core\/file\" class=\"wp-block-file\"><object data-wp-bind--hidden=\"!state.hasPdfPreview\" hidden class=\"wp-block-file__embed\" data=\"https:\/\/www.lefieu.fr\/wp-content\/uploads\/2025\/04\/Jardiner-au-naturel.pdf\" type=\"application\/pdf\" style=\"width:100%;height:600px\" aria-label=\"Contenu embarqu\u00e9 Jardiner au naturel.\"><\/object><a id=\"wp-block-file--media-8c850134-a9bb-4cc7-9a19-771c69cbade3\" href=\"https:\/\/www.lefieu.fr\/wp-content\/uploads\/2025\/04\/Jardiner-au-naturel.pdf\">Jardiner au naturel<\/a><a href=\"https:\/\/www.lefieu.fr\/wp-content\/uploads\/2025\/04\/Jardiner-au-naturel.pdf\" class=\"wp-block-file__button wp-element-button\" download aria-describedby=\"wp-block-file--media-8c850134-a9bb-4cc7-9a19-771c69cbade3\">T\u00e9l\u00e9charger<\/a><\/div>\n","protected":false},"excerpt":{"rendered":"<p>Le printemps est de retour et avec lui les formations sur le jardinage au naturel. Avec le lancement de la manifestation nationale &#8220;Tous au compost&#8221; le 29 mars, une vingtaine de formation sont propos\u00e9es gratuitement par le Smicval sur tout le territoire jusqu&#8217;au 13 avril 2025. (Ces ateliers sont \u00e0 [&hellip;]<\/p>\n","protected":false},"author":1,"featured_media":3931,"comment_status":"closed","ping_status":"closed","sticky":false,"template":"","format":"standard","meta":{"_s2mail":"yes","_themeisle_gutenberg_block_has_review":false,"footnotes":""},"categories":[6],"tags":[],"class_list":["post-3930","post","type-post","status-publish","format-standard","has-post-thumbnail","hentry","category-informations"],"_links":{"self":[{"href":"https:\/\/www.lefieu.fr\/index.php\/wp-json\/wp\/v2\/posts\/3930","targetHints":{"allow":["GET"]}}],"collection":[{"href":"https:\/\/www.lefieu.fr\/index.php\/wp-json\/wp\/v2\/posts"}],"about":[{"href":"https:\/\/www.lefieu.fr\/index.php\/wp-json\/wp\/v2\/types\/post"}],"author":[{"embeddable":true,"href":"https:\/\/www.lefieu.fr\/index.php\/wp-json\/wp\/v2\/users\/1"}],"replies":[{"embeddable":true,"href":"https:\/\/www.lefieu.fr\/index.php\/wp-json\/wp\/v2\/comments?post=3930"}],"version-history":[{"count":1,"href":"https:\/\/www.lefieu.fr\/index.php\/wp-json\/wp\/v2\/posts\/3930\/revisions"}],"predecessor-version":[{"id":3933,"href":"https:\/\/www.lefieu.fr\/index.php\/wp-json\/wp\/v2\/posts\/3930\/revisions\/3933"}],"wp:featuredmedia":[{"embeddable":true,"href":"https:\/\/www.lefieu.fr\/index.php\/wp-json\/wp\/v2\/media\/3931"}],"wp:attachment":[{"href":"https:\/\/www.lefieu.fr\/index.php\/wp-json\/wp\/v2\/media?parent=3930"}],"wp:term":[{"taxonomy":"category","embeddable":true,"href":"https:\/\/www.lefieu.fr\/index.php\/wp-json\/wp\/v2\/categories?post=3930"},{"taxonomy":"post_tag","embeddable":true,"href":"https:\/\/www.lefieu.fr\/index.php\/wp-json\/wp\/v2\/tags?post=3930"}],"curies":[{"name":"wp","href":"https:\/\/api.w.org\/{rel}","templated":true}]}}