{"id":3942,"date":"2025-04-19T17:01:28","date_gmt":"2025-04-19T15:01:28","guid":{"rendered":"https:\/\/www.lefieu.fr\/?p=3942"},"modified":"2025-04-19T17:01:30","modified_gmt":"2025-04-19T15:01:30","slug":"transition-en-marche-a-le-fieu","status":"publish","type":"post","link":"https:\/\/www.lefieu.fr\/index.php\/2025\/04\/19\/transition-en-marche-a-le-fieu\/","title":{"rendered":"Transition en marche \u00e0 Le Fieu"},"content":{"rendered":"\n<p>Ce mois-ci, la commune de Le Fieu a accueilli le comit\u00e9 de direction de <strong>Lafarge Granulats Agence Aquitaine<\/strong> dans un cadre \u00e0 la fois paisible et r\u00e9solument tourn\u00e9 vers l\u2019avenir. Ce rendez-vous mensuel a r\u00e9uni les principaux cadres de l\u2019agence dans une atmosph\u00e8re constructive, marqu\u00e9e par une forte dimension humaine et territoriale.<\/p>\n\n\n\n<p>Ces r\u00e9unions sont des moments de partage&nbsp;d&#8217;informations, de suivis des r\u00e9sultats, &#8230;.<\/p>\n\n\n\n<p>Au cours de cette rencontre, les \u00e9quipes de Lafarge ont \u00e9t\u00e9 accueillies chaleureusement par la municipalit\u00e9, et notamment par le maire, Michel VACHER, qui a profit\u00e9 de l\u2019occasion pour mettre en lumi\u00e8re un projet local ambitieux : la reconversion d\u2019un ancien site d\u2019extraction en centrale photovolta\u00efque flottante.<\/p>\n\n\n\n<p>Ce projet est le fruit d\u2019un partenariat solide entre la commune, \u00e0 travers la soci\u00e9t\u00e9 <strong>Le Fieu ENR<\/strong>, et la SEM du SDEEG (<em>Syndicat D\u00e9partemental d\u2019\u00c9nergie et d\u2019Environnement de la Gironde<\/em>). Le terrain concern\u00e9, anciennement exploit\u00e9 par Lafarge, repr\u00e9sente un pas strat\u00e9gique dans la transition \u00e9nerg\u00e9tique du territoire. Gr\u00e2ce \u00e0 un accord conclu entre la commune et l\u2019industriel, 17 hectares ont \u00e9t\u00e9 c\u00e9d\u00e9s, avec une promesse de vente garantissant l\u2019acquisition progressive des terrains \u00e0 mesure que l\u2019exploitation se termine.<\/p>\n\n\n\n<p>Cet accord t\u00e9moigne de la volont\u00e9 commune de transformer un ancien site industriel en un atout environnemental, illustrant une v\u00e9ritable d\u00e9marche de durabilit\u00e9 et d\u2019innovation. Comme l\u2019a soulign\u00e9 Michel Vacher lors de son discours : \u00ab Une carri\u00e8re n\u2019est pas une fin en soi. Elle peut devenir, avec un peu d\u2019audace, une ressource nouvelle. Nous avons choisi d\u2019anticiper, d\u2019agir, et de transformer cette contrainte en opportunit\u00e9. \u00bb<\/p>\n\n\n\n<p>Le comit\u00e9 de direction, compos\u00e9 des principaux responsables de l\u2019agence, a salu\u00e9 la pertinence de ce projet, qui pourrait servir de mod\u00e8le \u00e0 d\u2019autres initiatives similaires. Parmi les participants \u00e0 cette r\u00e9union, on comptait :<\/p>\n\n\n\n<p>\u2022 Le Directeur d\u2019Agence,<\/p>\n\n\n\n<p>\u2022 Le Responsable d\u2019exploitation (<em>directeur technique<\/em>) supervisant 7 sites de production et 2 plateformes de n\u00e9goce et recyclage,<\/p>\n\n\n\n<p>\u2022 La Responsable S\u00e9curit\u00e9 (<em>R\u00e9gion Sud-Ouest + Lafarge B\u00e9ton<\/em>),<\/p>\n\n\n\n<p>\u2022 La Responsable RH (<em>R\u00e9gion Sud-Ouest + Lafarge B\u00e9ton<\/em>),<\/p>\n\n\n\n<p>\u2022 La Responsable Qualit\u00e9,<\/p>\n\n\n\n<p>\u2022 L\u2019Assistante de direction,<\/p>\n\n\n\n<p>\u2022 Deux Responsables Foncier Environnement charg\u00e9s des relations avec les parties prenantes,<\/p>\n\n\n\n<p>\u2022 Le Responsable Commercial.<\/p>\n\n\n\n<p>\u00c0 ce groupe s\u2019ajoutent, en visio, les supports tels que direction industrielle et contr\u00f4le de gestion.<\/p>\n\n\n\n<p>Michel VACHER a conclu la rencontre en soulignant l\u2019importance du partenariat : \u00ab <strong>Ensemble, nous avons su faire mieux que g\u00e9rer une exploitation : nous avons b\u00e2ti un avenir. <\/strong>\u00bb<\/p>\n\n\n<div class=\"wp-block-image\">\n<figure class=\"aligncenter size-full\"><img loading=\"lazy\" decoding=\"async\" width=\"640\" height=\"480\" src=\"https:\/\/www.lefieu.fr\/wp-content\/uploads\/2025\/04\/reunion-Lafarge.png\" alt=\"\" class=\"wp-image-3943\" srcset=\"https:\/\/www.lefieu.fr\/wp-content\/uploads\/2025\/04\/reunion-Lafarge.png 640w, https:\/\/www.lefieu.fr\/wp-content\/uploads\/2025\/04\/reunion-Lafarge-300x225.png 300w\" sizes=\"auto, (max-width: 640px) 100vw, 640px\" \/><figcaption class=\"wp-element-caption\">Le comit\u00e9 de Direction de Lafarge Granulats Agence d&#8217;Aquitaine accueilli par Michel VACHER, Maire de LE FIEU<\/figcaption><\/figure>\n<\/div>","protected":false},"excerpt":{"rendered":"<p>Ce mois-ci, la commune de Le Fieu a accueilli le comit\u00e9 de direction de Lafarge Granulats Agence Aquitaine dans un cadre \u00e0 la fois paisible et r\u00e9solument tourn\u00e9 vers l\u2019avenir. Ce rendez-vous mensuel a r\u00e9uni les principaux cadres de l\u2019agence dans une atmosph\u00e8re constructive, marqu\u00e9e par une forte dimension humaine [&hellip;]<\/p>\n","protected":false},"author":1,"featured_media":3945,"comment_status":"closed","ping_status":"closed","sticky":false,"template":"","format":"standard","meta":{"_s2mail":"","_themeisle_gutenberg_block_has_review":false,"footnotes":""},"categories":[6],"tags":[],"class_list":["post-3942","post","type-post","status-publish","format-standard","has-post-thumbnail","hentry","category-informations"],"_links":{"self":[{"href":"https:\/\/www.lefieu.fr\/index.php\/wp-json\/wp\/v2\/posts\/3942","targetHints":{"allow":["GET"]}}],"collection":[{"href":"https:\/\/www.lefieu.fr\/index.php\/wp-json\/wp\/v2\/posts"}],"about":[{"href":"https:\/\/www.lefieu.fr\/index.php\/wp-json\/wp\/v2\/types\/post"}],"author":[{"embeddable":true,"href":"https:\/\/www.lefieu.fr\/index.php\/wp-json\/wp\/v2\/users\/1"}],"replies":[{"embeddable":true,"href":"https:\/\/www.lefieu.fr\/index.php\/wp-json\/wp\/v2\/comments?post=3942"}],"version-history":[{"count":1,"href":"https:\/\/www.lefieu.fr\/index.php\/wp-json\/wp\/v2\/posts\/3942\/revisions"}],"predecessor-version":[{"id":3944,"href":"https:\/\/www.lefieu.fr\/index.php\/wp-json\/wp\/v2\/posts\/3942\/revisions\/3944"}],"wp:featuredmedia":[{"embeddable":true,"href":"https:\/\/www.lefieu.fr\/index.php\/wp-json\/wp\/v2\/media\/3945"}],"wp:attachment":[{"href":"https:\/\/www.lefieu.fr\/index.php\/wp-json\/wp\/v2\/media?parent=3942"}],"wp:term":[{"taxonomy":"category","embeddable":true,"href":"https:\/\/www.lefieu.fr\/index.php\/wp-json\/wp\/v2\/categories?post=3942"},{"taxonomy":"post_tag","embeddable":true,"href":"https:\/\/www.lefieu.fr\/index.php\/wp-json\/wp\/v2\/tags?post=3942"}],"curies":[{"name":"wp","href":"https:\/\/api.w.org\/{rel}","templated":true}]}}