{"id":3962,"date":"2025-04-21T09:52:05","date_gmt":"2025-04-21T07:52:05","guid":{"rendered":"https:\/\/www.lefieu.fr\/?p=3962"},"modified":"2025-04-21T10:45:27","modified_gmt":"2025-04-21T08:45:27","slug":"une-mam-se-dessine-sur-le-fieu","status":"publish","type":"post","link":"https:\/\/www.lefieu.fr\/index.php\/2025\/04\/21\/une-mam-se-dessine-sur-le-fieu\/","title":{"rendered":"Une MAM se dessine sur LE FIEU"},"content":{"rendered":"\n<p>Deux assistantes maternelles ont le projet de cr\u00e9er une <strong>Maison d\u2019Assistantes Maternelles (MAM)<\/strong>, r\u00e9pondant ainsi aux besoins significatifs et croissants des familles du secteur. Cette structure innovante permettra d\u2019accueillir plusieurs enfants dans un environnement s\u00e9curis\u00e9, chaleureux et adapt\u00e9 \u00e0 leur d\u00e9veloppement. La MAM offrira un mode de garde souple et convivial, favorisant la socialisation des tout-petits et facilitant la vie quotidienne des parents actifs ou en recherche d\u2019un accompagnement de qualit\u00e9.<\/p>\n\n\n\n<p>Ce projet s\u2019inscrit aussi dans la volont\u00e9 municipale de dynamiser la vie locale et de renforcer l\u2019attractivit\u00e9 du village, tout en cr\u00e9ant de nouveaux emplois sur la commune. La municipalit\u00e9 de LE FIEU est tr\u00e8s attentive \u00e0 ce projet et suit son \u00e9volution avec un grand int\u00e9r\u00eat. <\/p>\n\n\n\n<p>Pour que cette MAM r\u00e9ponde au mieux aux attentes des habitants, les futures assistantes maternelles de cette structure souhaitent recueillir l\u2019avis de tous \u00e0 travers un questionnaire en ligne. Cette d\u00e9marche participative est essentielle pour adapter l\u2019offre de garde aux besoins r\u00e9els des familles, qu\u2019il s\u2019agisse des horaires, des services propos\u00e9s ou des modalit\u00e9s d\u2019accueil.<\/p>\n\n\n\n<p>Les habitants, parents, futurs parents ou toute personne concern\u00e9e sont invit\u00e9s \u00e0 prendre quelques minutes pour remplir ce questionnaire. Votre contribution aidera \u00e0 fa\u00e7onner une structure qui vous ressemble et qui r\u00e9pondra aux attentes de la communaut\u00e9.<\/p>\n\n\n\n<p>Pour participer \u00e0 cette \u00e9tude et faire entendre votre voix, il vous suffit de cliquer sur le lien suivant :<br><a href=\"https:\/\/docs.google.com\/forms\/d\/1JT4DzUt7xUVd_-M3mhDIeOPd-PKRlAQPk3GKcyjW2Eg\/viewform?edit_requested=true\" target=\"_blank\" rel=\"noreferrer noopener\">https:\/\/docs.google.com\/forms\/d\/1JT4DzUt7xUVd_-M3mhDIeOPd-PKRlAQPk3GKcyjW2Eg\/viewform?edit_requested=true<\/a><\/p>\n\n\n\n<p>Merci \u00e0 tous pour votre implication et votre soutien dans ce projet porteur d\u2019avenir pour <strong>Le Fieu<\/strong> et ses familles.<\/p>\n","protected":false},"excerpt":{"rendered":"<p>Deux assistantes maternelles ont le projet de cr\u00e9er une Maison d\u2019Assistantes Maternelles (MAM), r\u00e9pondant ainsi aux besoins significatifs et croissants des familles du secteur. Cette structure innovante permettra d\u2019accueillir plusieurs enfants dans un environnement s\u00e9curis\u00e9, chaleureux et adapt\u00e9 \u00e0 leur d\u00e9veloppement. La MAM offrira un mode de garde souple et [&hellip;]<\/p>\n","protected":false},"author":1,"featured_media":3965,"comment_status":"closed","ping_status":"closed","sticky":false,"template":"","format":"standard","meta":{"_s2mail":"","_themeisle_gutenberg_block_has_review":false,"footnotes":""},"categories":[6],"tags":[],"class_list":["post-3962","post","type-post","status-publish","format-standard","has-post-thumbnail","hentry","category-informations"],"_links":{"self":[{"href":"https:\/\/www.lefieu.fr\/index.php\/wp-json\/wp\/v2\/posts\/3962","targetHints":{"allow":["GET"]}}],"collection":[{"href":"https:\/\/www.lefieu.fr\/index.php\/wp-json\/wp\/v2\/posts"}],"about":[{"href":"https:\/\/www.lefieu.fr\/index.php\/wp-json\/wp\/v2\/types\/post"}],"author":[{"embeddable":true,"href":"https:\/\/www.lefieu.fr\/index.php\/wp-json\/wp\/v2\/users\/1"}],"replies":[{"embeddable":true,"href":"https:\/\/www.lefieu.fr\/index.php\/wp-json\/wp\/v2\/comments?post=3962"}],"version-history":[{"count":4,"href":"https:\/\/www.lefieu.fr\/index.php\/wp-json\/wp\/v2\/posts\/3962\/revisions"}],"predecessor-version":[{"id":3969,"href":"https:\/\/www.lefieu.fr\/index.php\/wp-json\/wp\/v2\/posts\/3962\/revisions\/3969"}],"wp:featuredmedia":[{"embeddable":true,"href":"https:\/\/www.lefieu.fr\/index.php\/wp-json\/wp\/v2\/media\/3965"}],"wp:attachment":[{"href":"https:\/\/www.lefieu.fr\/index.php\/wp-json\/wp\/v2\/media?parent=3962"}],"wp:term":[{"taxonomy":"category","embeddable":true,"href":"https:\/\/www.lefieu.fr\/index.php\/wp-json\/wp\/v2\/categories?post=3962"},{"taxonomy":"post_tag","embeddable":true,"href":"https:\/\/www.lefieu.fr\/index.php\/wp-json\/wp\/v2\/tags?post=3962"}],"curies":[{"name":"wp","href":"https:\/\/api.w.org\/{rel}","templated":true}]}}