{"id":3973,"date":"2025-05-03T09:41:56","date_gmt":"2025-05-03T07:41:56","guid":{"rendered":"https:\/\/www.lefieu.fr\/?p=3973"},"modified":"2025-05-03T09:43:12","modified_gmt":"2025-05-03T07:43:12","slug":"pluie-danimations-soleil-dans-les-coeurs","status":"publish","type":"post","link":"https:\/\/www.lefieu.fr\/index.php\/2025\/05\/03\/pluie-danimations-soleil-dans-les-coeurs\/","title":{"rendered":"Pluie d\u2019animations, soleil dans les c\u0153urs !"},"content":{"rendered":"\n<p>Le week-end de la f\u00eate locale de Le Fieu restera dans les m\u00e9moires comme un rendez-vous un peu rat\u00e9 pour le <a href=\"https:\/\/www.facebook.com\/comitefestiviteslefieu\">comit\u00e9 &#8220;festivit\u00e9s&#8221; de LE FIEU<\/a>. Malgr\u00e9 tout, la convivialit\u00e9 et de la pers\u00e9v\u00e9rance du petit groupe de b\u00e9n\u00e9voles est toujours un atout, malgr\u00e9 une m\u00e9t\u00e9o capricieuse ce week-end de la fin avril. <\/p>\n\n\n\n<p>D\u00e8s le vendredi soir, le march\u00e9 gourmand a ouvert les festivit\u00e9s, offrant aux premiers visiteurs la possibilit\u00e9 de d\u00e9couvrir des produits locaux dans une ambiance chaleureuse. H\u00e9las, la fra\u00eecheur inhabituelle de la soir\u00e9e n\u2019a pas permis de retrouver l\u2019effervescence des grandes soir\u00e9es estivales.<\/p>\n\n\n\n<p>Le samedi apr\u00e8s-midi, le concours de belote dont le comit\u00e9 &#8220;festivit\u00e9s&#8221; a le secret de r\u00e9ussite s&#8217;est parfaitement bien d\u00e9roul\u00e9 dans une ambiance chaleureuse. Un peut plus tard, les nuages ont pris le relais, et la pluie s\u2019est invit\u00e9e, rendant la soir\u00e9e encore plus intimiste. Malgr\u00e9 ces conditions, le repas organis\u00e9 par le comit\u00e9 &#8220;Festivit\u00e9s&#8221; a rassembl\u00e9 une toute petite poign\u00e9e de convives, des fid\u00e8les de tous les temps&#8230; Tous ont pu appr\u00e9cier la prestation musicale de la troupe &#8220;l\u2019\u00c9veil d\u2019Abzac&#8221;, dont les notes ont r\u00e9chauff\u00e9 les c\u0153urs. Les majorettes, fid\u00e8les au poste, ont assur\u00e9 leur spectacle sous la pluie, illustrant l\u2019esprit de la f\u00eate et du partage. Les man\u00e8ges, faute de visiteurs, ont d\u00fb fermer plus t\u00f4t que pr\u00e9vu, et le feu d\u2019artifice, tant attendu, a malheureusement \u00e9t\u00e9 annul\u00e9.<\/p>\n\n\n\n<p>Mais la f\u00eate ne s\u2019est pas laiss\u00e9e abattre. Dimanche, le soleil a enfin perc\u00e9 les nuages, offrant une journ\u00e9e lumineuse qui a redonn\u00e9 le sourire aux organisateurs, aux forains et aux habitants. Le rassemblement de voitures anciennes, orchestr\u00e9 par l\u2019<a href=\"https:\/\/www.facebook.com\/maremm.club\/\">association de Montpon-M\u00e9nesterol &#8220;MAREMM&#8221;<\/a>, a attir\u00e9 les regards \u00e9merveill\u00e9s des amateurs comme des curieux. L\u2019apr\u00e8s-midi, la traditionnelle course de tracteurs-tondeuses a transform\u00e9 le terrain d\u00e9tremp\u00e9 en v\u00e9ritable sc\u00e8ne de spectacle, o\u00f9 onze machines se sont affront\u00e9es dans la boue, d\u00e9clenchant rires et applaudissements.<\/p>\n\n\n\n<p>Les man\u00e8ges, \u00e0 nouveau anim\u00e9s, ont retrouv\u00e9 leur public, offrant \u00e0 tous l\u2019image d\u2019une f\u00eate locale authentique, o\u00f9 la bonne humeur finit toujours par triompher des al\u00e9as du temps. Ce week-end, malgr\u00e9 les difficult\u00e9s, a prouv\u00e9 la force du lien qui unit les habitu\u00e9s de la f\u00eate de Le Fieu et la d\u00e9termination des b\u00e9n\u00e9voles \u00e0 faire vivre la tradition.<\/p>\n\n\n\n<p>Port\u00e9s par cette belle \u00e9nergie, nous pouvons regarder vers l\u2019avenir avec confiance. L\u2019ann\u00e9e prochaine, la f\u00eate locale de Le Fieu devrait revenir, plus forte et plus rayonnante, port\u00e9e par l\u2019espoir d\u2019un ciel cl\u00e9ment et par la certitude que, quoi qu\u2019il arrive, l\u2019esprit de la f\u00eate saura toujours rassembler et r\u00e9chauffer les c\u0153urs.<\/p>\n\n\n\n<p>Le Maire Michel VACHER tient une nouvelle fois a exprimer ses <span style=\"text-decoration: underline;\">remerciements \u00e0 l&#8217;ensemble des b\u00e9n\u00e9voles du comit\u00e9 &#8220;Festivit\u00e9s&#8221; pour leur d\u00e9vouement aux services des animations de la commune<\/span>. Il leur renouvelle sa confiance et son admiration pour leur pers\u00e9v\u00e9rance dans le &#8220;bien vivre \u00e0 Le Fieu&#8221;.<\/p>\n\n\n\n<figure class=\"wp-block-video aligncenter\"><video height=\"1080\" style=\"aspect-ratio: 1920 \/ 1080;\" width=\"1920\" controls src=\"https:\/\/www.lefieu.fr\/wp-content\/uploads\/2025\/05\/20250426_203015.mp4\"><\/video><figcaption class=\"wp-element-caption\">Les majorettes malgr\u00e9 la pluie<br><sup><em>(photo A. Rambaud)<\/em><\/sup><\/figcaption><\/figure>\n\n\n<div class=\"wp-block-image\">\n<figure class=\"aligncenter size-large is-resized\"><img loading=\"lazy\" decoding=\"async\" width=\"1024\" height=\"768\" src=\"https:\/\/www.lefieu.fr\/wp-content\/uploads\/2025\/05\/20250427_145249-1-1024x768.jpg\" alt=\"\" class=\"wp-image-3979\" style=\"width:574px;height:auto\" srcset=\"https:\/\/www.lefieu.fr\/wp-content\/uploads\/2025\/05\/20250427_145249-1-1024x768.jpg 1024w, https:\/\/www.lefieu.fr\/wp-content\/uploads\/2025\/05\/20250427_145249-1-300x225.jpg 300w, https:\/\/www.lefieu.fr\/wp-content\/uploads\/2025\/05\/20250427_145249-1-768x576.jpg 768w, https:\/\/www.lefieu.fr\/wp-content\/uploads\/2025\/05\/20250427_145249-1-1536x1152.jpg 1536w, https:\/\/www.lefieu.fr\/wp-content\/uploads\/2025\/05\/20250427_145249-1-2048x1536.jpg 2048w\" sizes=\"auto, (max-width: 1024px) 100vw, 1024px\" \/><figcaption class=\"wp-element-caption\">L&#8217;exposition de voitures anciennes <br><sup><em>(photo A. Rambaud)<\/em><\/sup><\/figcaption><\/figure>\n<\/div>\n\n<div class=\"wp-block-image\">\n<figure class=\"aligncenter size-large is-resized\"><img loading=\"lazy\" decoding=\"async\" width=\"1024\" height=\"768\" src=\"https:\/\/www.lefieu.fr\/wp-content\/uploads\/2025\/05\/20250427_122945-1024x768.jpg\" alt=\"\" class=\"wp-image-3984\" style=\"width:522px;height:auto\" srcset=\"https:\/\/www.lefieu.fr\/wp-content\/uploads\/2025\/05\/20250427_122945-1024x768.jpg 1024w, https:\/\/www.lefieu.fr\/wp-content\/uploads\/2025\/05\/20250427_122945-300x225.jpg 300w, https:\/\/www.lefieu.fr\/wp-content\/uploads\/2025\/05\/20250427_122945-768x576.jpg 768w, https:\/\/www.lefieu.fr\/wp-content\/uploads\/2025\/05\/20250427_122945-1536x1152.jpg 1536w, https:\/\/www.lefieu.fr\/wp-content\/uploads\/2025\/05\/20250427_122945-2048x1536.jpg 2048w\" sizes=\"auto, (max-width: 1024px) 100vw, 1024px\" \/><figcaption class=\"wp-element-caption\">Table des convives au repas du dimanche <br><sup><em>(photo A. Rambaud)<\/em><\/sup><\/figcaption><\/figure>\n<\/div>\n\n<div class=\"wp-block-image\">\n<figure class=\"aligncenter size-large is-resized\"><img loading=\"lazy\" decoding=\"async\" width=\"1024\" height=\"768\" src=\"https:\/\/www.lefieu.fr\/wp-content\/uploads\/2025\/05\/20250427_123132-1024x768.jpg\" alt=\"\" class=\"wp-image-3985\" style=\"width:590px;height:auto\" srcset=\"https:\/\/www.lefieu.fr\/wp-content\/uploads\/2025\/05\/20250427_123132-1024x768.jpg 1024w, https:\/\/www.lefieu.fr\/wp-content\/uploads\/2025\/05\/20250427_123132-300x225.jpg 300w, https:\/\/www.lefieu.fr\/wp-content\/uploads\/2025\/05\/20250427_123132-768x576.jpg 768w, https:\/\/www.lefieu.fr\/wp-content\/uploads\/2025\/05\/20250427_123132-1536x1152.jpg 1536w, https:\/\/www.lefieu.fr\/wp-content\/uploads\/2025\/05\/20250427_123132-2048x1536.jpg 2048w\" sizes=\"auto, (max-width: 1024px) 100vw, 1024px\" \/><figcaption class=\"wp-element-caption\">Le pr\u00e9sident du MAREMM, Alain GADY, Le Maire de Le Fieu, Michel VACHER et les organisateurs du week-end, Marielle et Bernard LOBIT en d\u00e9l\u00e9gation de l&#8217;ensemble des b\u00e9n\u00e9voles du comit\u00e9 &#8220;Festivit\u00e9s&#8221;<br><sup><em>(photo A. Rambaud)<\/em><\/sup><\/figcaption><\/figure>\n<\/div>\n\n\n<figure class=\"wp-block-video aligncenter\"><video height=\"1080\" style=\"aspect-ratio: 1920 \/ 1080;\" width=\"1920\" controls src=\"https:\/\/www.lefieu.fr\/wp-content\/uploads\/2025\/05\/20250427_144808.mp4\"><\/video><figcaption class=\"wp-element-caption\">Une course &#8230; boueuse <br><sup><em>(vid\u00e9o A. Rambaud)<\/em><\/sup><\/figcaption><\/figure>\n\n\n\n<figure class=\"wp-block-video aligncenter\"><video height=\"1080\" style=\"aspect-ratio: 1920 \/ 1080;\" width=\"1920\" controls src=\"https:\/\/www.lefieu.fr\/wp-content\/uploads\/2025\/05\/20250427_110311.mp4\"><\/video><figcaption class=\"wp-element-caption\">Une course &#8230; toujours boueuse <br><sup><em>(vid\u00e9o A. Rambaud)<\/em><\/sup><\/figcaption><\/figure>\n\n\n<div class=\"wp-block-image\">\n<figure class=\"aligncenter size-large is-resized\"><img loading=\"lazy\" decoding=\"async\" width=\"1024\" height=\"768\" src=\"https:\/\/www.lefieu.fr\/wp-content\/uploads\/2025\/05\/20250427_172706-1024x768.jpg\" alt=\"\" class=\"wp-image-3983\" style=\"width:600px;height:auto\" srcset=\"https:\/\/www.lefieu.fr\/wp-content\/uploads\/2025\/05\/20250427_172706-1024x768.jpg 1024w, https:\/\/www.lefieu.fr\/wp-content\/uploads\/2025\/05\/20250427_172706-300x225.jpg 300w, https:\/\/www.lefieu.fr\/wp-content\/uploads\/2025\/05\/20250427_172706-768x576.jpg 768w, https:\/\/www.lefieu.fr\/wp-content\/uploads\/2025\/05\/20250427_172706-1536x1152.jpg 1536w, https:\/\/www.lefieu.fr\/wp-content\/uploads\/2025\/05\/20250427_172706-2048x1536.jpg 2048w\" sizes=\"auto, (max-width: 1024px) 100vw, 1024px\" \/><figcaption class=\"wp-element-caption\">Qui a particip\u00e9, qui ne l&#8217;a pas fait ? <br><sup><em>(photo A. Rambaud)<\/em><\/sup><\/figcaption><\/figure>\n<\/div>","protected":false},"excerpt":{"rendered":"<p>Le week-end de la f\u00eate locale de Le Fieu restera dans les m\u00e9moires comme un rendez-vous un peu rat\u00e9 pour le comit\u00e9 &#8220;festivit\u00e9s&#8221; de LE FIEU. Malgr\u00e9 tout, la convivialit\u00e9 et de la pers\u00e9v\u00e9rance du petit groupe de b\u00e9n\u00e9voles est toujours un atout, malgr\u00e9 une m\u00e9t\u00e9o capricieuse ce week-end de [&hellip;]<\/p>\n","protected":false},"author":1,"featured_media":3975,"comment_status":"closed","ping_status":"closed","sticky":false,"template":"","format":"standard","meta":{"_s2mail":"yes","_themeisle_gutenberg_block_has_review":false,"footnotes":""},"categories":[14,6],"tags":[],"class_list":["post-3973","post","type-post","status-publish","format-standard","has-post-thumbnail","hentry","category-associations","category-informations"],"_links":{"self":[{"href":"https:\/\/www.lefieu.fr\/index.php\/wp-json\/wp\/v2\/posts\/3973","targetHints":{"allow":["GET"]}}],"collection":[{"href":"https:\/\/www.lefieu.fr\/index.php\/wp-json\/wp\/v2\/posts"}],"about":[{"href":"https:\/\/www.lefieu.fr\/index.php\/wp-json\/wp\/v2\/types\/post"}],"author":[{"embeddable":true,"href":"https:\/\/www.lefieu.fr\/index.php\/wp-json\/wp\/v2\/users\/1"}],"replies":[{"embeddable":true,"href":"https:\/\/www.lefieu.fr\/index.php\/wp-json\/wp\/v2\/comments?post=3973"}],"version-history":[{"count":6,"href":"https:\/\/www.lefieu.fr\/index.php\/wp-json\/wp\/v2\/posts\/3973\/revisions"}],"predecessor-version":[{"id":3988,"href":"https:\/\/www.lefieu.fr\/index.php\/wp-json\/wp\/v2\/posts\/3973\/revisions\/3988"}],"wp:featuredmedia":[{"embeddable":true,"href":"https:\/\/www.lefieu.fr\/index.php\/wp-json\/wp\/v2\/media\/3975"}],"wp:attachment":[{"href":"https:\/\/www.lefieu.fr\/index.php\/wp-json\/wp\/v2\/media?parent=3973"}],"wp:term":[{"taxonomy":"category","embeddable":true,"href":"https:\/\/www.lefieu.fr\/index.php\/wp-json\/wp\/v2\/categories?post=3973"},{"taxonomy":"post_tag","embeddable":true,"href":"https:\/\/www.lefieu.fr\/index.php\/wp-json\/wp\/v2\/tags?post=3973"}],"curies":[{"name":"wp","href":"https:\/\/api.w.org\/{rel}","templated":true}]}}