{"id":4015,"date":"2025-05-09T15:51:56","date_gmt":"2025-05-09T13:51:56","guid":{"rendered":"https:\/\/www.lefieu.fr\/?p=4015"},"modified":"2025-05-09T15:51:57","modified_gmt":"2025-05-09T13:51:57","slug":"commemoration-en-petit-comite","status":"publish","type":"post","link":"https:\/\/www.lefieu.fr\/index.php\/2025\/05\/09\/commemoration-en-petit-comite\/","title":{"rendered":"Comm\u00e9moration en petit comit\u00e9"},"content":{"rendered":"\n<p>La c\u00e9r\u00e9monie du souvenir s&#8217;est tenue ce matin en petit comit\u00e9 au monument aux morts, rassemblant \u00e9lus, anciens combattants et quelques habitants de la commune. Apr\u00e8s le traditionnel appel au recueillement, le maire a ouvert la c\u00e9r\u00e9monie en lisant la lettre officielle de S\u00e9bastien Lecornu, ministre des Arm\u00e9es, rappelant l&#8217;importance de la m\u00e9moire collective et de la transmission des valeurs r\u00e9publicaines.<\/p>\n\n\n\n<p>La jeune Ambre Lautrette a ensuite donn\u00e9 lecture du message de l&#8217;<a href=\"https:\/\/www.union-federale.com\/\">UFAC<\/a>, soulignant l&#8217;engagement et le sacrifice des combattants pour la libert\u00e9. Le d\u00e9p\u00f4t de gerbe a \u00e9t\u00e9 effectu\u00e9 par le maire, accompagn\u00e9 de Jocelyne Pointet, pr\u00e9sidente de l&#8217;association des anciens combattants, et d&#8217;Ambre, symbolisant le lien entre g\u00e9n\u00e9rations comme le fait le jeune porte-drapeau pr\u00e9sent, Antoine Haas.<\/p>\n\n\n\n<p>Dans son discours, le maire a d\u00e9plor\u00e9 simplement la faible participation, notamment celle des repr\u00e9sentants des communaut\u00e9s pers\u00e9cut\u00e9es lors des conflits auxquels la France a \u00e9t\u00e9 confront\u00e9e. Il a insist\u00e9 sur la n\u00e9cessit\u00e9 de rendre hommage \u00e0 tous ceux qui ont donn\u00e9 leur vie pour leurs id\u00e9es ou pour permettre \u00e0 la France de vivre libre, rappelant que cette libert\u00e9 demeure fragile, particuli\u00e8rement au regard de l&#8217;actualit\u00e9.<\/p>\n\n\n\n<p>La c\u00e9r\u00e9monie s&#8217;est conclue par un moment de convivialit\u00e9 autour du caf\u00e9 de l&#8217;amiti\u00e9, offert en mairie, permettant \u00e0 chacun d&#8217;\u00e9changer et de perp\u00e9tuer le devoir de m\u00e9moire dans un esprit de fraternit\u00e9.<\/p>\n\n\n<div class=\"wp-block-image\">\n<figure class=\"aligncenter size-large is-resized\"><img loading=\"lazy\" decoding=\"async\" width=\"768\" height=\"1024\" src=\"https:\/\/www.lefieu.fr\/wp-content\/uploads\/2025\/05\/20250508_093740-768x1024.jpg\" alt=\"\" class=\"wp-image-4017\" style=\"width:481px;height:auto\" srcset=\"https:\/\/www.lefieu.fr\/wp-content\/uploads\/2025\/05\/20250508_093740-768x1024.jpg 768w, https:\/\/www.lefieu.fr\/wp-content\/uploads\/2025\/05\/20250508_093740-225x300.jpg 225w, https:\/\/www.lefieu.fr\/wp-content\/uploads\/2025\/05\/20250508_093740-1152x1536.jpg 1152w, https:\/\/www.lefieu.fr\/wp-content\/uploads\/2025\/05\/20250508_093740-1536x2048.jpg 1536w, https:\/\/www.lefieu.fr\/wp-content\/uploads\/2025\/05\/20250508_093740-scaled.jpg 1920w\" sizes=\"auto, (max-width: 768px) 100vw, 768px\" \/><figcaption class=\"wp-element-caption\">Le Maire donne lecture de la lettre du Ministre S. Lecornu<br><em><sup>(photo A. Rambaud)<\/sup><\/em><\/figcaption><\/figure>\n<\/div>\n\n<div class=\"wp-block-image\">\n<figure class=\"aligncenter size-large is-resized\"><img loading=\"lazy\" decoding=\"async\" width=\"768\" height=\"1024\" src=\"https:\/\/www.lefieu.fr\/wp-content\/uploads\/2025\/05\/20250508_093809-768x1024.jpg\" alt=\"\" class=\"wp-image-4019\" style=\"width:436px;height:auto\" srcset=\"https:\/\/www.lefieu.fr\/wp-content\/uploads\/2025\/05\/20250508_093809-768x1024.jpg 768w, https:\/\/www.lefieu.fr\/wp-content\/uploads\/2025\/05\/20250508_093809-225x300.jpg 225w, https:\/\/www.lefieu.fr\/wp-content\/uploads\/2025\/05\/20250508_093809-1152x1536.jpg 1152w, https:\/\/www.lefieu.fr\/wp-content\/uploads\/2025\/05\/20250508_093809-1536x2048.jpg 1536w, https:\/\/www.lefieu.fr\/wp-content\/uploads\/2025\/05\/20250508_093809-scaled.jpg 1920w\" sizes=\"auto, (max-width: 768px) 100vw, 768px\" \/><figcaption class=\"wp-element-caption\">La jeune Ambre donne lecture de la lettre de l&#8217;UFAC<br><em><sup>(photo A. Rambaud)<\/sup><\/em><\/figcaption><\/figure>\n<\/div>\n\n<div class=\"wp-block-image\">\n<figure class=\"aligncenter size-large is-resized\"><img loading=\"lazy\" decoding=\"async\" width=\"1024\" height=\"879\" src=\"https:\/\/www.lefieu.fr\/wp-content\/uploads\/2025\/05\/1-1024x879.jpg\" alt=\"\" class=\"wp-image-4022\" style=\"width:531px;height:auto\" srcset=\"https:\/\/www.lefieu.fr\/wp-content\/uploads\/2025\/05\/1-1024x879.jpg 1024w, https:\/\/www.lefieu.fr\/wp-content\/uploads\/2025\/05\/1-300x257.jpg 300w, https:\/\/www.lefieu.fr\/wp-content\/uploads\/2025\/05\/1-768x659.jpg 768w, https:\/\/www.lefieu.fr\/wp-content\/uploads\/2025\/05\/1-1536x1318.jpg 1536w, https:\/\/www.lefieu.fr\/wp-content\/uploads\/2025\/05\/1-2048x1758.jpg 2048w\" sizes=\"auto, (max-width: 1024px) 100vw, 1024px\" \/><figcaption class=\"wp-element-caption\">Jocelyne Pointet, Michel Vacher, Ambre Lautrette <br><em><sup>(photo A. Rambaud)<\/sup><\/em><\/figcaption><\/figure>\n<\/div>\n\n<div class=\"wp-block-image\">\n<figure class=\"aligncenter size-large is-resized\"><img loading=\"lazy\" decoding=\"async\" width=\"768\" height=\"1024\" src=\"https:\/\/www.lefieu.fr\/wp-content\/uploads\/2025\/05\/20250508_094212-768x1024.jpg\" alt=\"\" class=\"wp-image-4023\" style=\"width:366px;height:auto\" srcset=\"https:\/\/www.lefieu.fr\/wp-content\/uploads\/2025\/05\/20250508_094212-768x1024.jpg 768w, https:\/\/www.lefieu.fr\/wp-content\/uploads\/2025\/05\/20250508_094212-225x300.jpg 225w, https:\/\/www.lefieu.fr\/wp-content\/uploads\/2025\/05\/20250508_094212-1152x1536.jpg 1152w, https:\/\/www.lefieu.fr\/wp-content\/uploads\/2025\/05\/20250508_094212-1536x2048.jpg 1536w, https:\/\/www.lefieu.fr\/wp-content\/uploads\/2025\/05\/20250508_094212-scaled.jpg 1920w\" sizes=\"auto, (max-width: 768px) 100vw, 768px\" \/><figcaption class=\"wp-element-caption\">D\u00e9p\u00f4t de la gerbe <br><em><sup>(photo A. Rambaud)<\/sup><\/em><\/figcaption><\/figure>\n<\/div>\n\n<div class=\"wp-block-image\">\n<figure class=\"aligncenter size-large\"><img loading=\"lazy\" decoding=\"async\" width=\"1024\" height=\"576\" src=\"https:\/\/www.lefieu.fr\/wp-content\/uploads\/2025\/05\/2-1024x576.jpg\" alt=\"\" class=\"wp-image-4024\" srcset=\"https:\/\/www.lefieu.fr\/wp-content\/uploads\/2025\/05\/2-1024x576.jpg 1024w, https:\/\/www.lefieu.fr\/wp-content\/uploads\/2025\/05\/2-300x169.jpg 300w, https:\/\/www.lefieu.fr\/wp-content\/uploads\/2025\/05\/2-768x432.jpg 768w, https:\/\/www.lefieu.fr\/wp-content\/uploads\/2025\/05\/2-1536x865.jpg 1536w, https:\/\/www.lefieu.fr\/wp-content\/uploads\/2025\/05\/2-2048x1153.jpg 2048w\" sizes=\"auto, (max-width: 1024px) 100vw, 1024px\" \/><figcaption class=\"wp-element-caption\">Hommage au son de l&#8217;hymne national <br><em><sup>(photo A. Rambaud)<\/sup><\/em><\/figcaption><\/figure>\n<\/div>","protected":false},"excerpt":{"rendered":"<p>La c\u00e9r\u00e9monie du souvenir s&#8217;est tenue ce matin en petit comit\u00e9 au monument aux morts, rassemblant \u00e9lus, anciens combattants et quelques habitants de la commune. Apr\u00e8s le traditionnel appel au recueillement, le maire a ouvert la c\u00e9r\u00e9monie en lisant la lettre officielle de S\u00e9bastien Lecornu, ministre des Arm\u00e9es, rappelant l&#8217;importance [&hellip;]<\/p>\n","protected":false},"author":1,"featured_media":4016,"comment_status":"closed","ping_status":"closed","sticky":false,"template":"","format":"standard","meta":{"_s2mail":"yes","_themeisle_gutenberg_block_has_review":false,"footnotes":""},"categories":[3],"tags":[],"class_list":["post-4015","post","type-post","status-publish","format-standard","has-post-thumbnail","hentry","category-ceremonie"],"_links":{"self":[{"href":"https:\/\/www.lefieu.fr\/index.php\/wp-json\/wp\/v2\/posts\/4015","targetHints":{"allow":["GET"]}}],"collection":[{"href":"https:\/\/www.lefieu.fr\/index.php\/wp-json\/wp\/v2\/posts"}],"about":[{"href":"https:\/\/www.lefieu.fr\/index.php\/wp-json\/wp\/v2\/types\/post"}],"author":[{"embeddable":true,"href":"https:\/\/www.lefieu.fr\/index.php\/wp-json\/wp\/v2\/users\/1"}],"replies":[{"embeddable":true,"href":"https:\/\/www.lefieu.fr\/index.php\/wp-json\/wp\/v2\/comments?post=4015"}],"version-history":[{"count":3,"href":"https:\/\/www.lefieu.fr\/index.php\/wp-json\/wp\/v2\/posts\/4015\/revisions"}],"predecessor-version":[{"id":4026,"href":"https:\/\/www.lefieu.fr\/index.php\/wp-json\/wp\/v2\/posts\/4015\/revisions\/4026"}],"wp:featuredmedia":[{"embeddable":true,"href":"https:\/\/www.lefieu.fr\/index.php\/wp-json\/wp\/v2\/media\/4016"}],"wp:attachment":[{"href":"https:\/\/www.lefieu.fr\/index.php\/wp-json\/wp\/v2\/media?parent=4015"}],"wp:term":[{"taxonomy":"category","embeddable":true,"href":"https:\/\/www.lefieu.fr\/index.php\/wp-json\/wp\/v2\/categories?post=4015"},{"taxonomy":"post_tag","embeddable":true,"href":"https:\/\/www.lefieu.fr\/index.php\/wp-json\/wp\/v2\/tags?post=4015"}],"curies":[{"name":"wp","href":"https:\/\/api.w.org\/{rel}","templated":true}]}}