{"id":4137,"date":"2025-08-26T09:15:55","date_gmt":"2025-08-26T07:15:55","guid":{"rendered":"https:\/\/www.lefieu.fr\/?p=4137"},"modified":"2025-08-26T09:16:57","modified_gmt":"2025-08-26T07:16:57","slug":"enfant-de-le-fieu-mylene-recoit-la-legion-dhonneur","status":"publish","type":"post","link":"https:\/\/www.lefieu.fr\/index.php\/2025\/08\/26\/enfant-de-le-fieu-mylene-recoit-la-legion-dhonneur\/","title":{"rendered":"Enfant de LE FIEU, Myl\u00e8ne re\u00e7oit la L\u00e9gion d&#8217;Honneur !"},"content":{"rendered":"\n<p>Originaire de <strong>Le Fieu<\/strong>, o\u00f9 elle compte encore une partie de sa famille, <strong>Myl\u00e8ne Doreau<\/strong> vient d\u2019\u00eatre \u00e9lev\u00e9e au grade de <strong>Chevalier de la L\u00e9gion d\u2019honneur<\/strong>, l\u2019une des plus hautes distinctions de la R\u00e9publique fran\u00e7aise.<\/p>\n\n\n\n<p>Maire de <strong>Guillos<\/strong>, petite commune girondine d\u2019environ 500 habitants, Myl\u00e8ne Doreau a marqu\u00e9 les esprits lors de l\u2019\u00e9t\u00e9 2022, au moment des terribles incendies qui ont ravag\u00e9 le sud du d\u00e9partement. Guillos fut en effet le premier village girondin \u00e0 \u00eatre enti\u00e8rement \u00e9vacu\u00e9. Dans ces circonstances exceptionnelles, la maire s\u2019est investie sans rel\u00e2che, aussi bien pour accompagner sa population pendant la crise que pour organiser le retour des habitants une fois le danger \u00e9cart\u00e9.<\/p>\n\n\n\n<p>Son engagement sans faille, men\u00e9 parfois au d\u00e9triment de sa propre sant\u00e9, lui vaut aujourd\u2019hui cette reconnaissance nationale. Elle a en effet figur\u00e9 dans le d\u00e9cret de la promotion du <strong>14 juillet 2025<\/strong>, officialisant sa nomination dans l\u2019Ordre national de la L\u00e9gion d\u2019honneur.<\/p>\n\n\n\n<p>Avec modestie, Myl\u00e8ne Doreau confie encore s\u2019interroger sur les raisons de ce choix :<\/p>\n\n\n\n<blockquote class=\"wp-block-quote is-layout-flow wp-block-quote-is-layout-flow\">\n<p>\u00ab Oui, c\u2019est une belle reconnaissance. Mais pourquoi moi en particulier ? Je ne saurais dire qui a propos\u00e9 mon nom \u00bb, explique-t-elle.<\/p>\n<\/blockquote>\n\n\n\n<p>Quoi qu\u2019il en soit, cette distinction vient saluer un parcours d\u2019\u00e9lue engag\u00e9, une capacit\u00e9 \u00e0 faire face aux \u00e9preuves et un attachement profond \u00e0 son territoire et \u00e0 ses habitants.<\/p>\n\n\n\n<p>Le Maire, Michel Vacher, son Conseil municipal et l&#8217;ensemble des habitants de la commune de <strong>Le Fieu<\/strong> adressent \u00e0 Myl\u00e8ne leurs plus sinc\u00e8res f\u00e9l\u00e9citations et sont particuli\u00e8rement fiers de voir l\u2019une de ses enfants ainsi honor\u00e9e.<\/p>\n\n\n\n<p>Reportage TF1 : <a href=\"https:\/\/www.tf1info.fr\/justice-faits-divers\/video-face-au-feu-mylene-doreau-la-maire-courage-de-guillos-2226579.html\">cliquer !<\/a><\/p>\n\n\n\n<p>Reportage TV7 : <a href=\"https:\/\/www.sudouest.fr\/lachainetv7\/infos\/l-invite-de-la-grande-edition\/videos\/2023\/05\/16\/qvzuss3\">cliquer !<\/a><\/p>\n\n\n<div class=\"wp-block-image\">\n<figure class=\"aligncenter size-large\"><img loading=\"lazy\" decoding=\"async\" width=\"1024\" height=\"526\" src=\"https:\/\/www.lefieu.fr\/wp-content\/uploads\/2025\/08\/2025-08-26_09h07_39-1024x526.png\" alt=\"\" class=\"wp-image-4139\" srcset=\"https:\/\/www.lefieu.fr\/wp-content\/uploads\/2025\/08\/2025-08-26_09h07_39-1024x526.png 1024w, https:\/\/www.lefieu.fr\/wp-content\/uploads\/2025\/08\/2025-08-26_09h07_39-300x154.png 300w, https:\/\/www.lefieu.fr\/wp-content\/uploads\/2025\/08\/2025-08-26_09h07_39-768x395.png 768w, https:\/\/www.lefieu.fr\/wp-content\/uploads\/2025\/08\/2025-08-26_09h07_39.png 1512w\" sizes=\"auto, (max-width: 1024px) 100vw, 1024px\" \/><\/figure>\n<\/div>\n\n<div class=\"wp-block-image\">\n<figure class=\"aligncenter size-large\"><img loading=\"lazy\" decoding=\"async\" width=\"1024\" height=\"562\" src=\"https:\/\/www.lefieu.fr\/wp-content\/uploads\/2025\/08\/2025-08-26_09h08_34-1024x562.png\" alt=\"\" class=\"wp-image-4140\" srcset=\"https:\/\/www.lefieu.fr\/wp-content\/uploads\/2025\/08\/2025-08-26_09h08_34-1024x562.png 1024w, https:\/\/www.lefieu.fr\/wp-content\/uploads\/2025\/08\/2025-08-26_09h08_34-300x165.png 300w, https:\/\/www.lefieu.fr\/wp-content\/uploads\/2025\/08\/2025-08-26_09h08_34-768x422.png 768w, https:\/\/www.lefieu.fr\/wp-content\/uploads\/2025\/08\/2025-08-26_09h08_34.png 1393w\" sizes=\"auto, (max-width: 1024px) 100vw, 1024px\" \/><\/figure>\n<\/div>","protected":false},"excerpt":{"rendered":"<p>Originaire de Le Fieu, o\u00f9 elle compte encore une partie de sa famille, Myl\u00e8ne Doreau vient d\u2019\u00eatre \u00e9lev\u00e9e au grade de Chevalier de la L\u00e9gion d\u2019honneur, l\u2019une des plus hautes distinctions de la R\u00e9publique fran\u00e7aise. Maire de Guillos, petite commune girondine d\u2019environ 500 habitants, Myl\u00e8ne Doreau a marqu\u00e9 les esprits [&hellip;]<\/p>\n","protected":false},"author":1,"featured_media":4141,"comment_status":"closed","ping_status":"closed","sticky":false,"template":"","format":"standard","meta":{"_s2mail":"","_themeisle_gutenberg_block_has_review":false,"footnotes":""},"categories":[6],"tags":[],"class_list":["post-4137","post","type-post","status-publish","format-standard","has-post-thumbnail","hentry","category-informations"],"_links":{"self":[{"href":"https:\/\/www.lefieu.fr\/index.php\/wp-json\/wp\/v2\/posts\/4137","targetHints":{"allow":["GET"]}}],"collection":[{"href":"https:\/\/www.lefieu.fr\/index.php\/wp-json\/wp\/v2\/posts"}],"about":[{"href":"https:\/\/www.lefieu.fr\/index.php\/wp-json\/wp\/v2\/types\/post"}],"author":[{"embeddable":true,"href":"https:\/\/www.lefieu.fr\/index.php\/wp-json\/wp\/v2\/users\/1"}],"replies":[{"embeddable":true,"href":"https:\/\/www.lefieu.fr\/index.php\/wp-json\/wp\/v2\/comments?post=4137"}],"version-history":[{"count":2,"href":"https:\/\/www.lefieu.fr\/index.php\/wp-json\/wp\/v2\/posts\/4137\/revisions"}],"predecessor-version":[{"id":4142,"href":"https:\/\/www.lefieu.fr\/index.php\/wp-json\/wp\/v2\/posts\/4137\/revisions\/4142"}],"wp:featuredmedia":[{"embeddable":true,"href":"https:\/\/www.lefieu.fr\/index.php\/wp-json\/wp\/v2\/media\/4141"}],"wp:attachment":[{"href":"https:\/\/www.lefieu.fr\/index.php\/wp-json\/wp\/v2\/media?parent=4137"}],"wp:term":[{"taxonomy":"category","embeddable":true,"href":"https:\/\/www.lefieu.fr\/index.php\/wp-json\/wp\/v2\/categories?post=4137"},{"taxonomy":"post_tag","embeddable":true,"href":"https:\/\/www.lefieu.fr\/index.php\/wp-json\/wp\/v2\/tags?post=4137"}],"curies":[{"name":"wp","href":"https:\/\/api.w.org\/{rel}","templated":true}]}}