{"id":4143,"date":"2025-08-28T12:00:14","date_gmt":"2025-08-28T10:00:14","guid":{"rendered":"https:\/\/www.lefieu.fr\/?p=4143"},"modified":"2025-08-28T12:00:15","modified_gmt":"2025-08-28T10:00:15","slug":"bhantal-africa-appelle-a-la-solidarite","status":"publish","type":"post","link":"https:\/\/www.lefieu.fr\/index.php\/2025\/08\/28\/bhantal-africa-appelle-a-la-solidarite\/","title":{"rendered":"BHANTAL AFRICA appelle \u00e0 la solidarit\u00e9 !"},"content":{"rendered":"\n<p>Apr\u00e8s des pluies d\u2019une intensit\u00e9 exceptionnelle des 24 et 25 ao\u00fbt dernier, la Guin\u00e9e qui a fait face \u00e0 des inondations d\u00e9vastatrices qui ont touch\u00e9 presque tout le pays tente d&#8217;effacer les traces et penser les plaies de cette catastrophe. De Conakry \u00e0 Siguiri, ces intemp\u00e9ries ont d\u00e9j\u00e0 caus\u00e9 la mort d\u2019au moins quatre personnes et laiss\u00e9 plus de 20 000 m\u00e9nages sans abri sans compter les nombreux points d&#8217;eau endommag\u00e9s. Maisons, routes et ponts ont \u00e9t\u00e9 submerg\u00e9s, tandis que des glissements de terrain et la perte de b\u00e9tail ont aggrav\u00e9 encore la situation. Plus de 130 000 personnes sont actuellement affect\u00e9es et des convois humanitaires ont \u00e9t\u00e9 d\u00e9ploy\u00e9s pour apporter un premier soutien. <\/p>\n\n\n\n<p>Devant une telle situation dans son pays de coeur, la pr\u00e9sidente Haby GRENIER, souvent F\u00e9odienne, souhaite rediriger les fonds initialement pr\u00e9vus pour le festival africain qui n&#8217;a pas eu lieu cette ann\u00e9e vers une aide aux nombreuses familles guin\u00e9ennes touch\u00e9es par ces importantes inondations.<\/p>\n\n\n\n<p>Aujourd&#8217;hui, \u00e0 quelques semaines de la rentr\u00e9e scolaire en Guin\u00e9e (pr\u00e9vue le 3 octobre), les enfants vont commencer l&#8217;ann\u00e9e sans fournitures scolaires. C&#8217;est pour cela que l&#8217;association <strong><span style=\"text-decoration: underline;\">Bhantal Africa lance un grand appel aux dons pour des cahiers, stylos, sacs, r\u00e8gles, ardoises, etc<\/span><\/strong>, afin de pouvoir offrir \u00e0 ces enfants une rentr\u00e9e scolaire digne.<\/p>\n\n\n\n<p><strong>La commune de LE FIEU s&#8217;inscrit pleinement dans cet appel en tant que partenaire de l&#8217;association Bhantal Africa<\/strong>. Elle met l&#8217;accueil de la mairie \u00e0 la disposition des donneurs qui peuvent y d\u00e9poser tout ce qui pourra contribuer \u00e0 offrir \u00e0 ces enfants un bon d\u00e9but d&#8217;ann\u00e9e scolaire.<\/p>\n\n\n\n<p>Les dons peuvent \u00eatre d\u00e9pos\u00e9s d\u00e8s aujourd&#8217;hui en mairie (aux heures d&#8217;ouverture).<\/p>\n\n\n<div class=\"wp-block-image\">\n<figure class=\"aligncenter size-full is-resized\"><img loading=\"lazy\" decoding=\"async\" width=\"792\" height=\"534\" src=\"https:\/\/www.lefieu.fr\/wp-content\/uploads\/2025\/08\/2025-08-28_11h52_39.png\" alt=\"\" class=\"wp-image-4145\" style=\"width:456px;height:auto\" srcset=\"https:\/\/www.lefieu.fr\/wp-content\/uploads\/2025\/08\/2025-08-28_11h52_39.png 792w, https:\/\/www.lefieu.fr\/wp-content\/uploads\/2025\/08\/2025-08-28_11h52_39-300x202.png 300w, https:\/\/www.lefieu.fr\/wp-content\/uploads\/2025\/08\/2025-08-28_11h52_39-768x518.png 768w\" sizes=\"auto, (max-width: 792px) 100vw, 792px\" \/><\/figure>\n<\/div>\n\n<div class=\"wp-block-image\">\n<figure class=\"aligncenter size-full is-resized\"><img loading=\"lazy\" decoding=\"async\" width=\"841\" height=\"452\" src=\"https:\/\/www.lefieu.fr\/wp-content\/uploads\/2025\/08\/2025-08-28_11h48_11.png\" alt=\"\" class=\"wp-image-4146\" style=\"width:562px;height:auto\" srcset=\"https:\/\/www.lefieu.fr\/wp-content\/uploads\/2025\/08\/2025-08-28_11h48_11.png 841w, https:\/\/www.lefieu.fr\/wp-content\/uploads\/2025\/08\/2025-08-28_11h48_11-300x161.png 300w, https:\/\/www.lefieu.fr\/wp-content\/uploads\/2025\/08\/2025-08-28_11h48_11-768x413.png 768w\" sizes=\"auto, (max-width: 841px) 100vw, 841px\" \/><\/figure>\n<\/div>","protected":false},"excerpt":{"rendered":"<p>Apr\u00e8s des pluies d\u2019une intensit\u00e9 exceptionnelle des 24 et 25 ao\u00fbt dernier, la Guin\u00e9e qui a fait face \u00e0 des inondations d\u00e9vastatrices qui ont touch\u00e9 presque tout le pays tente d&#8217;effacer les traces et penser les plaies de cette catastrophe. De Conakry \u00e0 Siguiri, ces intemp\u00e9ries ont d\u00e9j\u00e0 caus\u00e9 la [&hellip;]<\/p>\n","protected":false},"author":1,"featured_media":4144,"comment_status":"closed","ping_status":"closed","sticky":false,"template":"","format":"standard","meta":{"_s2mail":"","_themeisle_gutenberg_block_has_review":false,"footnotes":""},"categories":[14,6],"tags":[],"class_list":["post-4143","post","type-post","status-publish","format-standard","has-post-thumbnail","hentry","category-associations","category-informations"],"_links":{"self":[{"href":"https:\/\/www.lefieu.fr\/index.php\/wp-json\/wp\/v2\/posts\/4143","targetHints":{"allow":["GET"]}}],"collection":[{"href":"https:\/\/www.lefieu.fr\/index.php\/wp-json\/wp\/v2\/posts"}],"about":[{"href":"https:\/\/www.lefieu.fr\/index.php\/wp-json\/wp\/v2\/types\/post"}],"author":[{"embeddable":true,"href":"https:\/\/www.lefieu.fr\/index.php\/wp-json\/wp\/v2\/users\/1"}],"replies":[{"embeddable":true,"href":"https:\/\/www.lefieu.fr\/index.php\/wp-json\/wp\/v2\/comments?post=4143"}],"version-history":[{"count":2,"href":"https:\/\/www.lefieu.fr\/index.php\/wp-json\/wp\/v2\/posts\/4143\/revisions"}],"predecessor-version":[{"id":4148,"href":"https:\/\/www.lefieu.fr\/index.php\/wp-json\/wp\/v2\/posts\/4143\/revisions\/4148"}],"wp:featuredmedia":[{"embeddable":true,"href":"https:\/\/www.lefieu.fr\/index.php\/wp-json\/wp\/v2\/media\/4144"}],"wp:attachment":[{"href":"https:\/\/www.lefieu.fr\/index.php\/wp-json\/wp\/v2\/media?parent=4143"}],"wp:term":[{"taxonomy":"category","embeddable":true,"href":"https:\/\/www.lefieu.fr\/index.php\/wp-json\/wp\/v2\/categories?post=4143"},{"taxonomy":"post_tag","embeddable":true,"href":"https:\/\/www.lefieu.fr\/index.php\/wp-json\/wp\/v2\/tags?post=4143"}],"curies":[{"name":"wp","href":"https:\/\/api.w.org\/{rel}","templated":true}]}}