{"id":4149,"date":"2025-08-31T11:37:19","date_gmt":"2025-08-31T09:37:19","guid":{"rendered":"https:\/\/www.lefieu.fr\/?p=4149"},"modified":"2025-08-31T11:37:20","modified_gmt":"2025-08-31T09:37:20","slug":"travaux-de-voirie-2025","status":"publish","type":"post","link":"https:\/\/www.lefieu.fr\/index.php\/2025\/08\/31\/travaux-de-voirie-2025\/","title":{"rendered":"Travaux de voirie 2025"},"content":{"rendered":"\n<p>La commune informe ses administr\u00e9s que des gros travaux de voirie d\u00e9buteront <strong><span style=\"text-decoration: underline;\">le lundi 1er septembre<\/span><\/strong>. Les mat\u00e9riaux stock\u00e9s pour l&#8217;instant sur la place de l&#8217;\u00e9glise sont les t\u00e9moins de l&#8217;importance des travaux pr\u00e9vus.<\/p>\n\n\n\n<p>Ces derniers concerneront en premier lieu l\u2019\u00e9largissement du carrefour de la voie communale n\u00b0 313 avec la piste foresti\u00e8re, au lieu-dit <em>\u00ab Les Roudiers \u00bb<\/em>.<\/p>\n\n\n\n<p>Dans le cadre du programme de voirie 2025, des travaux plus cons\u00e9quents seront \u00e9galement r\u00e9alis\u00e9s :<\/p>\n\n\n\n<ul class=\"wp-block-list\">\n<li>Recalibrage et renforcement d\u2019une partie de la voie communale reliant <em>\u00ab Grand-Barreau \u00bb<\/em> \u00e0 <em>\u00ab Vieux-Village \u00bb<\/em>.<\/li>\n<\/ul>\n\n\n\n<p>Ces op\u00e9rations n\u00e9cessiteront une interruption totale de la circulation sur les secteurs concern\u00e9s. Toutefois, l\u2019entreprise Lauri\u00e8re, en charge du chantier, veillera \u00e0 faciliter au maximum la circulation des riverains lorsque cela sera possible.<\/p>\n\n\n\n<p>Chaque ann\u00e9e, le budget communal consacre des sommes importantes \u00e0 ces travaux qui, en 2025, avoisinent un montant de pr\u00e8s de 95 000 \u20ac, soulignant l\u2019importance de cet investissement pour l\u2019am\u00e9lioration et la s\u00e9curisation de nos infrastructures routi\u00e8res et leurs d\u00e9pendances.<\/p>\n\n\n\n<p>La municipalit\u00e9 remercie par avance les habitants pour leur compr\u00e9hension et leur patience durant la p\u00e9riode des travaux.<\/p>\n\n\n\n<figure class=\"wp-block-video aligncenter\"><video height=\"1080\" style=\"aspect-ratio: 1920 \/ 1080;\" width=\"1920\" controls src=\"https:\/\/www.lefieu.fr\/wp-content\/uploads\/2025\/08\/20250829_090348.mp4\"><\/video><figcaption class=\"wp-element-caption\">Stockage des mat\u00e9riaux qui seront utilis\u00e9s pour les travaux <br><sup><em>(vid\u00e9o A. Rambaud)<\/em><\/sup><\/figcaption><\/figure>\n\n\n<div class=\"wp-block-image\">\n<figure class=\"aligncenter size-large is-resized\"><img loading=\"lazy\" decoding=\"async\" width=\"1024\" height=\"479\" src=\"https:\/\/www.lefieu.fr\/wp-content\/uploads\/2025\/08\/20250829_090301-1024x479.jpg\" alt=\"\" class=\"wp-image-4150\" style=\"width:556px;height:auto\" srcset=\"https:\/\/www.lefieu.fr\/wp-content\/uploads\/2025\/08\/20250829_090301-1024x479.jpg 1024w, https:\/\/www.lefieu.fr\/wp-content\/uploads\/2025\/08\/20250829_090301-300x140.jpg 300w, https:\/\/www.lefieu.fr\/wp-content\/uploads\/2025\/08\/20250829_090301-768x360.jpg 768w, https:\/\/www.lefieu.fr\/wp-content\/uploads\/2025\/08\/20250829_090301-1536x719.jpg 1536w, https:\/\/www.lefieu.fr\/wp-content\/uploads\/2025\/08\/20250829_090301-2048x959.jpg 2048w\" sizes=\"auto, (max-width: 1024px) 100vw, 1024px\" \/><figcaption class=\"wp-element-caption\">Les engins entreront en action d\u00e8s le lundi 1er septembre <br><em><sup>(photo A. Rambaud)<\/sup><\/em><\/figcaption><\/figure>\n<\/div>\n\n<div class=\"wp-block-image\">\n<figure class=\"aligncenter size-large is-resized\"><img loading=\"lazy\" decoding=\"async\" width=\"1024\" height=\"603\" src=\"https:\/\/www.lefieu.fr\/wp-content\/uploads\/2025\/08\/20250829_090449-1024x603.jpg\" alt=\"\" class=\"wp-image-4151\" style=\"width:552px;height:auto\" srcset=\"https:\/\/www.lefieu.fr\/wp-content\/uploads\/2025\/08\/20250829_090449-1024x603.jpg 1024w, https:\/\/www.lefieu.fr\/wp-content\/uploads\/2025\/08\/20250829_090449-300x177.jpg 300w, https:\/\/www.lefieu.fr\/wp-content\/uploads\/2025\/08\/20250829_090449-768x452.jpg 768w, https:\/\/www.lefieu.fr\/wp-content\/uploads\/2025\/08\/20250829_090449-1536x904.jpg 1536w, https:\/\/www.lefieu.fr\/wp-content\/uploads\/2025\/08\/20250829_090449-2048x1206.jpg 2048w\" sizes=\"auto, (max-width: 1024px) 100vw, 1024px\" \/><\/figure>\n<\/div>","protected":false},"excerpt":{"rendered":"<p>La commune informe ses administr\u00e9s que des gros travaux de voirie d\u00e9buteront le lundi 1er septembre. Les mat\u00e9riaux stock\u00e9s pour l&#8217;instant sur la place de l&#8217;\u00e9glise sont les t\u00e9moins de l&#8217;importance des travaux pr\u00e9vus. Ces derniers concerneront en premier lieu l\u2019\u00e9largissement du carrefour de la voie communale n\u00b0 313 avec [&hellip;]<\/p>\n","protected":false},"author":1,"featured_media":622,"comment_status":"closed","ping_status":"closed","sticky":false,"template":"","format":"standard","meta":{"_s2mail":"","_themeisle_gutenberg_block_has_review":false,"footnotes":""},"categories":[25],"tags":[],"class_list":["post-4149","post","type-post","status-publish","format-standard","has-post-thumbnail","hentry","category-travaux"],"_links":{"self":[{"href":"https:\/\/www.lefieu.fr\/index.php\/wp-json\/wp\/v2\/posts\/4149","targetHints":{"allow":["GET"]}}],"collection":[{"href":"https:\/\/www.lefieu.fr\/index.php\/wp-json\/wp\/v2\/posts"}],"about":[{"href":"https:\/\/www.lefieu.fr\/index.php\/wp-json\/wp\/v2\/types\/post"}],"author":[{"embeddable":true,"href":"https:\/\/www.lefieu.fr\/index.php\/wp-json\/wp\/v2\/users\/1"}],"replies":[{"embeddable":true,"href":"https:\/\/www.lefieu.fr\/index.php\/wp-json\/wp\/v2\/comments?post=4149"}],"version-history":[{"count":2,"href":"https:\/\/www.lefieu.fr\/index.php\/wp-json\/wp\/v2\/posts\/4149\/revisions"}],"predecessor-version":[{"id":4154,"href":"https:\/\/www.lefieu.fr\/index.php\/wp-json\/wp\/v2\/posts\/4149\/revisions\/4154"}],"wp:featuredmedia":[{"embeddable":true,"href":"https:\/\/www.lefieu.fr\/index.php\/wp-json\/wp\/v2\/media\/622"}],"wp:attachment":[{"href":"https:\/\/www.lefieu.fr\/index.php\/wp-json\/wp\/v2\/media?parent=4149"}],"wp:term":[{"taxonomy":"category","embeddable":true,"href":"https:\/\/www.lefieu.fr\/index.php\/wp-json\/wp\/v2\/categories?post=4149"},{"taxonomy":"post_tag","embeddable":true,"href":"https:\/\/www.lefieu.fr\/index.php\/wp-json\/wp\/v2\/tags?post=4149"}],"curies":[{"name":"wp","href":"https:\/\/api.w.org\/{rel}","templated":true}]}}