{"id":4175,"date":"2025-10-26T16:15:49","date_gmt":"2025-10-26T15:15:49","guid":{"rendered":"https:\/\/www.lefieu.fr\/?p=4175"},"modified":"2025-10-26T16:15:50","modified_gmt":"2025-10-26T15:15:50","slug":"solidarite-rose","status":"publish","type":"post","link":"https:\/\/www.lefieu.fr\/index.php\/2025\/10\/26\/solidarite-rose\/","title":{"rendered":"Solidarit\u00e9 rose !"},"content":{"rendered":"\n<p>Dans le cadre de la campagne nationale \u00ab Octobre Rose \u00bb, lanc\u00e9e en 1994 pour sensibiliser au d\u00e9pistage du cancer du sein, des habitants de Le Fieu se sont mobilis\u00e9s cette ann\u00e9e encore. Le mercredi 15 octobre dernier, <strong>C\u00e9cile Glebeau<\/strong>, cavali\u00e8re et enseignante \u00e0 l\u2019<a href=\"https:\/\/www.facebook.com\/ecuriedupetitbarreau\/\">\u00c9curie du Petit-Barreau<\/a>, a organis\u00e9 une marche solidaire de 3 kilom\u00e8tres reliant la mairie au centre \u00e9questre.<\/p>\n\n\n\n<p>Sous un magnifique soleil, une vingtaine de marcheurs a pris part \u00e0 ce moment de convivialit\u00e9 et de solidarit\u00e9. Cette belle initiative a permis de r\u00e9colter des dons destin\u00e9s \u00e0 l\u2019association \u00ab <a href=\"https:\/\/personn-elles.wordpress.com\/\">Personn\u2019Elles<\/a> \u00bb, qui \u0153uvre pour informer sur le d\u00e9pistage du cancer du sein et accompagne les personnes concern\u00e9es par la maladie.<\/p>\n\n\n\n<p>Gr\u00e2ce \u00e0 l\u2019implication de tous, cette marche a non seulement permis de collecter des fonds, mais aussi de rappeler l\u2019importance du d\u00e9pistage pr\u00e9coce : d\u00e9tect\u00e9 \u00e0 temps, <strong>le cancer du sein peut aujourd\u2019hui \u00eatre gu\u00e9ri dans 90 % des cas.<\/strong><\/p>\n\n\n\n<p>La municipalit\u00e9 remercie chaleureusement C\u00e9cile Glebeau et l\u2019ensemble des participants pour leur engagement et leur g\u00e9n\u00e9rosit\u00e9 au service d\u2019une cause essentielle.<\/p>\n\n\n<div class=\"wp-block-image\">\n<figure class=\"aligncenter size-full is-resized\"><img loading=\"lazy\" decoding=\"async\" width=\"480\" height=\"360\" src=\"https:\/\/www.lefieu.fr\/wp-content\/uploads\/2021\/10\/IMG_70761.jpg\" alt=\"\" class=\"wp-image-1836\" style=\"width:628px;height:auto\" srcset=\"https:\/\/www.lefieu.fr\/wp-content\/uploads\/2021\/10\/IMG_70761.jpg 480w, https:\/\/www.lefieu.fr\/wp-content\/uploads\/2021\/10\/IMG_70761-300x225.jpg 300w\" sizes=\"auto, (max-width: 480px) 100vw, 480px\" \/><\/figure>\n<\/div>\n\n<div class=\"wp-block-image\">\n<figure class=\"aligncenter size-full is-resized\"><img loading=\"lazy\" decoding=\"async\" width=\"640\" height=\"480\" src=\"https:\/\/www.lefieu.fr\/wp-content\/uploads\/2021\/10\/IMG_70731.jpg\" alt=\"\" class=\"wp-image-1835\" style=\"width:632px;height:auto\" srcset=\"https:\/\/www.lefieu.fr\/wp-content\/uploads\/2021\/10\/IMG_70731.jpg 640w, https:\/\/www.lefieu.fr\/wp-content\/uploads\/2021\/10\/IMG_70731-300x225.jpg 300w\" sizes=\"auto, (max-width: 640px) 100vw, 640px\" \/><figcaption class=\"wp-element-caption\">La mairie aux couleurs d&#8217;Octobre rose <br><sup>(photos A. Rambaud)<\/sup><\/figcaption><\/figure>\n<\/div>","protected":false},"excerpt":{"rendered":"<p>Dans le cadre de la campagne nationale \u00ab Octobre Rose \u00bb, lanc\u00e9e en 1994 pour sensibiliser au d\u00e9pistage du cancer du sein, des habitants de Le Fieu se sont mobilis\u00e9s cette ann\u00e9e encore. Le mercredi 15 octobre dernier, C\u00e9cile Glebeau, cavali\u00e8re et enseignante \u00e0 l\u2019\u00c9curie du Petit-Barreau, a organis\u00e9 une [&hellip;]<\/p>\n","protected":false},"author":1,"featured_media":1835,"comment_status":"closed","ping_status":"closed","sticky":false,"template":"","format":"standard","meta":{"_s2mail":"","_themeisle_gutenberg_block_has_review":false,"footnotes":""},"categories":[14,6],"tags":[],"class_list":["post-4175","post","type-post","status-publish","format-standard","has-post-thumbnail","hentry","category-associations","category-informations"],"_links":{"self":[{"href":"https:\/\/www.lefieu.fr\/index.php\/wp-json\/wp\/v2\/posts\/4175","targetHints":{"allow":["GET"]}}],"collection":[{"href":"https:\/\/www.lefieu.fr\/index.php\/wp-json\/wp\/v2\/posts"}],"about":[{"href":"https:\/\/www.lefieu.fr\/index.php\/wp-json\/wp\/v2\/types\/post"}],"author":[{"embeddable":true,"href":"https:\/\/www.lefieu.fr\/index.php\/wp-json\/wp\/v2\/users\/1"}],"replies":[{"embeddable":true,"href":"https:\/\/www.lefieu.fr\/index.php\/wp-json\/wp\/v2\/comments?post=4175"}],"version-history":[{"count":2,"href":"https:\/\/www.lefieu.fr\/index.php\/wp-json\/wp\/v2\/posts\/4175\/revisions"}],"predecessor-version":[{"id":4177,"href":"https:\/\/www.lefieu.fr\/index.php\/wp-json\/wp\/v2\/posts\/4175\/revisions\/4177"}],"wp:featuredmedia":[{"embeddable":true,"href":"https:\/\/www.lefieu.fr\/index.php\/wp-json\/wp\/v2\/media\/1835"}],"wp:attachment":[{"href":"https:\/\/www.lefieu.fr\/index.php\/wp-json\/wp\/v2\/media?parent=4175"}],"wp:term":[{"taxonomy":"category","embeddable":true,"href":"https:\/\/www.lefieu.fr\/index.php\/wp-json\/wp\/v2\/categories?post=4175"},{"taxonomy":"post_tag","embeddable":true,"href":"https:\/\/www.lefieu.fr\/index.php\/wp-json\/wp\/v2\/tags?post=4175"}],"curies":[{"name":"wp","href":"https:\/\/api.w.org\/{rel}","templated":true}]}}