{"id":4333,"date":"2026-01-28T10:12:02","date_gmt":"2026-01-28T09:12:02","guid":{"rendered":"https:\/\/www.lefieu.fr\/?p=4333"},"modified":"2026-01-28T10:12:05","modified_gmt":"2026-01-28T09:12:05","slug":"derniers-voeux-de-mandat","status":"publish","type":"post","link":"https:\/\/www.lefieu.fr\/index.php\/2026\/01\/28\/derniers-voeux-de-mandat\/","title":{"rendered":"Derniers voeux de mandat !"},"content":{"rendered":"\n<p><strong>Un mandat marqu\u00e9 par les crises, l\u2019engagement collectif et une vision d\u2019avenir<\/strong><\/p>\n\n\n\n<p>\u00c0 l\u2019occasion de la c\u00e9r\u00e9monie des v\u0153ux 2026, le maire de Le Fieu a dress\u00e9 un panorama dense et engag\u00e9 de la vie communale, dans un contexte tout particulier de fin de mandature. Devant les habitants, il a rappel\u00e9 que ces six ann\u00e9es n\u2019auront \u00ab rien eu d\u2019ordinaire \u00bb, marqu\u00e9es par la crise sanitaire, la guerre en Ukraine, l\u2019inflation et la r\u00e9duction des moyens des collectivit\u00e9s, soulignant le r\u00f4le central des communes comme dernier rempart du lien r\u00e9publicain de proximit\u00e9.<\/p>\n\n\n\n<p>Apr\u00e8s un hommage appuy\u00e9 aux habitants, aux personnes isol\u00e9es, aux disparus de l\u2019ann\u00e9e et \u00e0 Jean-Claude Granger, ancien adjoint, il a tenu \u00e0 faire de ce rendez-vous un temps de rassemblement plut\u00f4t qu\u2019un bilan chiffr\u00e9, respectant le cadre pr\u00e9\u00e9lectoral. Michel VACHER a remerci\u00e9 l\u2019ensemble des forces vives du territoire : agents municipaux, \u00e9lus, b\u00e9n\u00e9voles associatifs, services de secours et partenaires institutionnels, rappelant que \u00ab rien ne se fait jamais seul \u00bb dans une commune.<\/p>\n\n\n\n<p>L\u2019ann\u00e9e 2025 a \u00e9t\u00e9 marqu\u00e9e par plusieurs projets structurants. Le plus embl\u00e9matique reste celui de la centrale photovolta\u00efque flottante sur l\u2019ancienne carri\u00e8re du Petit Enclos : un site de 17 hectares appel\u00e9 \u00e0 produire une \u00e9nergie renouvelable sans impact sur les terres agricoles. Port\u00e9 par Eiffage \u00c9nergie, la commune et le SDEEG, le projet a franchi des \u00e9tapes d\u00e9cisives avec le d\u00e9p\u00f4t du permis de construire et l\u2019annonce d\u2019un futur financement participatif ouvert aux habitants.<\/p>\n\n\n\n<p>Le Fieu a \u00e9galement b\u00e9n\u00e9fici\u00e9 d\u2019une reconnaissance nationale en accueillant une \u00e9tape du Forum mondial de l\u2019\u00c9conomie sociale et solidaire. Un symbole fort pour ce village rural de 500 habitants, qui revendique une solidarit\u00e9 de proximit\u00e9 ancr\u00e9e de longue date. Cette dynamique se retrouve dans des projets comme le tiers-lieu de l\u2019Usine V\u00e9g\u00e9tale ou la labellisation \u00ab Villages d\u2019Avenir \u00bb, obtenue en avril 2025, qui ouvre une r\u00e9flexion collective sur le bourg de demain, m\u00ealant patrimoine, transition \u00e9nerg\u00e9tique, lien social et innovation rurale.<\/p>\n\n\n\n<p>La commune a aussi poursuivi ses actions en faveur de l\u2019environnement et du cadre de vie : d\u00e9veloppement du parcours forestier dans la for\u00eat de la Double, cr\u00e9ation du sentier artistique des Petits Pas, replantation d\u2019arbres parrain\u00e9s par les enfants, gestion plus responsable des d\u00e9chets avec containers enterr\u00e9s et ma\u00eetrise de la hausse de la TEOM. Autant d\u2019initiatives salu\u00e9es comme des r\u00e9ussites collectives.<\/p>\n\n\n\n<p>Sur le plan patrimonial, l\u2019ann\u00e9e a \u00e9t\u00e9 marqu\u00e9e par le retour de la statue restaur\u00e9e de Saint-Nicolas dans l\u2019\u00e9glise, la relance du comit\u00e9 de soutien \u00e0 l\u2019\u00e9difice et la mise en valeur d\u2019\u00e9l\u00e9ments symboliques comme le puits du Petit Barreau ou la citoyennet\u00e9 d\u2019honneur attribu\u00e9e \u00e0 la rivi\u00e8re l\u2019Isle et \u00e0 son affluent le Courbarieu.<\/p>\n\n\n\n<p>S\u00e9curit\u00e9, voirie, \u00e9quipements communaux et vie associative ont \u00e9galement occup\u00e9 une place importante, avec la signature de la charte \u00ab Commune qui sauve \u00bb, la r\u00e9novation de la salle des f\u00eates, la s\u00e9curisation de secteurs routiers sensibles et le soutien constant aux associations locales, v\u00e9ritables piliers de la vie f\u00e9odienne.<\/p>\n\n\n\n<p>Dans un moment plus personnel et politique, le maire a enfin annonc\u00e9 sa candidature aux prochaines \u00e9lections municipales, affirmant sa volont\u00e9 de poursuivre le travail engag\u00e9 \u00ab dans un esprit de dialogue, de respect et de confiance \u00bb.<\/p>\n\n\n\n<p>La c\u00e9r\u00e9monie s\u2019est conclue par un hommage aux anciens maires \u00e0 travers l\u2019installation prochaine d\u2019une plaque comm\u00e9morative offerte \u00e0 la commune, symbole de la continuit\u00e9 et de l\u2019attachement au service public, avant un dernier message f\u00e9d\u00e9rateur : \u00ab Vive Le Fieu \u00bb.<\/p>\n\n\n<div class=\"wp-block-image\">\n<figure class=\"aligncenter size-large is-resized\"><img loading=\"lazy\" decoding=\"async\" width=\"1024\" height=\"559\" src=\"https:\/\/www.lefieu.fr\/wp-content\/uploads\/2026\/01\/825491755598688054-1024x559.jpg\" alt=\"\" class=\"wp-image-4334\" style=\"aspect-ratio:1.8319021331697676;width:760px;height:auto\" srcset=\"https:\/\/www.lefieu.fr\/wp-content\/uploads\/2026\/01\/825491755598688054-1024x559.jpg 1024w, https:\/\/www.lefieu.fr\/wp-content\/uploads\/2026\/01\/825491755598688054-300x164.jpg 300w, https:\/\/www.lefieu.fr\/wp-content\/uploads\/2026\/01\/825491755598688054-768x419.jpg 768w, https:\/\/www.lefieu.fr\/wp-content\/uploads\/2026\/01\/825491755598688054-1536x838.jpg 1536w, https:\/\/www.lefieu.fr\/wp-content\/uploads\/2026\/01\/825491755598688054.jpg 1794w\" sizes=\"auto, (max-width: 1024px) 100vw, 1024px\" \/><figcaption class=\"wp-element-caption\">Le Maire Michel Vacher entour\u00e9 par les \u00e9lus et les personnels municipaux, les s\u00e9natrices de la Gironde, la conseill\u00e8re d\u00e9partementale et les repr\u00e9sentants de la CALI et des syndicats intercommunaux locaux.<\/figcaption><\/figure>\n<\/div>\n\n<div class=\"wp-block-image\">\n<figure class=\"aligncenter size-large\"><img loading=\"lazy\" decoding=\"async\" width=\"1024\" height=\"388\" src=\"https:\/\/www.lefieu.fr\/wp-content\/uploads\/2026\/01\/IMG_3122-2-1024x388.jpg\" alt=\"\" class=\"wp-image-4337\" srcset=\"https:\/\/www.lefieu.fr\/wp-content\/uploads\/2026\/01\/IMG_3122-2-1024x388.jpg 1024w, https:\/\/www.lefieu.fr\/wp-content\/uploads\/2026\/01\/IMG_3122-2-300x114.jpg 300w, https:\/\/www.lefieu.fr\/wp-content\/uploads\/2026\/01\/IMG_3122-2-768x291.jpg 768w, https:\/\/www.lefieu.fr\/wp-content\/uploads\/2026\/01\/IMG_3122-2-1536x582.jpg 1536w, https:\/\/www.lefieu.fr\/wp-content\/uploads\/2026\/01\/IMG_3122-2-2048x777.jpg 2048w\" sizes=\"auto, (max-width: 1024px) 100vw, 1024px\" \/><figcaption class=\"wp-element-caption\">Une salle des f\u00eates attentive<\/figcaption><\/figure>\n<\/div>\n\n<div class=\"wp-block-image\">\n<figure class=\"aligncenter size-large is-resized\"><img loading=\"lazy\" decoding=\"async\" width=\"1024\" height=\"768\" src=\"https:\/\/www.lefieu.fr\/wp-content\/uploads\/2026\/01\/IMG_3147-1024x768.jpg\" alt=\"\" class=\"wp-image-4338\" style=\"aspect-ratio:1.3333416007341452;width:622px;height:auto\" srcset=\"https:\/\/www.lefieu.fr\/wp-content\/uploads\/2026\/01\/IMG_3147-1024x768.jpg 1024w, https:\/\/www.lefieu.fr\/wp-content\/uploads\/2026\/01\/IMG_3147-300x225.jpg 300w, https:\/\/www.lefieu.fr\/wp-content\/uploads\/2026\/01\/IMG_3147-768x576.jpg 768w, https:\/\/www.lefieu.fr\/wp-content\/uploads\/2026\/01\/IMG_3147-1536x1152.jpg 1536w, https:\/\/www.lefieu.fr\/wp-content\/uploads\/2026\/01\/IMG_3147-2048x1536.jpg 2048w\" sizes=\"auto, (max-width: 1024px) 100vw, 1024px\" \/><figcaption class=\"wp-element-caption\">Une splendide plaque honnorant les anciens maires offerte \u00e0 la commune par M. et Mme ROUFFIGNAC<\/figcaption><\/figure>\n<\/div>\n\n\n<p><\/p>\n","protected":false},"excerpt":{"rendered":"<p>Un mandat marqu\u00e9 par les crises, l\u2019engagement collectif et une vision d\u2019avenir \u00c0 l\u2019occasion de la c\u00e9r\u00e9monie des v\u0153ux 2026, le maire de Le Fieu a dress\u00e9 un panorama dense et engag\u00e9 de la vie communale, dans un contexte tout particulier de fin de mandature. Devant les habitants, il a [&hellip;]<\/p>\n","protected":false},"author":1,"featured_media":4337,"comment_status":"closed","ping_status":"closed","sticky":false,"template":"","format":"standard","meta":{"_s2mail":"","_themeisle_gutenberg_block_has_review":false,"footnotes":""},"categories":[3],"tags":[],"class_list":["post-4333","post","type-post","status-publish","format-standard","has-post-thumbnail","hentry","category-ceremonie"],"_links":{"self":[{"href":"https:\/\/www.lefieu.fr\/index.php\/wp-json\/wp\/v2\/posts\/4333","targetHints":{"allow":["GET"]}}],"collection":[{"href":"https:\/\/www.lefieu.fr\/index.php\/wp-json\/wp\/v2\/posts"}],"about":[{"href":"https:\/\/www.lefieu.fr\/index.php\/wp-json\/wp\/v2\/types\/post"}],"author":[{"embeddable":true,"href":"https:\/\/www.lefieu.fr\/index.php\/wp-json\/wp\/v2\/users\/1"}],"replies":[{"embeddable":true,"href":"https:\/\/www.lefieu.fr\/index.php\/wp-json\/wp\/v2\/comments?post=4333"}],"version-history":[{"count":2,"href":"https:\/\/www.lefieu.fr\/index.php\/wp-json\/wp\/v2\/posts\/4333\/revisions"}],"predecessor-version":[{"id":4340,"href":"https:\/\/www.lefieu.fr\/index.php\/wp-json\/wp\/v2\/posts\/4333\/revisions\/4340"}],"wp:featuredmedia":[{"embeddable":true,"href":"https:\/\/www.lefieu.fr\/index.php\/wp-json\/wp\/v2\/media\/4337"}],"wp:attachment":[{"href":"https:\/\/www.lefieu.fr\/index.php\/wp-json\/wp\/v2\/media?parent=4333"}],"wp:term":[{"taxonomy":"category","embeddable":true,"href":"https:\/\/www.lefieu.fr\/index.php\/wp-json\/wp\/v2\/categories?post=4333"},{"taxonomy":"post_tag","embeddable":true,"href":"https:\/\/www.lefieu.fr\/index.php\/wp-json\/wp\/v2\/tags?post=4333"}],"curies":[{"name":"wp","href":"https:\/\/api.w.org\/{rel}","templated":true}]}}