{"id":4508,"date":"2026-09-01T17:52:30","date_gmt":"2026-09-01T15:52:30","guid":{"rendered":"https:\/\/www.lefieu.fr\/?p=4508"},"modified":"2026-09-01T17:52:32","modified_gmt":"2026-09-01T15:52:32","slug":"le-fieu-au-rythme-de-lafrique","status":"publish","type":"post","link":"https:\/\/www.lefieu.fr\/index.php\/2026\/09\/01\/le-fieu-au-rythme-de-lafrique\/","title":{"rendered":"LE FIEU au rythme de l&#8217;Afrique !"},"content":{"rendered":"\n<p class=\"wp-block-paragraph\">Il est des soir\u00e9es que l\u2019on aimerait pouvoir prolonger encore un peu\u2026&nbsp;Le samedi 22 ao\u00fbt 2026, Le Fieu a v\u00e9cu l\u2019une de ces soir\u00e9es les plus intenses plac\u00e9e sous le signe de la musique, de l&#8217;\u00e9motion et de la danse.<\/p>\n\n\n\n<p class=\"wp-block-paragraph\">Pour cette nouvelle \u00e9dition du festival&nbsp;<strong>AFRICAFIEU 2026 organis\u00e9 par l\u2019<a href=\"https:\/\/www.facebook.com\/search\/top?q=bhantal%20africa\">association Bhantal Africa<\/a><\/strong>, la commune s\u2019est transform\u00e9e, le temps d\u2019une soir\u00e9e, en un formidable espace de rencontres, de musique, de danse et de partage.<\/p>\n\n\n\n<p class=\"wp-block-paragraph\">D\u00e8s les premiers instants, une atmosph\u00e8re chaleureuse s\u2019est install\u00e9e. Les sourires se sont multipli\u00e9s, les rythmes ont commenc\u00e9 \u00e0 r\u00e9sonner et, peu \u00e0 peu, habitants et visiteurs se sont retrouv\u00e9s autour d\u2019une m\u00eame envie :&nbsp;<strong>vivre pleinement cette belle f\u00eate des cultures africaines.<\/strong><\/p>\n\n\n\n<h3 class=\"wp-block-heading\">DJ Ibson, une mise en condition musicale<\/h3>\n\n\n\n<p class=\"wp-block-paragraph\">Le <strong>festival AFRICAFIEU<\/strong> s&#8217;est anim\u00e9 d\u00e8s la fin d&#8217;apr\u00e8s-midi avec la prestation de <strong><a href=\"https:\/\/www.youtube.com\/@djibsonofficial\">DJ Ibson<\/a><\/strong>, v\u00e9ritable sp\u00e9cialiste des platines. les sons fusent tr\u00e8s vite des \u00e9normes enceintes r\u00e9parties de chaque c\u00f4t\u00e9 de la sc\u00e8ne. Sur sa platine, <strong>DJ Ibson<\/strong> capte la foule et la met en condition pour la suite de la soir\u00e9e.<\/p>\n\n\n\n<h3 class=\"wp-block-heading\">Fanta Sissoko et Baouba, une premi\u00e8re invitation au voyage<\/h3>\n\n\n\n<p class=\"wp-block-paragraph\">La soir\u00e9e a \u00e9t\u00e9 magnifiquement port\u00e9e par la prestation de&nbsp;<a href=\"https:\/\/www.facebook.com\/fantasayon.sissoko\/\"><strong>Fanta Sissoko<\/strong> et ses musiciens<\/a>, qui a ouvert cette parenth\u00e8se musicale avec talent et g\u00e9n\u00e9rosit\u00e9.<\/p>\n\n\n\n<p class=\"wp-block-paragraph\">Sa pr\u00e9sence et son univers artistique ont imm\u00e9diatement capt\u00e9 l\u2019attention du public. Sa prestation a install\u00e9 cette atmosph\u00e8re si particuli\u00e8re qui allait accompagner toute la soir\u00e9e : une invitation au voyage, \u00e0 l&#8217;\u00e9coute et \u00e0 la d\u00e9couverte.<\/p>\n\n\n\n<p class=\"wp-block-paragraph\">Un premier moment fort qui a permis au public de se laisser progressivement emporter par les sonorit\u00e9s et les \u00e9motions d\u2019<strong>AFRICAFIEU<\/strong>.<\/p>\n\n\n\n<h3 class=\"wp-block-heading\">Mariaa SIGA, une voix qui a touch\u00e9 les c\u0153urs<\/h3>\n\n\n\n<p class=\"wp-block-paragraph\">Puis est venu le temps de retrouver sur sc\u00e8ne&nbsp;<strong><a href=\"https:\/\/www.facebook.com\/mariaasiga\">Mariaa SIGA<\/a><\/strong>, chanteuse internationale \u00e0 la voix sublime.<\/p>\n\n\n\n<p class=\"wp-block-paragraph\">Sa prestation restera sans aucun doute comme l\u2019un des grands moments de cette \u00e9dition.<\/p>\n\n\n\n<p class=\"wp-block-paragraph\">Avec une voix \u00e0 la fois puissante, chaleureuse et profond\u00e9ment habit\u00e9e, <strong>Mariaa SIGA<\/strong> a offert au public un v\u00e9ritable voyage musical. Sa pr\u00e9sence sur sc\u00e8ne, son \u00e9nergie et la sinc\u00e9rit\u00e9 de son interpr\u00e9tation ont cr\u00e9\u00e9 une communion particuli\u00e8re avec les spectateurs. Des ses pri\u00e8res musicales en passant par ses hommages \u00e0 la femme et la libert\u00e9, ses chansons ont donn\u00e9 une \u00e9motion incomparable \u00e0 faire dresser les poils sur les bras&#8230;<\/p>\n\n\n\n<p class=\"wp-block-paragraph\">Le public a \u00e9cout\u00e9, applaudi, chant\u00e9, vibr\u00e9.<\/p>\n\n\n\n<p class=\"wp-block-paragraph\"><strong>Pendant quelques instants, le temps semblait suspendu.<\/strong><\/p>\n\n\n\n<p class=\"wp-block-paragraph\">Il n\u2019y avait plus de distance entre la sc\u00e8ne et le public : seulement une voix, une musique et une \u00e9motion partag\u00e9e.<\/p>\n\n\n\n<p class=\"wp-block-paragraph\">Un moment pr\u00e9cieux, de ceux que l\u2019on garde longtemps en m\u00e9moire.<\/p>\n\n\n\n<h3 class=\"wp-block-heading\">\u00ab Tous ensemble \u00bb pour cl\u00f4turer le festival<\/h3>\n\n\n\n<p class=\"wp-block-paragraph\">Et pour terminer cette magnifique soir\u00e9e en beaut\u00e9, c\u2019est le groupe traditionnel de danseurs et musiciens&nbsp;<strong>\u00ab Tous ensemble \u00bb<\/strong>&nbsp;qui a eu l\u2019honneur de&nbsp;cl\u00f4turer le festival<strong> AFRICAFIEU 2026<\/strong>.<\/p>\n\n\n\n<p class=\"wp-block-paragraph\">Le choix du nom du groupe semblait alors particuli\u00e8rement symbolique mais c\u2019est v\u00e9ritablement&nbsp;<strong>tous ensemble<\/strong>&nbsp;que le public a v\u00e9cu les derniers instants de cette belle aventure. Les percussions ont fait vibrer la nuit et les danseurs ont enflamm\u00e9 la sc\u00e8ne. L\u2019\u00e9nergie communicative des artistes a gagn\u00e9 les spectateurs, qui n\u2019ont pas r\u00e9sist\u00e9 longtemps \u00e0 l\u2019envie de bouger, de danser et de c\u00e9l\u00e9brer.<\/p>\n\n\n\n<p class=\"wp-block-paragraph\">Les g\u00e9n\u00e9rations se sont m\u00eal\u00e9es, les sourires ont fleuri, les applaudissements se sont prolong\u00e9s. Une v\u00e9ritable f\u00eate collective pour refermer cette \u00e9dition d\u2019<strong>AFRICAFIEU.<\/strong><\/p>\n\n\n\n<h3 class=\"wp-block-heading\">Une soir\u00e9e qui restera dans les m\u00e9moires<\/h3>\n\n\n\n<p class=\"wp-block-paragraph\">Puis les derni\u00e8res notes ont fini par r\u00e9sonner. On aurait aim\u00e9 que la soir\u00e9e continue encore. Encore une chanson, encore quelques pas de danse, encore quelques minutes de cette incroyable \u00e9nergie. Mais si la musique s\u2019est tue,&nbsp;l\u2019\u00e9motion, elle, est rest\u00e9e.<\/p>\n\n\n\n<p class=\"wp-block-paragraph\">Le souvenir d\u2019une soir\u00e9e o\u00f9 les cultures se sont rencontr\u00e9es, o\u00f9 la musique a rapproch\u00e9 les g\u00e9n\u00e9rations et o\u00f9 Le Fieu a vibr\u00e9 d\u2019une \u00e9nergie singuli\u00e8re communiqu\u00e9e par cette musique africaine extraordinaire.<\/p>\n\n\n\n<p class=\"wp-block-paragraph\"><strong>AFRICAFIEU<\/strong> est bien plus qu\u2019un rendez-vous musical. C\u2019est une invitation \u00e0 d\u00e9couvrir, \u00e0 partager et \u00e0 ouvrir grand les portes de notre commune \u00e0 d\u2019autres horizons.<\/p>\n\n\n\n<h3 class=\"wp-block-heading\">Merci \u00e0 toutes celles et ceux qui ont fait vivre AFRICAFIEU<\/h3>\n\n\n\n<p class=\"wp-block-paragraph\">La commune du Fieu adresse un immense merci aux organisateurs ainsi qu&#8217;\u00e0 l&#8217;ensemble des artistes tels que <strong>DJ Ibson<\/strong>,&nbsp;<strong>Fanta Sissoko<\/strong>,&nbsp;<strong>Mariaa SIGA<\/strong>&nbsp;et le groupe&nbsp;<strong>\u00abTous ensemble\u00bb<\/strong>&nbsp;pour les \u00e9motions offertes au public.<\/p>\n\n\n\n<p class=\"wp-block-paragraph\">Merci \u00e9galement aux organisateurs, aux b\u00e9n\u00e9voles, aux partenaires, aux associations et \u00e0 toutes les personnes qui, par leur implication, ont permis \u00e0 cette belle soir\u00e9e d\u2019exister.<\/p>\n\n\n\n<p class=\"wp-block-paragraph\">Et surtout,&nbsp;<strong>merci au public<\/strong>, venu nombreux et enthousiaste.<\/p>\n\n\n\n<p class=\"wp-block-paragraph\">Les sourires, les applaudissements et l&#8217;\u00e9nergie ont fait de cette soir\u00e9e un moment v\u00e9ritablement exceptionnel.<\/p>\n\n\n\n<p class=\"wp-block-paragraph\"><strong>Le 22 ao\u00fbt 2026, Le Fieu a chant\u00e9, dans\u00e9 et vibr\u00e9 au rythme de l\u2019Afrique.<\/strong><\/p>\n\n\n\n<p class=\"wp-block-paragraph\">Une soir\u00e9e de musique, une soir\u00e9e de rencontres, une soir\u00e9e de partage&#8230;<\/p>\n\n\n\n<p class=\"wp-block-paragraph\">Et lorsque \u00ab Tous ensemble \u00bb a jou\u00e9 les derni\u00e8res notes du festival, une certitude demeurait :&nbsp;<strong>AFRICAFIEU a encore une fois r\u00e9ussi \u00e0 cr\u00e9er ce que les plus belles f\u00eates savent cr\u00e9er\u2026 un souvenir commun.<\/strong><\/p>\n\n\n\n<p class=\"wp-block-paragraph\">\u00c0 bient\u00f4t pour une nouvelle \u00e9dition !<\/p>\n\n\n<div class=\"wp-block-image\">\n<figure class=\"aligncenter size-full is-resized\"><img loading=\"lazy\" decoding=\"async\" width=\"631\" height=\"356\" src=\"https:\/\/www.lefieu.fr\/wp-content\/uploads\/2026\/09\/06952082-51E9-4C3E-A1B5-EC844924E3F9.png\" alt=\"\" class=\"wp-image-4511\" style=\"aspect-ratio:1.772505815739806;width:840px;height:auto\" srcset=\"https:\/\/www.lefieu.fr\/wp-content\/uploads\/2026\/09\/06952082-51E9-4C3E-A1B5-EC844924E3F9.png 631w, https:\/\/www.lefieu.fr\/wp-content\/uploads\/2026\/09\/06952082-51E9-4C3E-A1B5-EC844924E3F9-300x169.png 300w\" sizes=\"auto, (max-width: 631px) 100vw, 631px\" \/><figcaption class=\"wp-element-caption\">Les festivaliers arrivent peu \u00e0 peu&#8230; <br><sup>(Photo Michel Vacher)<\/sup><\/figcaption><\/figure>\n<\/div>\n\n\n<figure class=\"wp-block-video aligncenter\"><video height=\"1080\" style=\"aspect-ratio: 1920 \/ 1080;\" width=\"1920\" controls src=\"https:\/\/www.lefieu.fr\/wp-content\/uploads\/2026\/09\/1a.mp4\"><\/video><figcaption class=\"wp-element-caption\">Fanta Sissouko charme le public <br><sup> (vid\u00e9o Alain Rambaud)<\/sup><\/figcaption><\/figure>\n\n\n\n<figure class=\"wp-block-video aligncenter\"><video height=\"1080\" style=\"aspect-ratio: 1920 \/ 1080;\" width=\"1920\" controls src=\"https:\/\/www.lefieu.fr\/wp-content\/uploads\/2026\/09\/2a.mp4\"><\/video><figcaption class=\"wp-element-caption\">Mariaa Siga enchante le public avec ses chansons charg\u00e9es d&#8217;\u00e9motion <br><sup> (vid\u00e9o Alain Rambaud)<\/sup><\/figcaption><\/figure>\n\n\n\n<figure class=\"wp-block-video aligncenter\"><video height=\"1080\" style=\"aspect-ratio: 1920 \/ 1080;\" width=\"1920\" controls src=\"https:\/\/www.lefieu.fr\/wp-content\/uploads\/2026\/09\/3a.mp4\"><\/video><figcaption class=\"wp-element-caption\">Le rythme incroyable du groupe traditionnel &#8220;Tous ensemble&#8221; <br><sup> (vid\u00e9o Alain Rambaud)<\/sup><\/figcaption><\/figure>\n","protected":false},"excerpt":{"rendered":"<p>Il est des soir\u00e9es que l\u2019on aimerait pouvoir prolonger encore un peu\u2026&nbsp;Le samedi 22 ao\u00fbt 2026, Le Fieu a v\u00e9cu l\u2019une de ces soir\u00e9es les plus intenses plac\u00e9e sous le signe de la musique, de l&#8217;\u00e9motion et de la danse. Pour cette nouvelle \u00e9dition du festival&nbsp;AFRICAFIEU 2026 organis\u00e9 par l\u2019association [&hellip;]<\/p>\n","protected":false},"author":1,"featured_media":4518,"comment_status":"closed","ping_status":"closed","sticky":false,"template":"","format":"standard","meta":{"_s2mail":"","_themeisle_gutenberg_block_has_review":false,"footnotes":""},"categories":[14,6],"tags":[],"class_list":["post-4508","post","type-post","status-publish","format-standard","has-post-thumbnail","hentry","category-associations","category-informations"],"_links":{"self":[{"href":"https:\/\/www.lefieu.fr\/index.php\/wp-json\/wp\/v2\/posts\/4508","targetHints":{"allow":["GET"]}}],"collection":[{"href":"https:\/\/www.lefieu.fr\/index.php\/wp-json\/wp\/v2\/posts"}],"about":[{"href":"https:\/\/www.lefieu.fr\/index.php\/wp-json\/wp\/v2\/types\/post"}],"author":[{"embeddable":true,"href":"https:\/\/www.lefieu.fr\/index.php\/wp-json\/wp\/v2\/users\/1"}],"replies":[{"embeddable":true,"href":"https:\/\/www.lefieu.fr\/index.php\/wp-json\/wp\/v2\/comments?post=4508"}],"version-history":[{"count":4,"href":"https:\/\/www.lefieu.fr\/index.php\/wp-json\/wp\/v2\/posts\/4508\/revisions"}],"predecessor-version":[{"id":4516,"href":"https:\/\/www.lefieu.fr\/index.php\/wp-json\/wp\/v2\/posts\/4508\/revisions\/4516"}],"wp:featuredmedia":[{"embeddable":true,"href":"https:\/\/www.lefieu.fr\/index.php\/wp-json\/wp\/v2\/media\/4518"}],"wp:attachment":[{"href":"https:\/\/www.lefieu.fr\/index.php\/wp-json\/wp\/v2\/media?parent=4508"}],"wp:term":[{"taxonomy":"category","embeddable":true,"href":"https:\/\/www.lefieu.fr\/index.php\/wp-json\/wp\/v2\/categories?post=4508"},{"taxonomy":"post_tag","embeddable":true,"href":"https:\/\/www.lefieu.fr\/index.php\/wp-json\/wp\/v2\/tags?post=4508"}],"curies":[{"name":"wp","href":"https:\/\/api.w.org\/{rel}","templated":true}]}}