{"id":650,"date":"2020-07-14T10:02:22","date_gmt":"2020-07-14T08:02:22","guid":{"rendered":"http:\/\/www.lefieu.fr\/?p=650"},"modified":"2024-04-12T09:55:13","modified_gmt":"2024-04-12T07:55:13","slug":"feux-de-foret","status":"publish","type":"post","link":"https:\/\/www.lefieu.fr\/index.php\/2020\/07\/14\/feux-de-foret\/","title":{"rendered":"Feux de for\u00eat"},"content":{"rendered":"\n<h1 class=\"wp-block-heading\">R\u00e8glement Interd\u00e9partemental de protection de la for\u00eat contre les incendies<\/h1>\n\n\n\n<figure class=\"wp-block-image size-large\"><img loading=\"lazy\" decoding=\"async\" width=\"1024\" height=\"561\" src=\"https:\/\/www.lefieu.fr\/wp-content\/uploads\/2020\/07\/2020-07-14_09h59_16-1024x561.png\" alt=\"\" class=\"wp-image-652\" srcset=\"https:\/\/www.lefieu.fr\/wp-content\/uploads\/2020\/07\/2020-07-14_09h59_16-1024x561.png 1024w, https:\/\/www.lefieu.fr\/wp-content\/uploads\/2020\/07\/2020-07-14_09h59_16-300x164.png 300w, https:\/\/www.lefieu.fr\/wp-content\/uploads\/2020\/07\/2020-07-14_09h59_16-768x420.png 768w, https:\/\/www.lefieu.fr\/wp-content\/uploads\/2020\/07\/2020-07-14_09h59_16.png 1224w\" sizes=\"auto, (max-width: 1024px) 100vw, 1024px\" \/><\/figure>\n\n\n\n<p>La r\u00e9gion Nouvelle-Aquitaine est la premi\u00e8re r\u00e9gion foresti\u00e8re de France avec 2,8 millions d\u2019hectares de for\u00eat. Le massif des Landes de Gascogne qui couvre une partie des d\u00e9partements de la Gironde, des Landes et du Lot-et-Garonne, offre une opportunit\u00e9 \u00e9conomique et environnementale certaine, mais repr\u00e9sente aussi une menace permanente pour la s\u00e9curit\u00e9 des personnes et des biens.<\/p>\n\n\n\n<p>Avec respectivement 159, 186 et 35 communes foresti\u00e8res, la Gironde, les Landes et le Lot-et-Garonne doivent faire face aux m\u00eames enjeux et aux m\u00eames risques concernant les feux de for\u00eat.<\/p>\n\n\n\n<p>En effet, sur la seule ann\u00e9e 2017, 747 feux ont d\u00e9truit 3 188 hectares de for\u00eat dont 1 075 hectares sur la commune de Cissac-M\u00e9doc au mois d&#8217;avril. En 2019, 833 feux ont d\u00e9truit 778 hectares de for\u00eat dans ces trois d\u00e9partements.<\/p>\n\n\n\n<h3 class=\"wp-block-heading\"><strong>Un r\u00e8glement unique interd\u00e9partemental de protection de la for\u00eat contre les incendies<\/strong><\/h3>\n\n\n\n<p>Ce constat a conduit les trois pr\u00e9fectures \u00e0 harmoniser les r\u00e9glementations en vigueur sur leur d\u00e9partement, pour mieux prot\u00e9ger la for\u00eat contre les incendies \u00e0 l\u2019\u00e9chelle du massif des Landes de Gascogne en concertation avec les associations de d\u00e9fense de la for\u00eat contre les incendies (DFCI), les services d\u00e9partementaux d\u2019incendies et de secours (SDIS), l\u2019office national des for\u00eats et avec les maires des principales communes foresti\u00e8res concern\u00e9es des trois d\u00e9partements ainsi que les syndicats de sylviculteurs.<\/p>\n\n\n\n<p>D\u00e9sormais, ces trois d\u00e9partements disposent d\u2019<strong>un r\u00e8glement interd\u00e9partemental de protection de la for\u00eat contre les incendies<\/strong>.<\/p>\n\n\n\n<p>Ce r\u00e8glement vise \u00e0 mieux pr\u00e9venir les incendies de for\u00eat, \u00e0 faciliter les interventions des services et \u00e0 limiter les cons\u00e9quences, que ce soit par le d\u00e9broussaillement, la limitation de l\u2019apport du feu ou la r\u00e9glementation des activit\u00e9s en for\u00eat sur les d\u00e9partements de la Gironde, des Landes et du Lot-et-Garonne.<\/p>\n\n\n\n<h3 class=\"wp-block-heading\"><strong>5 niveaux croissants de vigilance<\/strong><\/h3>\n\n\n\n<p>\u2192 Le vert (faible) et le jaune (moyen) sont d\u00e9termin\u00e9s en fonction de la p\u00e9riode.<br>\u2192 Le orange (risque \u00e9lev\u00e9), le rouge (tr\u00e8s \u00e9lev\u00e9) et le noir (exceptionnel) sont d\u00e9termin\u00e9s par le pr\u00e9fet de chaque d\u00e9partement.<\/p>\n\n\n\n<p>En fonction de ces vigilances, le r\u00e8glement pr\u00e9sente les diff\u00e9rentes mesures \u00e0 respecter comme l\u2019obligation g\u00e9n\u00e9rale de d\u00e9broussaillement, l\u2019interdiction du br\u00fblage \u00e0 l\u2019air libre des d\u00e9chets verts ou encore l\u2019interdiction de fumer ou d\u2019allumer un barbecue en p\u00e9riode jaune, orange, rouge ou noire dans les espaces expos\u00e9s des communes \u00e0 dominante foresti\u00e8re.<\/p>\n\n\n\n<p>Pour prendre connaissance des consignes, consulter le fichier ci-dessous :<\/p>\n\n\n\n<div class=\"wp-block-file\"><a href=\"https:\/\/www.lefieu.fr\/wp-content\/uploads\/2020\/07\/Prote\u0301geons-les-fore\u0302ts-affiche2020.pdf\">Prote\u0301geons-les-fore\u0302ts-affiche2020<\/a><a href=\"https:\/\/www.lefieu.fr\/wp-content\/uploads\/2020\/07\/Prote\u0301geons-les-fore\u0302ts-affiche2020.pdf\" class=\"wp-block-file__button\" download>T\u00e9l\u00e9charger<\/a><\/div>\n\n\n\n<p><\/p>\n","protected":false},"excerpt":{"rendered":"<p>R\u00e8glement Interd\u00e9partemental de protection de la for\u00eat contre les incendies La r\u00e9gion Nouvelle-Aquitaine est la premi\u00e8re r\u00e9gion foresti\u00e8re de France avec 2,8 millions d\u2019hectares de for\u00eat. Le massif des Landes de Gascogne qui couvre une partie des d\u00e9partements de la Gironde, des Landes et du Lot-et-Garonne, offre une opportunit\u00e9 \u00e9conomique [&hellip;]<\/p>\n","protected":false},"author":1,"featured_media":653,"comment_status":"closed","ping_status":"closed","sticky":false,"template":"","format":"standard","meta":{"_s2mail":"yes","_themeisle_gutenberg_block_has_review":false,"footnotes":""},"categories":[6,12],"tags":[],"class_list":["post-650","post","type-post","status-publish","format-standard","has-post-thumbnail","hentry","category-informations","category-municipalite"],"_links":{"self":[{"href":"https:\/\/www.lefieu.fr\/index.php\/wp-json\/wp\/v2\/posts\/650","targetHints":{"allow":["GET"]}}],"collection":[{"href":"https:\/\/www.lefieu.fr\/index.php\/wp-json\/wp\/v2\/posts"}],"about":[{"href":"https:\/\/www.lefieu.fr\/index.php\/wp-json\/wp\/v2\/types\/post"}],"author":[{"embeddable":true,"href":"https:\/\/www.lefieu.fr\/index.php\/wp-json\/wp\/v2\/users\/1"}],"replies":[{"embeddable":true,"href":"https:\/\/www.lefieu.fr\/index.php\/wp-json\/wp\/v2\/comments?post=650"}],"version-history":[{"count":2,"href":"https:\/\/www.lefieu.fr\/index.php\/wp-json\/wp\/v2\/posts\/650\/revisions"}],"predecessor-version":[{"id":3452,"href":"https:\/\/www.lefieu.fr\/index.php\/wp-json\/wp\/v2\/posts\/650\/revisions\/3452"}],"wp:featuredmedia":[{"embeddable":true,"href":"https:\/\/www.lefieu.fr\/index.php\/wp-json\/wp\/v2\/media\/653"}],"wp:attachment":[{"href":"https:\/\/www.lefieu.fr\/index.php\/wp-json\/wp\/v2\/media?parent=650"}],"wp:term":[{"taxonomy":"category","embeddable":true,"href":"https:\/\/www.lefieu.fr\/index.php\/wp-json\/wp\/v2\/categories?post=650"},{"taxonomy":"post_tag","embeddable":true,"href":"https:\/\/www.lefieu.fr\/index.php\/wp-json\/wp\/v2\/tags?post=650"}],"curies":[{"name":"wp","href":"https:\/\/api.w.org\/{rel}","templated":true}]}}