{"id":693,"date":"2020-07-31T21:30:29","date_gmt":"2020-07-31T19:30:29","guid":{"rendered":"http:\/\/www.lefieu.fr\/?p=693"},"modified":"2020-10-04T18:38:19","modified_gmt":"2020-10-04T16:38:19","slug":"le-k-fe-est-ouvert","status":"publish","type":"post","link":"https:\/\/www.lefieu.fr\/index.php\/2020\/07\/31\/le-k-fe-est-ouvert\/","title":{"rendered":"Le K-F\u00e9 est ouvert !"},"content":{"rendered":"\n<div class=\"wp-block-image is-style-rounded\"><figure class=\"aligncenter size-large is-resized\"><img loading=\"lazy\" decoding=\"async\" src=\"http:\/\/www.lefieu.fr\/wp-content\/uploads\/2020\/07\/20200727_111512-1024x576.jpg\" alt=\"\" class=\"wp-image-694\" width=\"440\" height=\"247\" srcset=\"https:\/\/www.lefieu.fr\/wp-content\/uploads\/2020\/07\/20200727_111512-1024x576.jpg 1024w, https:\/\/www.lefieu.fr\/wp-content\/uploads\/2020\/07\/20200727_111512-300x169.jpg 300w, https:\/\/www.lefieu.fr\/wp-content\/uploads\/2020\/07\/20200727_111512-768x432.jpg 768w, https:\/\/www.lefieu.fr\/wp-content\/uploads\/2020\/07\/20200727_111512-1536x864.jpg 1536w, https:\/\/www.lefieu.fr\/wp-content\/uploads\/2020\/07\/20200727_111512-2048x1152.jpg 2048w\" sizes=\"auto, (max-width: 440px) 100vw, 440px\" \/><\/figure><\/div>\n\n\n\n<p>Comme pr\u00e9vu, le K-F\u00e9 a ouvert ses portes apr\u00e8s de multiples travaux d&#8217;am\u00e9nagement. Situ\u00e9 au centre de notre village, le K-F\u00e9 accueille la client\u00e8le avec son bar, tabac, \u00e9picerie, d\u00e9p\u00f4t de pains et du journal Sud-Ouest.<\/p>\n\n\n\n<p>D\u00e8s son ouverture, la client\u00e8le \u00e9tait au rendez-vous. Depuis, la fr\u00e9quentation de cet \u00e9tablissement continue d&#8217;\u00eatre encourageante pour Emmanuelle et Thierry.<\/p>\n\n\n\n<p>Toujours avec le sourire des deux g\u00e9rants, vous pourrez d\u00e9guster un caf\u00e9 incomparable ou profiter d&#8217;une boisson rafra\u00eechissante sur la terrasse ombrag\u00e9e. Le K-F\u00e9 est devenu le centre de la convivialit\u00e9 f\u00e9odienne et de la bonne humeur que certains clients de communes avoisinantes viennent ais\u00e9ment et souvent partager.<\/p>\n\n\n\n<p>De son c\u00f4t\u00e9, l&#8217;\u00e9picerie offre quant \u00e0 elle les produits de premi\u00e8re n\u00e9cessit\u00e9 dont la qualit\u00e9 n&#8217;est pas \u00e0 discuter. De m\u00eame, vous pourrez y acheter votre pain et votre journal sans avoir \u00e0 r\u00e9aliser une dizaine de kilom\u00e8tres hors des limites communales.<\/p>\n\n\n\n<p>Ce commerce est un \u00e9l\u00e9ment moteur de la vie paisible de notre village. A nous de le faire vivre pour le bien-\u00eatre que nous souhaitons pour le Fieu !<\/p>\n\n\n\n<div class=\"wp-block-image\"><figure class=\"aligncenter size-large is-resized\"><img loading=\"lazy\" decoding=\"async\" src=\"http:\/\/www.lefieu.fr\/wp-content\/uploads\/2020\/07\/115735157_157000412714037_1260856754739922384_o.jpg\" alt=\"\" class=\"wp-image-696\" width=\"369\" height=\"493\" srcset=\"https:\/\/www.lefieu.fr\/wp-content\/uploads\/2020\/07\/115735157_157000412714037_1260856754739922384_o.jpg 718w, https:\/\/www.lefieu.fr\/wp-content\/uploads\/2020\/07\/115735157_157000412714037_1260856754739922384_o-224x300.jpg 224w\" sizes=\"auto, (max-width: 369px) 100vw, 369px\" \/><figcaption>Emmanuelle et Thierry<\/figcaption><\/figure><\/div>\n\n\n\n<div class=\"wp-block-image\"><figure class=\"aligncenter size-large is-resized\"><img loading=\"lazy\" decoding=\"async\" src=\"http:\/\/www.lefieu.fr\/wp-content\/uploads\/2020\/07\/IMG_27651-715x1024.jpg\" alt=\"\" class=\"wp-image-697\" width=\"377\" height=\"539\" srcset=\"https:\/\/www.lefieu.fr\/wp-content\/uploads\/2020\/07\/IMG_27651-715x1024.jpg 715w, https:\/\/www.lefieu.fr\/wp-content\/uploads\/2020\/07\/IMG_27651-209x300.jpg 209w, https:\/\/www.lefieu.fr\/wp-content\/uploads\/2020\/07\/IMG_27651.jpg 754w\" sizes=\"auto, (max-width: 377px) 100vw, 377px\" \/><figcaption>Une pression ?!<\/figcaption><\/figure><\/div>\n\n\n\n<div class=\"wp-block-image\"><figure class=\"aligncenter size-large is-resized\"><img loading=\"lazy\" decoding=\"async\" src=\"http:\/\/www.lefieu.fr\/wp-content\/uploads\/2020\/07\/IMG_27681-1024x768.jpg\" alt=\"\" class=\"wp-image-698\" width=\"425\" height=\"319\" srcset=\"https:\/\/www.lefieu.fr\/wp-content\/uploads\/2020\/07\/IMG_27681-1024x768.jpg 1024w, https:\/\/www.lefieu.fr\/wp-content\/uploads\/2020\/07\/IMG_27681-300x225.jpg 300w, https:\/\/www.lefieu.fr\/wp-content\/uploads\/2020\/07\/IMG_27681-768x576.jpg 768w, https:\/\/www.lefieu.fr\/wp-content\/uploads\/2020\/07\/IMG_27681.jpg 1080w\" sizes=\"auto, (max-width: 425px) 100vw, 425px\" \/><figcaption>La salle &#8230;<\/figcaption><\/figure><\/div>\n\n\n\n<div class=\"wp-block-image\"><figure class=\"aligncenter size-large is-resized\"><img loading=\"lazy\" decoding=\"async\" src=\"http:\/\/www.lefieu.fr\/wp-content\/uploads\/2020\/07\/IMG_27691-1024x768.jpg\" alt=\"\" class=\"wp-image-699\" width=\"427\" height=\"320\" srcset=\"https:\/\/www.lefieu.fr\/wp-content\/uploads\/2020\/07\/IMG_27691-1024x768.jpg 1024w, https:\/\/www.lefieu.fr\/wp-content\/uploads\/2020\/07\/IMG_27691-300x225.jpg 300w, https:\/\/www.lefieu.fr\/wp-content\/uploads\/2020\/07\/IMG_27691-768x576.jpg 768w, https:\/\/www.lefieu.fr\/wp-content\/uploads\/2020\/07\/IMG_27691.jpg 1080w\" sizes=\"auto, (max-width: 427px) 100vw, 427px\" \/><figcaption>Pour un bon moment entre amis&#8230;<\/figcaption><\/figure><\/div>\n\n\n\n<div class=\"wp-block-image\"><figure class=\"aligncenter size-large is-resized\"><img loading=\"lazy\" decoding=\"async\" src=\"http:\/\/www.lefieu.fr\/wp-content\/uploads\/2020\/07\/IMG_27701-1024x768.jpg\" alt=\"\" class=\"wp-image-700\" width=\"446\" height=\"335\" srcset=\"https:\/\/www.lefieu.fr\/wp-content\/uploads\/2020\/07\/IMG_27701-1024x768.jpg 1024w, https:\/\/www.lefieu.fr\/wp-content\/uploads\/2020\/07\/IMG_27701-300x225.jpg 300w, https:\/\/www.lefieu.fr\/wp-content\/uploads\/2020\/07\/IMG_27701-768x576.jpg 768w, https:\/\/www.lefieu.fr\/wp-content\/uploads\/2020\/07\/IMG_27701.jpg 1080w\" sizes=\"auto, (max-width: 446px) 100vw, 446px\" \/><\/figure><\/div>\n\n\n\n<div class=\"wp-block-image\"><figure class=\"aligncenter size-large is-resized\"><img loading=\"lazy\" decoding=\"async\" src=\"http:\/\/www.lefieu.fr\/wp-content\/uploads\/2020\/07\/109840742_157000649380680_6566727758198888197_o-1024x768.jpg\" alt=\"\" class=\"wp-image-703\" width=\"563\" height=\"422\" srcset=\"https:\/\/www.lefieu.fr\/wp-content\/uploads\/2020\/07\/109840742_157000649380680_6566727758198888197_o-1024x768.jpg 1024w, https:\/\/www.lefieu.fr\/wp-content\/uploads\/2020\/07\/109840742_157000649380680_6566727758198888197_o-300x225.jpg 300w, https:\/\/www.lefieu.fr\/wp-content\/uploads\/2020\/07\/109840742_157000649380680_6566727758198888197_o-768x576.jpg 768w, https:\/\/www.lefieu.fr\/wp-content\/uploads\/2020\/07\/109840742_157000649380680_6566727758198888197_o-1536x1152.jpg 1536w, https:\/\/www.lefieu.fr\/wp-content\/uploads\/2020\/07\/109840742_157000649380680_6566727758198888197_o.jpg 2048w\" sizes=\"auto, (max-width: 563px) 100vw, 563px\" \/><figcaption>La terrasse ombrag\u00e9e pour un instant de bien-vivre&#8230;<\/figcaption><\/figure><\/div>\n","protected":false},"excerpt":{"rendered":"<p>Comme pr\u00e9vu, le K-F\u00e9 a ouvert ses portes apr\u00e8s de multiples travaux d&#8217;am\u00e9nagement. Situ\u00e9 au centre de notre village, le K-F\u00e9 accueille la client\u00e8le avec son bar, tabac, \u00e9picerie, d\u00e9p\u00f4t de pains et du journal Sud-Ouest. D\u00e8s son ouverture, la client\u00e8le \u00e9tait au rendez-vous. Depuis, la fr\u00e9quentation de cet \u00e9tablissement [&hellip;]<\/p>\n","protected":false},"author":1,"featured_media":702,"comment_status":"closed","ping_status":"closed","sticky":false,"template":"","format":"standard","meta":{"_s2mail":"","_themeisle_gutenberg_block_has_review":false,"footnotes":""},"categories":[20,6],"tags":[],"class_list":["post-693","post","type-post","status-publish","format-standard","has-post-thumbnail","hentry","category-economie","category-informations"],"_links":{"self":[{"href":"https:\/\/www.lefieu.fr\/index.php\/wp-json\/wp\/v2\/posts\/693","targetHints":{"allow":["GET"]}}],"collection":[{"href":"https:\/\/www.lefieu.fr\/index.php\/wp-json\/wp\/v2\/posts"}],"about":[{"href":"https:\/\/www.lefieu.fr\/index.php\/wp-json\/wp\/v2\/types\/post"}],"author":[{"embeddable":true,"href":"https:\/\/www.lefieu.fr\/index.php\/wp-json\/wp\/v2\/users\/1"}],"replies":[{"embeddable":true,"href":"https:\/\/www.lefieu.fr\/index.php\/wp-json\/wp\/v2\/comments?post=693"}],"version-history":[{"count":3,"href":"https:\/\/www.lefieu.fr\/index.php\/wp-json\/wp\/v2\/posts\/693\/revisions"}],"predecessor-version":[{"id":990,"href":"https:\/\/www.lefieu.fr\/index.php\/wp-json\/wp\/v2\/posts\/693\/revisions\/990"}],"wp:featuredmedia":[{"embeddable":true,"href":"https:\/\/www.lefieu.fr\/index.php\/wp-json\/wp\/v2\/media\/702"}],"wp:attachment":[{"href":"https:\/\/www.lefieu.fr\/index.php\/wp-json\/wp\/v2\/media?parent=693"}],"wp:term":[{"taxonomy":"category","embeddable":true,"href":"https:\/\/www.lefieu.fr\/index.php\/wp-json\/wp\/v2\/categories?post=693"},{"taxonomy":"post_tag","embeddable":true,"href":"https:\/\/www.lefieu.fr\/index.php\/wp-json\/wp\/v2\/tags?post=693"}],"curies":[{"name":"wp","href":"https:\/\/api.w.org\/{rel}","templated":true}]}}