{"id":707,"date":"2020-07-31T22:04:27","date_gmt":"2020-07-31T20:04:27","guid":{"rendered":"http:\/\/www.lefieu.fr\/?p=707"},"modified":"2020-08-01T09:53:53","modified_gmt":"2020-08-01T07:53:53","slug":"un-eclairage-pour-st-nicolas","status":"publish","type":"post","link":"https:\/\/www.lefieu.fr\/index.php\/2020\/07\/31\/un-eclairage-pour-st-nicolas\/","title":{"rendered":"Un \u00e9clairage pour St Nicolas !"},"content":{"rendered":"\n<div class=\"wp-block-image\"><figure class=\"aligncenter size-large is-resized\"><img loading=\"lazy\" decoding=\"async\" src=\"http:\/\/www.lefieu.fr\/wp-content\/uploads\/2020\/07\/2020-07-28_14h23_40-1024x687.png\" alt=\"\" class=\"wp-image-708\" width=\"450\" height=\"302\" srcset=\"https:\/\/www.lefieu.fr\/wp-content\/uploads\/2020\/07\/2020-07-28_14h23_40-1024x687.png 1024w, https:\/\/www.lefieu.fr\/wp-content\/uploads\/2020\/07\/2020-07-28_14h23_40-300x201.png 300w, https:\/\/www.lefieu.fr\/wp-content\/uploads\/2020\/07\/2020-07-28_14h23_40-768x515.png 768w, https:\/\/www.lefieu.fr\/wp-content\/uploads\/2020\/07\/2020-07-28_14h23_40.png 1304w\" sizes=\"auto, (max-width: 450px) 100vw, 450px\" \/><figcaption>Vue a\u00e9rienne de l&#8217;\u00e9glise St Nicolas &#8211; Le Fieu<\/figcaption><\/figure><\/div>\n\n\n\n<p>Comme tous les b\u00e2timents communaux, l&#8217;<strong>\u00e9glise St Nicolas<\/strong> doit \u00eatre entretenue par la commune&#8230;<\/p>\n\n\n\n<p>Depuis son arriv\u00e9e dans les paroisses de Gu\u00eetres, St Denis de Pile et de Coutras, le <strong>P\u00e8re Benjamin TINE<\/strong> a souhait\u00e9 faire revivre l&#8217;activit\u00e9 notre clocher et a voulu ainsi qu&#8217;une messe soit c\u00e9l\u00e9br\u00e9e tous les premiers mercredis de chaque mois (<em>17h<\/em>) en notre \u00e9glise St Nicolas.<\/p>\n\n\n\n<p>Dans ce contexte, il \u00e9tait encore plus important de proc\u00e9der \u00e0 des travaux d&#8217;entretien (<em>quelques interventions ponctuelles en toiture, support de cloche,&#8230;<\/em>) et \u00e0 des travaux d&#8217;investissement.<\/p>\n\n\n\n<p>C&#8217;est ainsi qu&#8217;apr\u00e8s l&#8217;installation du <strong>chauffage<\/strong> en fin 2019 pour prot\u00e9ger le b\u00e2timent de la tr\u00e8s forte humidit\u00e9 qui y r\u00e9gnait, la municipalit\u00e9 a d\u00e9cid\u00e9, cette ann\u00e9e, de r\u00e9nover l&#8217;\u00e9clairage en installant de <strong>nouveaux projecteurs dans la nef et le transept<\/strong>. <\/p>\n\n\n\n<p>  <\/p>\n\n\n\n<p><\/p>\n\n\n\n<figure class=\"wp-block-image size-large\"><img loading=\"lazy\" decoding=\"async\" width=\"1024\" height=\"576\" src=\"http:\/\/www.lefieu.fr\/wp-content\/uploads\/2020\/07\/20200727_111922-1024x576.jpg\" alt=\"\" class=\"wp-image-711\" srcset=\"https:\/\/www.lefieu.fr\/wp-content\/uploads\/2020\/07\/20200727_111922-1024x576.jpg 1024w, https:\/\/www.lefieu.fr\/wp-content\/uploads\/2020\/07\/20200727_111922-300x169.jpg 300w, https:\/\/www.lefieu.fr\/wp-content\/uploads\/2020\/07\/20200727_111922-768x432.jpg 768w, https:\/\/www.lefieu.fr\/wp-content\/uploads\/2020\/07\/20200727_111922-1536x864.jpg 1536w, https:\/\/www.lefieu.fr\/wp-content\/uploads\/2020\/07\/20200727_111922-2048x1152.jpg 2048w\" sizes=\"auto, (max-width: 1024px) 100vw, 1024px\" \/><figcaption>Pose des nouveaux projecteurs<\/figcaption><\/figure>\n\n\n\n<div class=\"wp-block-image\"><figure class=\"aligncenter size-large\"><img loading=\"lazy\" decoding=\"async\" width=\"360\" height=\"480\" src=\"http:\/\/www.lefieu.fr\/wp-content\/uploads\/2020\/08\/IMG_28691.jpg\" alt=\"\" class=\"wp-image-724\" srcset=\"https:\/\/www.lefieu.fr\/wp-content\/uploads\/2020\/08\/IMG_28691.jpg 360w, https:\/\/www.lefieu.fr\/wp-content\/uploads\/2020\/08\/IMG_28691-225x300.jpg 225w\" sizes=\"auto, (max-width: 360px) 100vw, 360px\" \/><figcaption>Nouvel \u00e9clairage de la nef, du transept et des collat\u00e9raux<\/figcaption><\/figure><\/div>\n\n\n\n<figure class=\"wp-block-image size-large\"><img loading=\"lazy\" decoding=\"async\" width=\"640\" height=\"480\" src=\"http:\/\/www.lefieu.fr\/wp-content\/uploads\/2020\/08\/IMG_28741.jpg\" alt=\"\" class=\"wp-image-725\" srcset=\"https:\/\/www.lefieu.fr\/wp-content\/uploads\/2020\/08\/IMG_28741.jpg 640w, https:\/\/www.lefieu.fr\/wp-content\/uploads\/2020\/08\/IMG_28741-300x225.jpg 300w\" sizes=\"auto, (max-width: 640px) 100vw, 640px\" \/><figcaption>Nouvel \u00e9clairage du ch\u0153ur et du prolongement de la nef<\/figcaption><\/figure>\n\n\n\n<figure class=\"wp-block-image size-large\"><img loading=\"lazy\" decoding=\"async\" width=\"1024\" height=\"646\" src=\"http:\/\/www.lefieu.fr\/wp-content\/uploads\/2020\/07\/20191218_222120-a-2-1024x646.jpg\" alt=\"\" class=\"wp-image-710\" srcset=\"https:\/\/www.lefieu.fr\/wp-content\/uploads\/2020\/07\/20191218_222120-a-2-1024x646.jpg 1024w, https:\/\/www.lefieu.fr\/wp-content\/uploads\/2020\/07\/20191218_222120-a-2-300x189.jpg 300w, https:\/\/www.lefieu.fr\/wp-content\/uploads\/2020\/07\/20191218_222120-a-2-768x485.jpg 768w, https:\/\/www.lefieu.fr\/wp-content\/uploads\/2020\/07\/20191218_222120-a-2-1536x970.jpg 1536w, https:\/\/www.lefieu.fr\/wp-content\/uploads\/2020\/07\/20191218_222120-a-2-2048x1293.jpg 2048w\" sizes=\"auto, (max-width: 1024px) 100vw, 1024px\" \/><figcaption>Fin 2019, mise en service du chauffage<\/figcaption><\/figure>\n\n\n\n<p><\/p>\n","protected":false},"excerpt":{"rendered":"<p>Comme tous les b\u00e2timents communaux, l&#8217;\u00e9glise St Nicolas doit \u00eatre entretenue par la commune&#8230; Depuis son arriv\u00e9e dans les paroisses de Gu\u00eetres, St Denis de Pile et de Coutras, le P\u00e8re Benjamin TINE a souhait\u00e9 faire revivre l&#8217;activit\u00e9 notre clocher et a voulu ainsi qu&#8217;une messe soit c\u00e9l\u00e9br\u00e9e tous les [&hellip;]<\/p>\n","protected":false},"author":1,"featured_media":708,"comment_status":"closed","ping_status":"closed","sticky":false,"template":"","format":"standard","meta":{"_s2mail":"","_themeisle_gutenberg_block_has_review":false,"footnotes":""},"categories":[6,12],"tags":[],"class_list":["post-707","post","type-post","status-publish","format-standard","has-post-thumbnail","hentry","category-informations","category-municipalite"],"_links":{"self":[{"href":"https:\/\/www.lefieu.fr\/index.php\/wp-json\/wp\/v2\/posts\/707","targetHints":{"allow":["GET"]}}],"collection":[{"href":"https:\/\/www.lefieu.fr\/index.php\/wp-json\/wp\/v2\/posts"}],"about":[{"href":"https:\/\/www.lefieu.fr\/index.php\/wp-json\/wp\/v2\/types\/post"}],"author":[{"embeddable":true,"href":"https:\/\/www.lefieu.fr\/index.php\/wp-json\/wp\/v2\/users\/1"}],"replies":[{"embeddable":true,"href":"https:\/\/www.lefieu.fr\/index.php\/wp-json\/wp\/v2\/comments?post=707"}],"version-history":[{"count":6,"href":"https:\/\/www.lefieu.fr\/index.php\/wp-json\/wp\/v2\/posts\/707\/revisions"}],"predecessor-version":[{"id":727,"href":"https:\/\/www.lefieu.fr\/index.php\/wp-json\/wp\/v2\/posts\/707\/revisions\/727"}],"wp:featuredmedia":[{"embeddable":true,"href":"https:\/\/www.lefieu.fr\/index.php\/wp-json\/wp\/v2\/media\/708"}],"wp:attachment":[{"href":"https:\/\/www.lefieu.fr\/index.php\/wp-json\/wp\/v2\/media?parent=707"}],"wp:term":[{"taxonomy":"category","embeddable":true,"href":"https:\/\/www.lefieu.fr\/index.php\/wp-json\/wp\/v2\/categories?post=707"},{"taxonomy":"post_tag","embeddable":true,"href":"https:\/\/www.lefieu.fr\/index.php\/wp-json\/wp\/v2\/tags?post=707"}],"curies":[{"name":"wp","href":"https:\/\/api.w.org\/{rel}","templated":true}]}}