{"id":886,"date":"2020-09-16T06:43:00","date_gmt":"2020-09-16T04:43:00","guid":{"rendered":"http:\/\/www.lefieu.fr\/?p=886"},"modified":"2020-09-16T06:47:11","modified_gmt":"2020-09-16T04:47:11","slug":"ouverture-restreinte-de-la-chasse","status":"publish","type":"post","link":"https:\/\/www.lefieu.fr\/index.php\/2020\/09\/16\/ouverture-restreinte-de-la-chasse\/","title":{"rendered":"Prolongation des restrictions de chasse&#8230;"},"content":{"rendered":"\n<div class=\"wp-block-image\"><figure class=\"aligncenter size-large is-resized\"><img loading=\"lazy\" decoding=\"async\" src=\"http:\/\/www.lefieu.fr\/wp-content\/uploads\/2020\/09\/th-3.jpg\" alt=\"\" class=\"wp-image-889\" width=\"299\" height=\"216\"\/><\/figure><\/div>\n\n\n\n<h1 class=\"wp-block-heading\"><strong><span style=\"color:#f40b17\" class=\"has-inline-color\"><span style=\"text-decoration: underline;\">Prolongation de l&#8217;interdiction de la chasse en for\u00eat \u00e0 partir de 14 heures<\/span><\/span><\/strong><\/h1>\n\n\n\n<p><span style=\"color:#f70a25\" class=\"has-inline-color\"><strong>Chers chasseresses, chers chasseurs, chers amis,<\/strong><\/span><\/p>\n\n\n\n<p><span style=\"color:#ff0628\" class=\"has-inline-color\"><strong>Comme le savez, les conditions m\u00e9t\u00e9orologiques exceptionnelles de ces derniers jours ont engendr\u00e9 la prise d&#8217;un arr\u00eat\u00e9 pr\u00e9fectoral pour interdire la chasse en for\u00eat \u00e0 partir de 14H pour lutter contre le risque d\u2019incendie.<\/strong><\/span><\/p>\n\n\n\n<p><span style=\"color:#f00e21\" class=\"has-inline-color\"><strong>Cet arr\u00eat\u00e9 a \u00e9t\u00e9 renouvel\u00e9 par la Pr\u00e9f\u00e8te le 14.09.2020 pour le 16,17 et 18 septembre.<\/strong><\/span><\/p>\n\n\n\n<div class=\"wp-block-file\"><a href=\"http:\/\/www.lefieu.fr\/wp-content\/uploads\/2020\/09\/arrt_prfectoral_du_14_septembre_2020_portant_suspension_temporaire_de_la_chasse.pdf\"><span style=\"color:#e10f16\" class=\"has-inline-color\"><em>Arr\u00eat\u00e9 du 14 septembre portant sur la suspension temporaire de la chasse<\/em><\/span><\/a><a href=\"http:\/\/www.lefieu.fr\/wp-content\/uploads\/2020\/09\/arrt_prfectoral_du_14_septembre_2020_portant_suspension_temporaire_de_la_chasse.pdf\" class=\"wp-block-file__button\" download>T\u00e9l\u00e9charger<\/a><\/div>\n\n\n\n<div class=\"wp-block-file\"><a href=\"http:\/\/www.lefieu.fr\/wp-content\/uploads\/2020\/09\/Arrt_du_20_mai_2019_listant_les_communes__dominante_forestire_de_Gironde.pdf\"><span style=\"color:#f50928\" class=\"has-inline-color\"><em>Arr\u00eat\u00e9 du 20 mai 2019 listant les communes \u00e0 dominante foresti\u00e8re en Gironde<\/em><\/span><\/a><a href=\"http:\/\/www.lefieu.fr\/wp-content\/uploads\/2020\/09\/Arrt_du_20_mai_2019_listant_les_communes__dominante_forestire_de_Gironde.pdf\" class=\"wp-block-file__button\" download>T\u00e9l\u00e9charger<\/a><\/div>\n\n\n\n<p>Chasseurs, un arr\u00eat\u00e9 de Madame la Pr\u00e9f\u00e8te pr\u00e9cise des mesures de suspension temporaire de la chasse en Gironde et en particulier dans les communes \u00e0 forte dominante foresti\u00e8re telle que Le Fieu.<\/p>\n\n\n\n<p><strong><span style=\"text-decoration: underline;\">Durant les 13, 14 et 15 septembre 2020, la chasse sera interdite de 14h \u00e0 22h<\/span><\/strong> comme le stipule l&#8217;extrait suivant.<\/p>\n\n\n\n<figure class=\"wp-block-image size-large is-resized\"><img loading=\"lazy\" decoding=\"async\" src=\"http:\/\/www.lefieu.fr\/wp-content\/uploads\/2020\/09\/2020-09-12_17h35_09-1024x149.png\" alt=\"\" class=\"wp-image-887\" width=\"822\" height=\"119\" srcset=\"https:\/\/www.lefieu.fr\/wp-content\/uploads\/2020\/09\/2020-09-12_17h35_09-1024x149.png 1024w, https:\/\/www.lefieu.fr\/wp-content\/uploads\/2020\/09\/2020-09-12_17h35_09-300x44.png 300w, https:\/\/www.lefieu.fr\/wp-content\/uploads\/2020\/09\/2020-09-12_17h35_09-768x112.png 768w, https:\/\/www.lefieu.fr\/wp-content\/uploads\/2020\/09\/2020-09-12_17h35_09.png 1028w\" sizes=\"auto, (max-width: 822px) 100vw, 822px\" \/><\/figure>\n\n\n\n<p>Ci-dessous, vous pourrez t\u00e9l\u00e9charger l&#8217;arr\u00eat\u00e9 complet.<\/p>\n\n\n\n<div class=\"wp-block-file\"><a href=\"http:\/\/www.lefieu.fr\/wp-content\/uploads\/2020\/09\/arre\u0302te\u0301_pre\u0301fectoral_du_11_septembre_2020_portant_suspension_temporaire_de_la_chasse.pdf\">arre\u0302te\u0301_pre\u0301fectoral_du_11_septembre_2020_portant_suspension_temporaire_de_la_chasse<\/a><a href=\"http:\/\/www.lefieu.fr\/wp-content\/uploads\/2020\/09\/arre\u0302te\u0301_pre\u0301fectoral_du_11_septembre_2020_portant_suspension_temporaire_de_la_chasse.pdf\" class=\"wp-block-file__button\" download>T\u00e9l\u00e9charger<\/a><\/div>\n","protected":false},"excerpt":{"rendered":"<p>Prolongation de l&#8217;interdiction de la chasse en for\u00eat \u00e0 partir de 14 heures Chers chasseresses, chers chasseurs, chers amis, Comme le savez, les conditions m\u00e9t\u00e9orologiques exceptionnelles de ces derniers jours ont engendr\u00e9 la prise d&#8217;un arr\u00eat\u00e9 pr\u00e9fectoral pour interdire la chasse en for\u00eat \u00e0 partir de 14H pour lutter contre [&hellip;]<\/p>\n","protected":false},"author":1,"featured_media":889,"comment_status":"closed","ping_status":"closed","sticky":false,"template":"","format":"standard","meta":{"_s2mail":"","_themeisle_gutenberg_block_has_review":false,"footnotes":""},"categories":[14,6],"tags":[],"class_list":["post-886","post","type-post","status-publish","format-standard","has-post-thumbnail","hentry","category-associations","category-informations"],"_links":{"self":[{"href":"https:\/\/www.lefieu.fr\/index.php\/wp-json\/wp\/v2\/posts\/886","targetHints":{"allow":["GET"]}}],"collection":[{"href":"https:\/\/www.lefieu.fr\/index.php\/wp-json\/wp\/v2\/posts"}],"about":[{"href":"https:\/\/www.lefieu.fr\/index.php\/wp-json\/wp\/v2\/types\/post"}],"author":[{"embeddable":true,"href":"https:\/\/www.lefieu.fr\/index.php\/wp-json\/wp\/v2\/users\/1"}],"replies":[{"embeddable":true,"href":"https:\/\/www.lefieu.fr\/index.php\/wp-json\/wp\/v2\/comments?post=886"}],"version-history":[{"count":5,"href":"https:\/\/www.lefieu.fr\/index.php\/wp-json\/wp\/v2\/posts\/886\/revisions"}],"predecessor-version":[{"id":914,"href":"https:\/\/www.lefieu.fr\/index.php\/wp-json\/wp\/v2\/posts\/886\/revisions\/914"}],"wp:featuredmedia":[{"embeddable":true,"href":"https:\/\/www.lefieu.fr\/index.php\/wp-json\/wp\/v2\/media\/889"}],"wp:attachment":[{"href":"https:\/\/www.lefieu.fr\/index.php\/wp-json\/wp\/v2\/media?parent=886"}],"wp:term":[{"taxonomy":"category","embeddable":true,"href":"https:\/\/www.lefieu.fr\/index.php\/wp-json\/wp\/v2\/categories?post=886"},{"taxonomy":"post_tag","embeddable":true,"href":"https:\/\/www.lefieu.fr\/index.php\/wp-json\/wp\/v2\/tags?post=886"}],"curies":[{"name":"wp","href":"https:\/\/api.w.org\/{rel}","templated":true}]}}